{"id":103941,"date":"2026-01-14T07:51:08","date_gmt":"2026-01-14T07:51:08","guid":{"rendered":"https:\/\/www.europesays.com\/lv\/103941\/"},"modified":"2026-01-14T07:51:08","modified_gmt":"2026-01-14T07:51:08","slug":"ka-trampa-politika-ietekme-galas-cenas-latvija","status":"publish","type":"post","link":"https:\/\/www.europesays.com\/lv\/103941\/","title":{"rendered":"K\u0101 Trampa politika ietekm\u0113 ga\u013cas cenas Latvij\u0101"},"content":{"rendered":"<p class=\"descr\">Eiropas Savien\u012bbas (ES) p\u0101rvaldnieki m\u0113\u0123in\u0101s iesaist\u012bties ASV prezidenta Donalda Trampa ies\u0101ktaj\u0101 Lat\u012b\u0146amerikas p\u0101rdal\u012b\u0161an\u0101. Par Eiropas guvumu no Lat\u012b\u0146amerikas labumiem vi\u0146i nol\u016bkoju\u0161i Argent\u012bnas bu\u013c\u013cus, lai eiropie\u0161i tiktu pie l\u0113ta steika.<\/p>\n<p><a href=\"https:\/\/nra.lv\/birka\/donalds-tramps\/\" target=\"_blank\" rel=\"noopener nofollow\">D. Trampa<\/a> personific\u0113tie pas\u0101kumi <a href=\"https:\/\/nra.lv\/birka\/venecuela\/\" target=\"_blank\" rel=\"noopener nofollow\">Venecu\u0113las<\/a> valsts vad\u012bt\u0101ju un naftas atrad\u0146u saimnieku nomai\u0146ai k\u013cuva par p\u0113d\u0113jo argumentu, kas padar\u012bja iesp\u0113jamu br\u012bv\u0101s tirdzniec\u012bbas l\u012bguma parakst\u012b\u0161anu starp ES no vienas puses un \u010detru Lat\u012b\u0146amerikas valstu Argent\u012bnas, Braz\u012blijas, Paragvajas un Urugvajas br\u012bv\u0101s tirdzniec\u012bbas savien\u012bbu \u201c<a href=\"https:\/\/nra.lv\/birka\/mercosur\/\" target=\"_blank\" rel=\"noopener nofollow\">Mercosur<\/a>\u201d no otras puses. Sarunas par l\u012bgumu rit\u0113ju\u0161as ilg\u0101k par 25 gadiem, kuru laik\u0101 parakst\u012bti vair\u0101ki l\u012bguma sagatavo\u0161anas dokumenti un vair\u0101kas reizes pl\u0101nots parakst\u012bt l\u012bgumu, kura parakst\u012b\u0161ana izjukusi p\u0113d\u0113j\u0101 br\u012bd\u012b. P\u0113rn\u0101 gada 23. decembr\u012b <a href=\"https:\/\/nra.lv\/neatkariga\/ekonomika\/509738-ek-plano-apcirpt-latvijas-lauksaimnieku-maku.htm\" data-item-link=\"true\" data-item-id=\"509738\" rel=\"nofollow noopener\" target=\"_blank\">\u201cNeatkar\u012bg\u0101\u201d r\u0101d\u012bja, k\u0101 18. decembr\u012b Brisel\u0113 tika dedzin\u0101tas riepas.<\/a> T\u0101d\u0101 veid\u0101 tika izjaukta 20. decembr\u012b paredz\u0113t\u0101 l\u012bguma parakst\u012b\u0161ana. Tika pazi\u0146ots par l\u012bguma parakst\u012b\u0161anas atlik\u0161anu uz n\u0101kamo, t.i., uz 2026. gadu, bet tikpat labi uz nezin\u0101mu n\u0101kotni, k\u0101 var\u0113ja spriest p\u0113c l\u012bguma sl\u0113g\u0161anas iepriek\u0161\u0113j\u0101s gaitas. Ta\u010du D. Trampa sar\u012bkotais 3. janv\u0101ra iebrukums Venecu\u0113l\u0101 izsita pasauli ar\u012b no t\u0101m slied\u0113m, pa kur\u0101m ES un \u201cMercosur\u201d l\u012bguma sl\u0113g\u0161ana tika ripin\u0101ta no viena gada uz katru n\u0101kamo gadu.<\/p>\n<p> Ja 25 gadus skaita, tad saskaita to, ko vajag <\/p>\n<p>ES z\u012bmols ir l\u0113mumu pie\u0146em\u0161ana ar visu dal\u012bbvalstu piekri\u0161anu, ta\u010du aiz \u0161\u012bs izk\u0101rtnes ir pasl\u0113ptas da\u017eas atrunas par atsevi\u0161\u0137iem gad\u012bjumiem, kuros l\u0113mumus dr\u012bkst pie\u0146emt ar \u201ckvalific\u0113to\u201d vair\u0101kumu p\u0113c noteiktiem krit\u0113rijiem: dal\u012bbvalstu skaita vair\u0101kumu, \u0161o valstu p\u0101rst\u0101v\u0113to iedz\u012bvot\u0101ju vair\u0101kumu vai Eiroparlamenta deput\u0101tu vair\u0101kumu. \u0160\u0101das pi\u0146\u0137er\u012bgas gr\u0101matved\u012bbas oper\u0101ciju rezult\u0101t\u0101 9. janv\u0101r\u012b tika pazi\u0146ots, ka ir sasniegts t\u0101ds vair\u0101kums, kas at\u013cauj l\u012bguma parakst\u012b\u0161anu. Lietas b\u016bt\u012bba t\u0101da, ka ES dal\u012bbvalstu v\u0113stnieku san\u0101ksm\u0113 Francija, Polija, Ung\u0101rija, Austrija un \u012arija balsoja pret l\u012bguma sl\u0113g\u0161anu, bet Be\u013c\u0123ijas p\u0101reja no balso\u0161anas pret uz attur\u0113\u0161anos \u013c\u0101va non\u0101kt l\u012bdz l\u012bguma sl\u0113g\u0161anu pie\u013caujo\u0161am balsu skaitam.<\/p>\n<p>Eiropas Komisijas prezidente Urzula fon der Leiena t\u016bl\u012bt pat nosauca balsu skait\u012b\u0161anas rezult\u0101tu par \u201cv\u0113sturisku\u201d un kop\u0101 ar Eiropadomes (kuru nedr\u012bkst sajaukt ar Eiropas Padomi &#8211; t\u0101s ir pavisam da\u017e\u0101das organiz\u0101cijas!) prezidentu Antoniu Ko\u0161tu po\u0161as uz Paragvaju, kas izv\u0113l\u0113ta par vietu l\u012bguma parakst\u012b\u0161anai sestdien, 17. janv\u0101r\u012b.<\/p>\n<p>Latvijas Zemkop\u012bbas ministrijas formul\u0113tie apsv\u0113rumi par labu l\u012bgumam t\u0101di, ka tas pav\u0113r\u0161ot pla\u0161\u0101kas eksporta iesp\u0113jas vispirms zivju p\u0101rstr\u0101des produktiem un atvieglos lopbar\u012bbas (sojas) sag\u0101di, kas svar\u012bgi, ja c\u012b\u0146a par resursiem pasaul\u0113 tik skarba k\u0101 tagad.<\/p>\n<p> Lielgabaliem liek pret\u012b br\u012bv\u0101s tirdzniec\u012bbas l\u012bgumu <\/p>\n<p>Iepriek\u0161 ES vad\u012btajiem ir n\u0101cies sa\u0146emt p\u0101rmetumus no Lat\u012b\u0146amerikas valstu vad\u012bt\u0101jiem par to, ka eiropie\u0161i vilcin\u0101s jeb pa\u0161i nezina, ko vi\u0146i \u012bsti grib. T\u0101du uzbr\u0113cienu EK sa\u0146\u0113musi ar\u012b tagad, kad Lat\u012b\u0146amerikas valst\u012bm svar\u012bgi par\u0101d\u012bt sevi uz pasaules skatuves ar l\u012bgumu sl\u0113g\u0161anu bez ASV (lamuv\u0101rdu noz\u012bm\u0113 par je\u0146\u0137iem vai gringo saukto amerik\u0101\u0146u) at\u013caujas. Tikpat dedz\u012bgi savu noz\u012bm\u012bbu pasaul\u0113 grib apliecin\u0101t ES un v\u0113l jo vair\u0101k savien\u012bbas p\u0101rvaldes iest\u0101\u017eu vad\u012bt\u0101ji person\u012bgi. Var sac\u012bt ar\u012b t\u0101, ka vi\u0146i steidzas uz Paragvaju, kam\u0113r tur tuvum\u0101 groz\u0101s no visas pasaules saradu\u0161ies \u017eurn\u0101listi, kuru uzdevums nepalaist gar\u0101m D. Trampa it k\u0101 sol\u012bto \u201cotro vilni\u201d iebrukumam Venecu\u0113l\u0101 vai varb\u016bt k\u0101das citas, v\u0113l nebiju\u0161as un iepriek\u0161 neiedom\u0101jamas atrakcijas.<\/p>\n<p>ES un \u201cMercosur\u201d ir vien\u0101di interes\u0113tas ar l\u012bguma parakst\u012b\u0161anu apliecin\u0101t savu sp\u0113ku (ietekmi, lemtsp\u0113ju jeb \u201csubjektivit\u0101ti&#8221;) atbilsto\u0161i tradicion\u0101lo \u0123eopolitisko sp\u0113\u013cu noteikumiem. L\u012bgumsl\u0113dz\u0113ji apiet faktu, ka l\u012bguma sl\u0113g\u0161anu dikt\u0113 ASV, Krievijas un ar\u012b \u0136\u012bnas apliecin\u0101t\u0101 gatav\u012bba ar vecajiem noteikumiem ner\u0113\u0137in\u0101ties. Tom\u0113r saprotams, ka v\u0101j\u0101k\u0101m valst\u012bm j\u0101r\u012bkojas savu sp\u0113ku un iesp\u0113ju robe\u017eas, pat ja galu gal\u0101 diplom\u0101tiskos \u017eestus neviens v\u0113r\u0101 ne\u0146ems un l\u012bgums starp ES un \u201cMercosur\u201d izr\u0101d\u012bsies mazv\u0113rt\u012bg\u0101ks par pap\u012bru, uz kura tas uzrakst\u012bts; izr\u0101d\u012bsies mazv\u0113rt\u012bg\u0101ks par daudzos miljonos eiro izsak\u0101mu naudas summu, kas gadsimta ceturk\u0161\u0146a laik\u0101 izt\u0113r\u0113ta l\u012bguma gatavo\u0161anai.<\/p>\n<p> K\u0101p\u0113c Latvija atbalsta V\u0101ciju <\/p>\n<p>\u0160eit nav iesp\u0113jams p\u0101rl\u016bkot to, k\u0101das pretrunas l\u012bgums varb\u016bt saasina katr\u0101 no \u201cMercosur\u201d dal\u012bbvalst\u012bm vai starp \u0161\u012bm dal\u012bbvalst\u012bm, bet ES gad\u012bjum\u0101 \u0161\u0137el\u0161an\u0101s notiek starp lauksaimniec\u012bbas un r\u016bpniec\u012bbas produktu ra\u017eot\u0101jiem, kuriem da\u017e\u0101d\u0101s ES dal\u012bbvalst\u012bs at\u0161\u0137ir\u012bgas iesp\u0113jas piespiest valsts apar\u0101tu atz\u012bt vai nu lauksaimnieku, vai r\u016bpnieku intereses par valsts jeb nacion\u0101laj\u0101m interes\u0113m.<\/p>\n<p>ES valstu l\u012bmen\u012b saka\u0161\u0137\u0113ju\u0161\u0101s V\u0101cija un Francija atbilsto\u0161i tam, k\u0101ds apjoms ir \u0161o valstu eksportam uz \u201cMercosur&#8221;. \u201cEurostat\u201d r\u0101da, ka V\u0101cijas eksports uz \u201cMercosur\u201d sasniedz 17,3 miljardus eiro gad\u0101, bet Francijas eksports &#8211; 5,9 miljardus eiro gad\u0101. \u0160ie dati tiek interpret\u0113ti k\u0101 eksporta starta potenci\u0101ls jeb skaitlis, ko br\u012bv\u0101 tirdzniec\u012bba at\u013caus sareizin\u0101t. Tad 2&#215;17 b\u016bs daudz vair\u0101k nek\u0101 2&#215;6, aizvien palielinot V\u0101cijas atr\u0101vienu &#8211; ien\u0101kumus un labumus &#8211; no br\u012bv\u0101s tirdzniec\u012bbas l\u012bguma attiec\u012bb\u0101 pret Franciju un cit\u0101m ES valst\u012bm ar maz\u0101ku eksporta starta potenci\u0101lu.<\/p>\n<p>Latvija st\u0101jusies V\u0101cijas sv\u012bt\u0101 ar p\u0101rliec\u012bbu, ka Latvijai ir sava da\u013ca V\u0101cijas eksport\u0101 uz \u201cMercosur&#8221;. Proti, ka V\u0101cija eksport\u0113 preces &#8211; gala produktus, kuros iestr\u0101d\u0101tas Latvij\u0101 ra\u017eotas deta\u013cas, kas figur\u0113ju\u0161as Latvijas eksport\u0101 uz V\u0101ciju. \u0160is eksporta apjoms par vair\u0101k\u0101m k\u0101rt\u0101m liel\u0101ks, nek\u0101 Latvija sp\u0113j eksport\u0113t uz \u201cMercosur\u201d valst\u012bm patst\u0101v\u012bgi.<\/p>\n<p>J\u0101atz\u012bm\u0113 ar\u012b tas, ka absol\u016btos skait\u013cos nelielais profic\u012bts tirdzniec\u012bb\u0101 ar \u201cMercosur\u201d kaut mazliet m\u012bkstina milz\u012bgo defic\u012btu tirdzniec\u012bb\u0101 ar V\u0101ciju. P\u0113c Centr\u0101l\u0101s statistikas p\u0101rvaldes datiem, pag\u0101ju\u0161\u0101 gada 11 m\u0113ne\u0161os Latvija eksport\u0113jusi uz V\u0101ciju preces par 1,22 miljardiem eiro, bet import\u0113jusi no V\u0101cijas &#8211; par 2,58 miljardiem eiro. Tirdzniec\u012bba ar \u201cMercosour\u201d iek\u013caujas amplit\u016bd\u0101 no da\u017eiem desmitiem miljonu l\u012bdz desmitiem t\u016bksto\u0161u eiro:<\/p>\n<tr>\n<td style=\"width: 20%;\"> <\/td>\n<td style=\"width: 20%;\">\n<p>Argent\u012bna<\/p>\n<\/td>\n<td style=\"width: 20%;\">Braz\u012blija<\/td>\n<td style=\"width: 20%;\">Paragvaja<\/td>\n<td style=\"width: 20%;\">Urugvaja<\/td>\n<\/tr>\n<tr>\n<td style=\"width: 20%;\">Eksports<\/td>\n<td style=\"width: 20%;\">33 262 073<\/td>\n<td style=\"width: 20%;\">22 385 095<\/td>\n<td style=\"width: 20%;\">11 484 106<\/td>\n<td style=\"width: 20%;\">617 805<\/td>\n<\/tr>\n<tr>\n<td style=\"width: 20%;\">Imports<\/td>\n<td style=\"width: 20%;\">7 165 544<\/td>\n<td style=\"width: 20%;\">12 864 733<\/td>\n<td style=\"width: 20%;\">866 896<\/td>\n<td style=\"width: 20%;\">55 089<\/td>\n<\/tr>\n<p>     Lauksaimniekus mierina ar naudu un uzbr\u0113cieniem <\/p>\n<p>Tikpat b\u016btiska k\u0101 \u0161\u0137el\u0161an\u0101s starp valst\u012bm ir \u0161\u0137el\u0161an\u0101s starp \u0161\u0137ir\u0101m katr\u0101 no valst\u012bm &#8211; visi Eiropas lauksaimnieki pret l\u012bgumu ar \u201cMercosur\u201d un visi r\u016bpnieki, k\u0101 ar\u012b r\u016bpniec\u012bbai pielipu\u0161ie finansisti, tirgot\u0101ji, zin\u0101tnieki, politi\u0137i par l\u012bgumu kaut ar atrun\u0101m, ka ES pla\u0161umos var atrast iz\u0146\u0113mumus, ar k\u0101diem apstr\u012bd\u0113t jebkuru apgalvojumu. ES lauksaimnieki nor\u0101da uz \u201cMercosur\u201d lauksaimnieku priek\u0161roc\u012bb\u0101m audz\u0113t liellopus pla\u0161\u0101k\u0101s teritorij\u0101s, k\u0101du bl\u012bvi apdz\u012bvotaj\u0101 Eirop\u0101 zemniekiem nav, un lietot pestic\u012bdus, k\u0101di Eirop\u0101 aizliegti gan iedz\u012bvot\u0101ju bl\u012bvuma, gan v\u0113sturisku tingentange\u013cu d\u0113\u013c.<\/p>\n<p>Lauksaimniekus varb\u016bt var mierin\u0101t ar to, ka l\u012bguma parakst\u012b\u0161ana notiek t\u0101p\u0113c, lai demonstr\u0113tu l\u012bguma parakst\u012b\u0161anu. Past\u0101v cer\u012bbas uz t\u0101du l\u012bgumu, kas paredz\u0113s savu izpildi &#8211; br\u012bvo tirdzniec\u012bbu &#8211; s\u0101kt nep\u0101rskat\u0101mi t\u0101l\u0101 n\u0101kotn\u0113 un veid\u0101, kura saska\u0146o\u0161ana var vilkties t\u0101pat k\u0101 l\u012bguma izstr\u0101d\u0101\u0161ana. Ir atrodami t\u0101di atst\u0101st\u012bjumi par l\u012bguma projektu, ka, piem\u0113ram, muitas likmes ES (v\u0101cu) automa\u0161\u012bn\u0101m no pa\u0161reiz\u0113jiem 35% l\u012bdz nullei tik\u0161ot samazin\u0101tas 15 gadu laik\u0101 un ka tikai nelielu Lat\u012b\u0146amerikas lauksaimniec\u012bbas pre\u010du sortimentu ES uzreiz at\u013caus ievest uz br\u012bvtirdzniec\u012bbas nosac\u012bjumiem.<\/p>\n<p>Zemkop\u012bbas ministrija tom\u0113r dal\u0101s ar ba\u017e\u0101m, ka kvotas liellopu ga\u013cas un c\u016bkga\u013cas ieve\u0161anai ES ir pie\u0161\u0137\u012brusi: &#8220;Neskatoties uz to, ka Latvija tie\u0161i no &#8220;Mercosur&#8221; neimport\u0113 \u0161os produktus, nozares Latvij\u0101 var ciest netie\u0161i, jo, pieaugot importam ES kopum\u0101, palielin\u0101sies cenas zi\u0146\u0101 augsti konkur\u0113tsp\u0113j\u012bgas produkcijas pied\u0101v\u0101jums ES tirg\u016b, apdraudot Latvijas ra\u017eot\u0101ju produkcijas realiz\u0101cijas iesp\u0113jas.&#8221; Ja t\u0101 tas tie\u0161\u0101m notiktu, tad lauksaimnieku zaud\u0113jumiem j\u0101k\u013c\u016bst par ieguvumiem steiku u.tml. produktu pat\u0113r\u0113t\u0101jiem.<\/p>\n<p>Lauksaimnieku mierin\u0101\u0161anai tiek izmantota rait\u0101ka ES atbalsta maks\u0101jumu veik\u0161ana un ievedmuitu samazin\u0101\u0161ana miner\u0101lm\u0113sliem, kas ra\u017eoti \u0101rpus ES. St\u012bv\u0113\u0161an\u0101s ap visda\u017e\u0101d\u0101kajiem atbalsta pas\u0101kumiem turpin\u0101s. Latvija sol\u0101s uzman\u012bt, lai Eiropas Komisija \u0146emtu v\u0113r\u0101 potenci\u0101los riskus ES lauksaimniekiem, veiktu nep\u0101rtrauktu tirgus uzraudz\u012bbu un ierobe\u017eotu importu, ja tas apdraud\u0113tu viet\u0113jos ra\u017eot\u0101jus.<\/p>\n<p>No Eiropas Komisijas lauksaimnieki sa\u0146em ne vien naudu, bet ar\u012b m\u0101jienus, ka naudas tiek dots p\u0101r\u0101k daudz. \u0160\u012b nauda uztur ra\u017eo\u0161anu liel\u0101k\u0101 apjom\u0101, nek\u0101 &#8211; vismaz aritm\u0113tiski &#8211; vajadz\u012bgs ES iedz\u012bvot\u0101ju pabaro\u0161anai. Latvijas Lauku atbalsta dienests jau ir publiskojis, ka 2025. gad\u0101 izmaks\u0101jis lauksaimniekiem 752 miljonus eiro. Tas izr\u0101d\u0101s slikti, ka ES un taj\u0101 skait\u0101 Latvija eksport\u0113 dot\u0113t\u0101s lauksaimniec\u012bbas produktus \u0101rpus ES &#8211; baro pasauli da\u013c\u0113ji uz ES nodok\u013cu maks\u0101t\u0101ju r\u0113\u0137ina.<\/p>\n<p>\t\t\t\t\t\tinfo<\/p>\n<p>Uzzini pirmais<br \/>kas interesants noticis Latvij\u0101 un pasaul\u0113,<br \/>pievienojoties mums <a href=\"https:\/\/t.me\/neatkariga\" rel=\"nofollow\">Telegram<\/a> vai <a href=\"https:\/\/whatsapp.com\/channel\/0029VaMLFUH5K3zLU5s4wm3y\" rel=\"nofollow noopener\" target=\"_blank\">Whatsapp<\/a> kan\u0101l\u0101<\/p>\n","protected":false},"excerpt":{"rendered":"Eiropas Savien\u012bbas (ES) p\u0101rvaldnieki m\u0113\u0123in\u0101s iesaist\u012bties ASV prezidenta Donalda Trampa ies\u0101ktaj\u0101 Lat\u012b\u0146amerikas p\u0101rdal\u012b\u0161an\u0101. Par Eiropas guvumu no Lat\u012b\u0146amerikas&hellip;\n","protected":false},"author":2,"featured_media":103942,"comment_status":"","ping_status":"","sticky":false,"template":"","format":"standard","meta":{"footnotes":""},"categories":[14],"tags":[23,57,28,29,32,33,22,30,31,35,39,38,36,37,34,40,20,26,27,24,25,54,55,56,21,58],"class_list":{"0":"post-103941","1":"post","2":"type-post","3":"status-publish","4":"format-standard","5":"has-post-thumbnail","7":"category-zinas-no-arvalstim","8":"tag-aktualitates","9":"tag-arvalstim","10":"tag-breaking-news","11":"tag-breakingnews","12":"tag-featured-news","13":"tag-featurednews","14":"tag-headlines","15":"tag-latest-news","16":"tag-latestnews","17":"tag-latvia","18":"tag-latvian","19":"tag-latviesu","20":"tag-latviesu-valoda","21":"tag-latviesuvaloda","22":"tag-latvija","23":"tag-lv","24":"tag-news","25":"tag-popularakas-zinas","26":"tag-popularakaszinas","27":"tag-top-stories","28":"tag-topstories","29":"tag-world","30":"tag-world-news","31":"tag-worldnews","32":"tag-zinas","33":"tag-zinas-no-arvalstim"},"share_on_mastodon":{"url":"https:\/\/pubeurope.com\/@lv\/115892367176248726","error":""},"_links":{"self":[{"href":"https:\/\/www.europesays.com\/lv\/wp-json\/wp\/v2\/posts\/103941","targetHints":{"allow":["GET"]}}],"collection":[{"href":"https:\/\/www.europesays.com\/lv\/wp-json\/wp\/v2\/posts"}],"about":[{"href":"https:\/\/www.europesays.com\/lv\/wp-json\/wp\/v2\/types\/post"}],"author":[{"embeddable":true,"href":"https:\/\/www.europesays.com\/lv\/wp-json\/wp\/v2\/users\/2"}],"replies":[{"embeddable":true,"href":"https:\/\/www.europesays.com\/lv\/wp-json\/wp\/v2\/comments?post=103941"}],"version-history":[{"count":0,"href":"https:\/\/www.europesays.com\/lv\/wp-json\/wp\/v2\/posts\/103941\/revisions"}],"wp:featuredmedia":[{"embeddable":true,"href":"https:\/\/www.europesays.com\/lv\/wp-json\/wp\/v2\/media\/103942"}],"wp:attachment":[{"href":"https:\/\/www.europesays.com\/lv\/wp-json\/wp\/v2\/media?parent=103941"}],"wp:term":[{"taxonomy":"category","embeddable":true,"href":"https:\/\/www.europesays.com\/lv\/wp-json\/wp\/v2\/categories?post=103941"},{"taxonomy":"post_tag","embeddable":true,"href":"https:\/\/www.europesays.com\/lv\/wp-json\/wp\/v2\/tags?post=103941"}],"curies":[{"name":"wp","href":"https:\/\/api.w.org\/{rel}","templated":true}]}}