{"id":103945,"date":"2026-01-14T07:53:08","date_gmt":"2026-01-14T07:53:08","guid":{"rendered":"https:\/\/www.europesays.com\/lv\/103945\/"},"modified":"2026-01-14T07:53:08","modified_gmt":"2026-01-14T07:53:08","slug":"nosledzies-konkurss-ziemassvetki-2025-apbalvoti-skaistakie-ziemassvetku-noformejumi-ventspils-pilseta","status":"publish","type":"post","link":"https:\/\/www.europesays.com\/lv\/103945\/","title":{"rendered":"Nosl\u0113dzies konkurss \u201cZiemassv\u0113tki 2025\u201d \u2013 apbalvoti skaist\u0101kie Ziemassv\u0113tku noform\u0113jumi Ventspils pils\u0113t\u0101"},"content":{"rendered":"<p>Nosl\u0113dzies Ventspils valstspils\u0113tas pa\u0161vald\u012bbas r\u012bkotais konkurss \u201cZiemassv\u0113tki 2025\u201d, kur\u0101 tika v\u0113rt\u0113ti konkursam pieteiktie sv\u0113tku noform\u0113jumi \u0113ku fas\u0101d\u0113m, skatlogiem un pagalmiem Ventspils pils\u0113t\u0101.\u00a0<\/p>\n<p>Konkursam tika pieteikts 31\u00a0Ziemassv\u0113tku noform\u0113jums, par ko iedz\u012bvot\u0101jiem bija iesp\u0113jams balsot pa\u0161vald\u012bbas ofici\u0101laj\u0101 t\u012bmek\u013cvietn\u0113 Ventspils.lv, nosakot uzvar\u0113t\u0101ju nomin\u0101cij\u0101 \u201cSkat\u012bt\u0101ju simp\u0101tija\u201d. Skat\u012bt\u0101ju v\u0113rt\u0113jum\u0101 uzvar\u0113ja Pirmsskolas izgl\u012bt\u012bbas iest\u0101des \u201cVarav\u012bksne\u201d Ug\u0101les \u00a0iel\u0101 15, Ventspil\u012b noform\u0113jums, kas sa\u0146\u0113ma 43% no kopum\u0101 aptauj\u0101 sa\u0146emtaj\u0101m 9365 bals\u012bm.<\/p>\n<p>Konkursa v\u0113rt\u0113\u0161anas komisija sv\u0113tku noform\u0113jumus v\u0113rt\u0113ja \u010detr\u0101s nomin\u0101cij\u0101s, apskatot tos uz vietas, un par lab\u0101kajiem, atbilsto\u0161i konkursa nolikumam, tika atz\u012bti:<\/p>\n<p>Nomin\u0101cij\u0101 \u201cLab\u0101kais skatlogu un\/vai ieejas mezgla sv\u0113tku noform\u0113jums\u201d:<\/p>\n<ul class=\"wp-block-list\">\n<li>1.vietu ieguva \u0113kas P\u0113tera iel\u0101 21, Ventspil\u012b logu noform\u0113jums. \u0112kas logiem visas ielas fas\u0101des frontes garum\u0101 ir izveidots sirsn\u012bgs un deta\u013c\u0101s izstr\u0101d\u0101ts noform\u0113jums, kas izraisa patiesu interesi gar\u0101mg\u0101j\u0113jiem un lieliski dekor\u0113 pils\u0113tvidi.<\/li>\n<li>2.vietu sa\u0146\u0113ma kafijas veikala \u201cJM LUXURY\u201d skatlogs J\u016bras iel\u0101 10, Ventspil\u012b.<\/li>\n<li>3.vietu sa\u0146\u0113ma Ventspils Izgl\u012bt\u012bbas p\u0101rvalde Rai\u0146a\u00a0 iel\u0101 10, Ventspil\u012b ieejas mezgla noform\u0113jums.<\/li>\n<\/ul>\n<p>Nomin\u0101cij\u0101 \u201cLab\u0101kais publisk\u0101s \u0113kas sv\u0113tku noform\u0113jums\u201d:<\/p>\n<ul class=\"wp-block-list\">\n<li>1.vietu ieguva kl\u012bnikas \u201cZINTA\u201d \u0113kas un teritorijas Liel\u0101 iel\u0101 16, Ventspil\u012b noform\u0113jums, kas izc\u0113l\u0101s ar izsmalcin\u0101tu eleganci un gaum\u012bgiem rot\u0101jumiem, kas saskan\u012bgi iek\u013c\u0101v\u0101s vecpils\u0113tas vid\u0113.<\/li>\n<li>2.vietu sa\u0146\u0113ma kafejn\u012bcas \u201c\u0112RMAN\u012aTIS\u201d \u0113kas noform\u0113jums Saules iel\u0101 16, Ventspil\u012b.<\/li>\n<li>3. vietu sa\u0146\u0113ma kl\u012bnikas \u201cZINTA\u201d Liel\u0101 Dzirnavu iel\u0101 18, Ventspil\u012b noform\u0113jums.<\/li>\n<\/ul>\n<p>Nomin\u0101cij\u0101 \u201cLab\u0101kais izgl\u012bt\u012bbas\u00a0 iest\u0101des\u00a0 \u0113kas\u00a0 sv\u0113tku\u00a0 noform\u0113jums\u201d:<\/p>\n<ul class=\"wp-block-list\">\n<li>1. vietu ieguva Pirmsskolas izgl\u012bt\u012bbas iest\u0101des \u201cBit\u012bte\u201d Kuld\u012bgas \u00a0134, Ventspil\u012b noform\u0113jums. B\u0113rnud\u0101rza \u201cBit\u012bte\u201d noform\u0113jums izc\u0113l\u0101s ar inovat\u012bviem dekor\u0113jumiem ne tikai \u0113kai un rota\u013cu pagalmam, bet ar\u012b ori\u0123in\u0101lu un stilistiski vienotu dekor\u0113jumu teritorijas no\u017eogojumam.<\/li>\n<li>2. vietu sa\u0146\u0113ma Atbalsta centra \u0123imen\u0113m un b\u0113rniem ar \u012bpa\u0161\u0101m vajadz\u012bb\u0101m \u201cCimdi\u0146\u0161\u201d \u0113ka Kuld\u012bgas iel\u0101 4, Ventspil\u012b elegantais noform\u0113jums. <\/li>\n<li>3. vietu sa\u0146\u0113ma pirmsskolas izgl\u012bt\u012bbas iest\u0101des \u00a0\u201cVarav\u012bksne\u201d Ug\u0101les iel\u0101 15, Ventspil\u012b noform\u0113jums. <\/li>\n<\/ul>\n<p>Nomin\u0101cij\u0101 \u201cLab\u0101kais dz\u012bvojam\u0101s \u0113kas sv\u0113tku noform\u0113jums\u201d:<\/p>\n<ul class=\"wp-block-list\">\n<li>1.vietu ieguva dz\u012bvojam\u0101s \u0113kas Dzelzce\u013cnieku iel\u0101 16, Ventspil\u012b noform\u0113jums. T\u0101pat k\u0101 iepriek\u0161\u0113j\u0101 gad\u0101noform\u0113jums bija paman\u0101ms pils\u0113t\u0101 un daudzus p\u0101rsteidza ar dekoru apjomu. \u0160aj\u0101 gad\u0101 ar\u012b ar b\u016btisku stilistisko un kompozicion\u0101lo uzlabojumu. \u00a0V\u0113rt\u0113\u0161anas komisija nov\u0113rt\u0113ja ieguld\u012bto darbu, precizit\u0101ti un nesavt\u012bgo atdevi idejas realiz\u0113\u0161anai.<\/li>\n<li>2.vietu sa\u0146\u0113ma dz\u012bvojam\u0101s \u0113kas Vasarn\u012bcu iel\u0101 48, Ventspil\u012b noform\u0113jums.<\/li>\n<li>3.vietu sa\u0146\u0113ma daudzdz\u012bvok\u013cu dz\u012bvojam\u0101s \u0113kas Gan\u012bbu iel\u0101 116, Ventspil\u012b noform\u0113jums. <\/li>\n<\/ul>\n<p>Noform\u0113jumu konkursa \u201eZiemassv\u0113tki 2025\u201d visu piecu nomin\u0101ciju pirmo vietu ieguv\u0113ji sa\u0146\u0113ma Ventspils valstspils\u0113tas pa\u0161vald\u012bbas Atzin\u012bbas rakstu un naudas balvu 300 EUR apm\u0113r\u0101.<\/p>\n<p>\u0160aj\u0101 gadu mij\u0101 ventspilnieki bija \u012bpa\u0161i d\u0101sni, izrot\u0101jot pils\u0113tu, sv\u0113tku rot\u0101jumi bija sastopami teju katr\u0101 iel\u0101 un pils\u0113tas nost\u016br\u012b. Tie rad\u012bja gai\u0161u, kr\u0101sainu un paman\u0101mu sv\u0113tku noska\u0146u, ko var\u0113ja tikai baud\u012bt.<\/p>\n<p>Ventspils valstspils\u0113tas pa\u0161vald\u012bba izsaka sirsn\u012bgu pateic\u012bbu visiem, kuri izrot\u0101ja savus namus, pagalmus, teritorijas, logus, skatlogus, balkonus, lod\u017eijas, ieejas mezglus un citas apk\u0101rtnes deta\u013cas. J\u016bsu ieguld\u012bjums pils\u0113tvid\u0113 bija paman\u012bts un nov\u0113rt\u0113ts neatkar\u012bgi no t\u0101, vai dal\u012bba konkurs\u0101 tika pieteikta.<\/p>\n<p>Paldies Jums visiem!<\/p>\n","protected":false},"excerpt":{"rendered":"Nosl\u0113dzies Ventspils valstspils\u0113tas pa\u0161vald\u012bbas r\u012bkotais konkurss \u201cZiemassv\u0113tki 2025\u201d, kur\u0101 tika v\u0113rt\u0113ti konkursam pieteiktie sv\u0113tku noform\u0113jumi \u0113ku fas\u0101d\u0113m, skatlogiem&hellip;\n","protected":false},"author":2,"featured_media":103946,"comment_status":"","ping_status":"","sticky":false,"template":"","format":"standard","meta":{"footnotes":""},"categories":[5],"tags":[23,28,29,32,33,22,30,31,35,39,38,36,37,34,40,20,26,27,24,25,21],"class_list":{"0":"post-103945","1":"post","2":"type-post","3":"status-publish","4":"format-standard","5":"has-post-thumbnail","7":"category-aktualitates","8":"tag-aktualitates","9":"tag-breaking-news","10":"tag-breakingnews","11":"tag-featured-news","12":"tag-featurednews","13":"tag-headlines","14":"tag-latest-news","15":"tag-latestnews","16":"tag-latvia","17":"tag-latvian","18":"tag-latviesu","19":"tag-latviesu-valoda","20":"tag-latviesuvaloda","21":"tag-latvija","22":"tag-lv","23":"tag-news","24":"tag-popularakas-zinas","25":"tag-popularakaszinas","26":"tag-top-stories","27":"tag-topstories","28":"tag-zinas"},"share_on_mastodon":{"url":"https:\/\/pubeurope.com\/@lv\/115892374915324446","error":""},"_links":{"self":[{"href":"https:\/\/www.europesays.com\/lv\/wp-json\/wp\/v2\/posts\/103945","targetHints":{"allow":["GET"]}}],"collection":[{"href":"https:\/\/www.europesays.com\/lv\/wp-json\/wp\/v2\/posts"}],"about":[{"href":"https:\/\/www.europesays.com\/lv\/wp-json\/wp\/v2\/types\/post"}],"author":[{"embeddable":true,"href":"https:\/\/www.europesays.com\/lv\/wp-json\/wp\/v2\/users\/2"}],"replies":[{"embeddable":true,"href":"https:\/\/www.europesays.com\/lv\/wp-json\/wp\/v2\/comments?post=103945"}],"version-history":[{"count":0,"href":"https:\/\/www.europesays.com\/lv\/wp-json\/wp\/v2\/posts\/103945\/revisions"}],"wp:featuredmedia":[{"embeddable":true,"href":"https:\/\/www.europesays.com\/lv\/wp-json\/wp\/v2\/media\/103946"}],"wp:attachment":[{"href":"https:\/\/www.europesays.com\/lv\/wp-json\/wp\/v2\/media?parent=103945"}],"wp:term":[{"taxonomy":"category","embeddable":true,"href":"https:\/\/www.europesays.com\/lv\/wp-json\/wp\/v2\/categories?post=103945"},{"taxonomy":"post_tag","embeddable":true,"href":"https:\/\/www.europesays.com\/lv\/wp-json\/wp\/v2\/tags?post=103945"}],"curies":[{"name":"wp","href":"https:\/\/api.w.org\/{rel}","templated":true}]}}