{"id":103947,"date":"2026-01-14T07:55:10","date_gmt":"2026-01-14T07:55:10","guid":{"rendered":"https:\/\/www.europesays.com\/lv\/103947\/"},"modified":"2026-01-14T07:55:10","modified_gmt":"2026-01-14T07:55:10","slug":"dzeimss-un-doncics-neatstaj-hawks-ceribas-uz-panakumu-delfi","status":"publish","type":"post","link":"https:\/\/www.europesays.com\/lv\/103947\/","title":{"rendered":"D\u017eeimss un Don\u010di\u010ds neatst\u0101j &quot;Hawks&quot; cer\u012bbas uz pan\u0101kumu &#8211; Delfi"},"content":{"rendered":"<ol>\n<li><a href=\"https:\/\/news.google.com\/rss\/articles\/CBMisAFBVV95cUxNenJFU0F0dDFiM3Rqa09ickpaMnMzV3BQVUVCUUxndEtJVXB2ODdIN1NuVlM4OVFvRzJIdVNwRWlNckI5X2pfSXR6aGQ4M3FZUGxxT2wyWFNWWjBFMURRUTJtczI0VF9tLVBtSDB4THdlaEFvQ0ZRd3BEUER1dloxYXRKU01XQ0p5QVFIQmtlYXhBUzhGLWxXSmJkVlpqTEV4dFd4dHhfNEpidXpwSHpweg?oc=5\" target=\"_blank\" rel=\"nofollow noopener\">D\u017eeimss un Don\u010di\u010ds neatst\u0101j &#8220;Hawks&#8221; cer\u012bbas uz pan\u0101kumu<\/a>&nbsp;&nbsp;Delfi<\/li>\n<li><a href=\"https:\/\/news.google.com\/rss\/articles\/CBMifkFVX3lxTE5jYzhmUUdNNFJvbUtKemxteEtaZy1HNVJGaEFWYkYxVEJ4cWdfeXA5MUplbjFtQU4zY0ZsZWhadkJoZ3BFM2JuNTZYVW5LSzhWNXAzLVFHQ25UN1VUb1RRSXVNNDVwaWJraEZLTmpaVkx4SUVPbER0b2RNbUs4dw?oc=5\" target=\"_blank\" rel=\"nofollow noopener\">&#8220;Hawks&#8221; bez Porzi\u0146\u0123a atz\u012bst &#8220;Lakers&#8221; p\u0101r\u0101kumu<\/a>&nbsp;&nbsp;TVNET Sports<\/li>\n<li><a href=\"https:\/\/news.google.com\/rss\/articles\/CBMimgFBVV95cUxObzlreEhndVZEMVJpUXpxbDdLRHFmcDlaeE1sM192b2xiamU3VXltLXUxYXJqYm1RV1RNYkhEbnI4cU5KT0NSRGtjcXdYTFRWd2draDFfTTgzZF9QcjV0dE1WS1U3aGZPaHo0ZFNPbUxoSFBsUUhsYkVhZEJhLWRqTzlXTDNmR2xnd0hmMVozZFJxMXlVX1M0WTJB?oc=5\" target=\"_blank\" rel=\"nofollow noopener\">Porzi\u0146\u0123is atkal nesp\u0113l\u0113; &#8220;Hawks&#8221; izc\u012bna uzvaru p\u0101r &#8220;Warriors&#8221;<\/a>&nbsp;&nbsp;Jauns.lv<\/li>\n<li><a href=\"https:\/\/news.google.com\/rss\/articles\/CBMiswFBVV95cUxNZXFwQU5xcmJqY0NSNWJqYTdXZ0hOd3NyUk85UV8zZm5OQjB0b1Z1MjZEdU04Z2gtaGF1V1M4NW1FNXBLbHdFZXBObklOZFhUOVctQVF1aDVCUnJyMk1HOEd5ZXJISEZNQXpsTU1mVzZqU3ViWTBpNGdCUjFaaHFqb1VOSkdfYmhPWHVpZVJrZ0l0MVh2a1BOQ2JCdmpiTllpYVNncDBfQWFLdTJNSUpMSnNDaw?oc=5\" target=\"_blank\" rel=\"nofollow noopener\">K\u0101p\u0113c Porzi\u0146\u0123is vairs nedodas laukum\u0101 Atlantas \u201cHawks\u201d s\u0101kumsast\u0101v\u0101?<\/a>&nbsp;&nbsp;liepajniekiem.lv<\/li>\n<li><a href=\"https:\/\/news.google.com\/rss\/articles\/CBMi1AFBVV95cUxOTHVGNVlNdGlJMzl3Z3hqWFV4WjZ6RDVpaDg5UHVNT2NtRnctQVlWUUlYMmxsQzI1LVVmNlVDbTFjNUNFRGxFX3ZzZVNBSmpQOW1qT3ZqV1h4RDFNbjZJWE5KaDFWRkFISGYwcEd2RWpNdFpReDEyTDN1S1RGRXpEOWwycjB5TjllTU5paVhmejJ3eHBRQXpyRkZhWjRVX3F0djhtTWw1SnM4d3RWd3RrM2Z4cDBUQkVuTDBjV0NMZTlRYVY2YXBJLXFSVHg2eDZwOGRnTw?oc=5\" target=\"_blank\" rel=\"nofollow noopener\">\u201cHawks\u201d izbraukum\u0101 apsp\u0113l\u0113 savainojumu nomoc\u012bto Denveras \u201cNuggets\u201d p\u0113c Trae Janga mai\u0146as<\/a>&nbsp;&nbsp;Lente.lv<\/li>\n<\/ol>\n","protected":false},"excerpt":{"rendered":"D\u017eeimss un Don\u010di\u010ds neatst\u0101j &#8220;Hawks&#8221; cer\u012bbas uz pan\u0101kumu&nbsp;&nbsp;Delfi &#8220;Hawks&#8221; bez Porzi\u0146\u0123a atz\u012bst &#8220;Lakers&#8221; p\u0101r\u0101kumu&nbsp;&nbsp;TVNET Sports Porzi\u0146\u0123is atkal nesp\u0113l\u0113;&hellip;\n","protected":false},"author":2,"featured_media":103948,"comment_status":"","ping_status":"","sticky":false,"template":"","format":"standard","meta":{"footnotes":""},"categories":[17],"tags":[6877,1260,5258,35,39,38,36,37,34,5259,5787,40,1258,67,6655],"class_list":{"0":"post-103947","1":"post","2":"type-post","3":"status-publish","4":"format-standard","5":"has-post-thumbnail","7":"category-sports","8":"tag-hawks-atlanta","9":"tag-kristaps-porzingis","10":"tag-lakers","11":"tag-latvia","12":"tag-latvian","13":"tag-latviesu","14":"tag-latviesu-valoda","15":"tag-latviesuvaloda","16":"tag-latvija","17":"tag-lebrons-dzeimss","18":"tag-luka-doncics","19":"tag-lv","20":"tag-nba","21":"tag-sports","22":"tag-trejs-jangs"},"share_on_mastodon":{"url":"https:\/\/pubeurope.com\/@lv\/115892382857136223","error":""},"_links":{"self":[{"href":"https:\/\/www.europesays.com\/lv\/wp-json\/wp\/v2\/posts\/103947","targetHints":{"allow":["GET"]}}],"collection":[{"href":"https:\/\/www.europesays.com\/lv\/wp-json\/wp\/v2\/posts"}],"about":[{"href":"https:\/\/www.europesays.com\/lv\/wp-json\/wp\/v2\/types\/post"}],"author":[{"embeddable":true,"href":"https:\/\/www.europesays.com\/lv\/wp-json\/wp\/v2\/users\/2"}],"replies":[{"embeddable":true,"href":"https:\/\/www.europesays.com\/lv\/wp-json\/wp\/v2\/comments?post=103947"}],"version-history":[{"count":0,"href":"https:\/\/www.europesays.com\/lv\/wp-json\/wp\/v2\/posts\/103947\/revisions"}],"wp:featuredmedia":[{"embeddable":true,"href":"https:\/\/www.europesays.com\/lv\/wp-json\/wp\/v2\/media\/103948"}],"wp:attachment":[{"href":"https:\/\/www.europesays.com\/lv\/wp-json\/wp\/v2\/media?parent=103947"}],"wp:term":[{"taxonomy":"category","embeddable":true,"href":"https:\/\/www.europesays.com\/lv\/wp-json\/wp\/v2\/categories?post=103947"},{"taxonomy":"post_tag","embeddable":true,"href":"https:\/\/www.europesays.com\/lv\/wp-json\/wp\/v2\/tags?post=103947"}],"curies":[{"name":"wp","href":"https:\/\/api.w.org\/{rel}","templated":true}]}}