{"id":103954,"date":"2026-01-14T07:59:09","date_gmt":"2026-01-14T07:59:09","guid":{"rendered":"https:\/\/www.europesays.com\/lv\/103954\/"},"modified":"2026-01-14T07:59:09","modified_gmt":"2026-01-14T07:59:09","slug":"ventspils-skolas-tiks-piemineti-barikazu-laika-notikumi","status":"publish","type":"post","link":"https:\/\/www.europesays.com\/lv\/103954\/","title":{"rendered":"Ventspils skol\u0101s tiks piemin\u0113ti Barik\u0101\u017eu laika notikumi"},"content":{"rendered":"<p>20. janv\u0101r\u012b aprit 35 gadi kop\u0161 1991. gada janv\u0101ra notikumiem, kad t\u016bksto\u0161iem cilv\u0113ku no visas Latvijas pulc\u0113j\u0101s R\u012bg\u0101, lai sarg\u0101tu valsts br\u012bv\u012bbu un neatkar\u012bbu. Lai atcer\u0113tos t\u0101 laika notikumus, visp\u0101rizgl\u012btojo\u0161aj\u0101s skol\u0101s norisin\u0101sies Barik\u0101\u017eu aizst\u0101vju atceres dienai velt\u012bti pas\u0101kumi. \u0160ie pas\u0101kumi rosina skol\u0113nus dom\u0101t par demokr\u0101tijas, br\u012bv\u012bbas un dro\u0161\u012bbas noz\u012bmi ar\u012b m\u016bsdienu sabiedr\u012bb\u0101.<\/p>\n<p>Atceres pas\u0101kumu laik\u0101 skol\u0101s paredz\u0113tas tematiskas klases un v\u0113stures stundas, diskusijas par br\u012bv\u012bbas, miera un pilsonisk\u0101s atbild\u012bbas noz\u012bmi, k\u0101 ar\u012b izgl\u012btojo\u0161as lekcijas un tik\u0161an\u0101s ar barik\u0101\u017eu dal\u012bbniekiem. Skol\u0113niem b\u016bs iesp\u0113ja piedal\u012bties viktor\u012bn\u0101s, koncertlekcij\u0101s un dokument\u0101lo filmu skat\u012b\u0161an\u0101s pas\u0101kumos, padzi\u013cinot izpratni par Atmodas laiku un Dziesmoto revol\u016bciju.<\/p>\n<p>Vair\u0101k\u0101s skol\u0101s tiks veidotas rado\u0161as un vizu\u0101las instal\u0101cijas, izst\u0101des un piemi\u0146as st\u016br\u012b\u0161i, kuros atspogu\u013cotas barik\u0101\u017eu laika ainas, skol\u0113nu un vi\u0146u \u0123ime\u0146u atmi\u0146as, k\u0101 ar\u012b p\u0101rdomas par br\u012bv\u012bbu Latvij\u0101 \u0161odien un n\u0101kotn\u0113. Skol\u0113ni piedal\u012bsies rado\u0161ajos darbos \u2013 z\u012bm\u0113jumu, plak\u0101tu, kol\u0101\u017eu un eseju veido\u0161an\u0101, tostarp rakstot v\u0113stules barik\u0101\u017eu dal\u012bbniekiem.<\/p>\n<p>20.janv\u0101ra r\u012bt\u0101 Ventspils 6. vidusskolas skol\u0113ni piedal\u012bsies zibakcij\u0101 \u201c35 gaismas mirk\u013ci \u2013 br\u012bv\u012bbai!\u201d. Vakar\u0101 plkst. 17.30 Ventspils Valsts 1. \u0123imn\u0101zijas pagalm\u0101 notiks pas\u0101kums \u201cBarik\u0101\u017eu atmi\u0146as pie ugunskura\u201d, kur simboliski tiks atainota Latvijas Telev\u012bzijas \u0113kas aizst\u0101v\u0113\u0161ana \u2013 ar ugunskuru, siltu t\u0113ju, atmi\u0146u st\u0101stiem un fragmentiem no v\u0113stul\u0113m barik\u0101\u017eu dal\u012bbniekiem. Savuk\u0101rt plkst. 18.00 Ventspils Kri\u0161j\u0101\u0146a Valdem\u0101ra pamatskol\u0101 norisin\u0101sies atceres pas\u0101kums, kur\u0101 tiks simboliski atdz\u012bvin\u0101ta Latvijas Radio \u0113kas aizst\u0101v\u0113\u0161ana, pulc\u0113joties pie ugunskura, baudot siltu t\u0113ju un daloties sarun\u0101s par barik\u0101\u017eu laiku. Pas\u0101kum\u0101 piedal\u012bsies ar\u012b Jaunsardzes dal\u012bbnieki. Vakara pas\u0101kumos aicin\u0101ti piedal\u012bties skol\u0113ni, pedagogi, vec\u0101ki un pils\u0113tas iedz\u012bvot\u0101ji.<\/p>\n","protected":false},"excerpt":{"rendered":"20. janv\u0101r\u012b aprit 35 gadi kop\u0161 1991. gada janv\u0101ra notikumiem, kad t\u016bksto\u0161iem cilv\u0113ku no visas Latvijas pulc\u0113j\u0101s R\u012bg\u0101,&hellip;\n","protected":false},"author":2,"featured_media":103955,"comment_status":"","ping_status":"","sticky":false,"template":"","format":"standard","meta":{"footnotes":""},"categories":[5],"tags":[23,28,29,32,33,22,30,31,35,39,38,36,37,34,40,20,26,27,24,25,21],"class_list":{"0":"post-103954","1":"post","2":"type-post","3":"status-publish","4":"format-standard","5":"has-post-thumbnail","7":"category-aktualitates","8":"tag-aktualitates","9":"tag-breaking-news","10":"tag-breakingnews","11":"tag-featured-news","12":"tag-featurednews","13":"tag-headlines","14":"tag-latest-news","15":"tag-latestnews","16":"tag-latvia","17":"tag-latvian","18":"tag-latviesu","19":"tag-latviesu-valoda","20":"tag-latviesuvaloda","21":"tag-latvija","22":"tag-lv","23":"tag-news","24":"tag-popularakas-zinas","25":"tag-popularakaszinas","26":"tag-top-stories","27":"tag-topstories","28":"tag-zinas"},"share_on_mastodon":{"url":"https:\/\/pubeurope.com\/@lv\/115892398537340475","error":""},"_links":{"self":[{"href":"https:\/\/www.europesays.com\/lv\/wp-json\/wp\/v2\/posts\/103954","targetHints":{"allow":["GET"]}}],"collection":[{"href":"https:\/\/www.europesays.com\/lv\/wp-json\/wp\/v2\/posts"}],"about":[{"href":"https:\/\/www.europesays.com\/lv\/wp-json\/wp\/v2\/types\/post"}],"author":[{"embeddable":true,"href":"https:\/\/www.europesays.com\/lv\/wp-json\/wp\/v2\/users\/2"}],"replies":[{"embeddable":true,"href":"https:\/\/www.europesays.com\/lv\/wp-json\/wp\/v2\/comments?post=103954"}],"version-history":[{"count":0,"href":"https:\/\/www.europesays.com\/lv\/wp-json\/wp\/v2\/posts\/103954\/revisions"}],"wp:featuredmedia":[{"embeddable":true,"href":"https:\/\/www.europesays.com\/lv\/wp-json\/wp\/v2\/media\/103955"}],"wp:attachment":[{"href":"https:\/\/www.europesays.com\/lv\/wp-json\/wp\/v2\/media?parent=103954"}],"wp:term":[{"taxonomy":"category","embeddable":true,"href":"https:\/\/www.europesays.com\/lv\/wp-json\/wp\/v2\/categories?post=103954"},{"taxonomy":"post_tag","embeddable":true,"href":"https:\/\/www.europesays.com\/lv\/wp-json\/wp\/v2\/tags?post=103954"}],"curies":[{"name":"wp","href":"https:\/\/api.w.org\/{rel}","templated":true}]}}