{"id":103956,"date":"2026-01-14T08:01:07","date_gmt":"2026-01-14T08:01:07","guid":{"rendered":"https:\/\/www.europesays.com\/lv\/103956\/"},"modified":"2026-01-14T08:01:07","modified_gmt":"2026-01-14T08:01:07","slug":"atskats-uz-volejbola-turniru-viriesiem-ziemas-kauss-2026","status":"publish","type":"post","link":"https:\/\/www.europesays.com\/lv\/103956\/","title":{"rendered":"Atskats uz volejbola turn\u012bru v\u012brie\u0161iem &#8221;Ziemas Kauss 2026&#8221;"},"content":{"rendered":"<p class=\"x\">&#8220;Jaunais Gads, Ropa\u017eu sporta centr\u0101 ies\u0101cies ar &#8220;Ziemas Kauss 2026&#8221; volejbol\u0101 v\u012brie\u0161iem. 11. janv\u0101ra r\u012bt\u0101 Ropa\u017eu sporta z\u0101l\u0113 sapulc\u0113j\u0101s 4 v\u012brie\u0161u komandas. K\u0101 pirm\u0101s laukum\u0101 dev\u0101s &#8221;LIBERNETIX&#8221; un &#8220;ULBROKA&#8221; komandas. Pirm\u0101 sp\u0113l\u0113 izv\u0113rt\u0101s \u013coti spraiga, katra komanda izc\u012bna vienu setu (26:24\/24:26) un nepiecie\u0161ams iz\u0161\u0137iro\u0161ais, \u012bsais sets l\u012bdz 15. Veiksm\u012bg\u0101ki izr\u0101d\u012bj\u0101s &#8220;LIBERNETIX&#8221; sp\u0113l\u0113t\u0101ji ar 15:12 izc\u012bnot uzvaru.<\/p>\n<p class=\"x\">Tika pat l\u012bdz\u012bgs un saspringts izv\u0113rt\u0101s dienas otr\u0101 sp\u0113le, kur\u0101 sacent\u0101s &#8220;SERGEJS un CO&#8221; pret &#8220;REZERVISTIEM&#8221;. Ar\u012b nepiecie\u0161am papildus \u012bsais sets, un vien ar divu punktu p\u0101rsvaru uzvaru izc\u012bna &#8221;REZERVISTI&#8221;, (25:19\/14:25\/16:14).<\/p>\n<p class=\"x\">Visas dienas garum\u0101 sporta z\u0101l\u0113 virmoja sacens\u012bbu gars un draudz\u012bga atmosf\u0113ra. K\u0101 izr\u0101d\u012bj\u0101s turn\u012brs tika atkl\u0101ts ar &#8220;fin\u0101l\u0101&#8221; sp\u0113li. Jo par vienu punktu tabul\u0101, pirmo vietu izc\u012bn\u012bja &#8220;LIBERNETIX&#8221;, otr\u0101 vieta attiec\u012bgi &#8220;ULBROKA&#8221; un bronzas godalgas izc\u012bn\u012bja &#8221;REZERVISTI&#8221;. Liels paldies visiem dal\u012bbniekiem, sacens\u012bbu tiesne\u0161iem un sekret\u0101riem! Liels paldies turn\u012bra atbalst\u012bt\u0101jiem &#8220;LABIETIES&#8221;!<\/p>\n<p class=\"x\">\u00a0Jau \u0161o sv\u0113tdien par ziemas kausu c\u012bn\u012bsies d\u0101mas! Tiekamies Ropa\u017eu sporta z\u0101l\u0113 plkst. 10:00, 18. janv\u0101r\u012b<\/p>\n","protected":false},"excerpt":{"rendered":"&#8220;Jaunais Gads, Ropa\u017eu sporta centr\u0101 ies\u0101cies ar &#8220;Ziemas Kauss 2026&#8221; volejbol\u0101 v\u012brie\u0161iem. 11. janv\u0101ra r\u012bt\u0101 Ropa\u017eu sporta z\u0101l\u0113&hellip;\n","protected":false},"author":2,"featured_media":103957,"comment_status":"","ping_status":"","sticky":false,"template":"","format":"standard","meta":{"footnotes":""},"categories":[17],"tags":[35,39,38,36,37,34,40,67],"class_list":{"0":"post-103956","1":"post","2":"type-post","3":"status-publish","4":"format-standard","5":"has-post-thumbnail","7":"category-sports","8":"tag-latvia","9":"tag-latvian","10":"tag-latviesu","11":"tag-latviesu-valoda","12":"tag-latviesuvaloda","13":"tag-latvija","14":"tag-lv","15":"tag-sports"},"share_on_mastodon":{"url":"https:\/\/pubeurope.com\/@lv\/115892406356544505","error":""},"_links":{"self":[{"href":"https:\/\/www.europesays.com\/lv\/wp-json\/wp\/v2\/posts\/103956","targetHints":{"allow":["GET"]}}],"collection":[{"href":"https:\/\/www.europesays.com\/lv\/wp-json\/wp\/v2\/posts"}],"about":[{"href":"https:\/\/www.europesays.com\/lv\/wp-json\/wp\/v2\/types\/post"}],"author":[{"embeddable":true,"href":"https:\/\/www.europesays.com\/lv\/wp-json\/wp\/v2\/users\/2"}],"replies":[{"embeddable":true,"href":"https:\/\/www.europesays.com\/lv\/wp-json\/wp\/v2\/comments?post=103956"}],"version-history":[{"count":0,"href":"https:\/\/www.europesays.com\/lv\/wp-json\/wp\/v2\/posts\/103956\/revisions"}],"wp:featuredmedia":[{"embeddable":true,"href":"https:\/\/www.europesays.com\/lv\/wp-json\/wp\/v2\/media\/103957"}],"wp:attachment":[{"href":"https:\/\/www.europesays.com\/lv\/wp-json\/wp\/v2\/media?parent=103956"}],"wp:term":[{"taxonomy":"category","embeddable":true,"href":"https:\/\/www.europesays.com\/lv\/wp-json\/wp\/v2\/categories?post=103956"},{"taxonomy":"post_tag","embeddable":true,"href":"https:\/\/www.europesays.com\/lv\/wp-json\/wp\/v2\/tags?post=103956"}],"curies":[{"name":"wp","href":"https:\/\/api.w.org\/{rel}","templated":true}]}}