{"id":103958,"date":"2026-01-14T08:03:07","date_gmt":"2026-01-14T08:03:07","guid":{"rendered":"https:\/\/www.europesays.com\/lv\/103958\/"},"modified":"2026-01-14T08:03:07","modified_gmt":"2026-01-14T08:03:07","slug":"krievija-uzbrukusi-ukrainai-ar-trim-raketem-un-113-droniem-tvnet","status":"publish","type":"post","link":"https:\/\/www.europesays.com\/lv\/103958\/","title":{"rendered":"Krievija uzbrukusi Ukrainai ar trim ra\u0137et\u0113m un 113 droniem &#8211; TVNET"},"content":{"rendered":"<ol>\n<li><a href=\"https:\/\/news.google.com\/rss\/articles\/CBMikAFBVV95cUxQR0pDd3RpLVc0NkRHTVVHbi10Q3JBeFhaSzg4a2x3eldYazlXYzR4RlVLWlR1RE1vQXdleGxNY2NRS0RyVFBRYkprYlpTQVhkN1dCTXIzcGJJdnBmOU9YRExFUFhKMW4yZU5FX2RVVVQwQnlRbFlzeVFWZDhwemhBVmlmdm9VMHlrQlF0ZUMwODc?oc=5\" target=\"_blank\" rel=\"nofollow noopener\">Krievija uzbrukusi Ukrainai ar trim ra\u0137et\u0113m un 113 droniem<\/a>&nbsp;&nbsp;TVNET<\/li>\n<li><a href=\"https:\/\/news.google.com\/rss\/articles\/CBMi6AFBVV95cUxOeXJHQmNybHMyelRkMExPakVpYTNZdklpdUltV2N2aE94c2hlRlRjUzdvTnFodE9hckN2UzRyTEg5N2l1eVlPS05ISzk3Y2NnV0FacVZHVzNVMmhSSlpUNVQwX0pxNXBzOG8waThvODVPUUhpb0ZVbWRqMjlGaGMxYTBReklWR28yUW90RVo4UFZKV01tMHd6MDRhRTFKbkNaakc1WVVaN2laWmdpU1NMRURMX1RMTkNZOGgxTWxxbWhEa1lDN3c0MV9Fc1JVSE5VeVdNZTdiTDByQmJHQ25XUGczbWNURWRl?oc=5\" target=\"_blank\" rel=\"nofollow noopener\">Spelgon\u012b bez apkures un elektr\u012bbas. Kijiv\u0101 smag\u0101k\u0101 ziema kop\u0161 Krievijas pilna apm\u0113ra iebrukuma<\/a>&nbsp;&nbsp;LSM<\/li>\n<li><a href=\"https:\/\/news.google.com\/rss\/articles\/CBMijgFBVV95cUxQSDhTd1ZYYjZVNlZzWGwybkRDVHFKaEE5SHpuOGIyX3BTNkUyM3pGWFc5dmg4U2dZa0o0ZVpfb0pvUU1INGs3NzUwOTd3azc1c2JxVDhRNlRGdFJKaWZqNnlwZlc2YW9Cb3BNWjJoNzJzR0l2Wk5XZHlrNW5vVGFSX3RKY3JjMlJZRHEwdHhB?oc=5\" target=\"_blank\" rel=\"nofollow noopener\">Vai ANO sp\u0113s ko main\u012bt Krievijas agresij\u0101 pret Ukrainu?<\/a>&nbsp;&nbsp;NRA<\/li>\n<li><a href=\"https:\/\/news.google.com\/rss\/articles\/CBMiugFBVV95cUxOdDZHTmp6OGtQMkt6Wl9wRlFBUF9na1lfVzZRUHB6U0VkYkVqTG9GX2FKTnJldVZubUpTamRVVW50Sllkb0I2UDZZZjNULU9qVHI1dFQ1RWZBZnNkemktQlp2Y2NLeVV5c2N3bm9ZYjUxaUdKZmw0SnNxaHJLSkpiM0VVanNtRGUya0xNamJ0YUlackI1bERfU2xoeVlwRGwwSGlEV0M3VHY5ZzRtZktQOEtlbWFkMGlHc0E?oc=5\" target=\"_blank\" rel=\"nofollow noopener\">ASV aps\u016bdz Krieviju &#8220;b\u012bstam\u0101 un neizskaidrojam\u0101&#8221; kara eskal\u0101cij\u0101 Ukrain\u0101<\/a>&nbsp;&nbsp;Delfi<\/li>\n<li><a href=\"https:\/\/news.google.com\/rss\/articles\/CBMisgFBVV95cUxQU2ctNHpha2dBZjZMVGhIMGdRblpBUUR5NWJVM0NOLS1PRzIwcTYzdWd2OUx4VDFEdjJIZGxiUTNEeWJyZkdENlo3OHd4TVZSdFRZNEtDUEpHeVlBQ19UeWJRSGkxSUY2dmhfUWM3aW96Z2pnYldlN3NoV3dVanE1Vk5vSWl5d2NxeE1RUnREY3NqTXlzQlMzYVdmQjgzSHRIU1RjYXJlZGx0YVoybVR1Sk9R?oc=5\" target=\"_blank\" rel=\"nofollow noopener\">Krievijas aizsardz\u012bbas ministrija atkl\u0101j, kas bija ra\u0137etes &#8220;Ore\u0161\u0146ik&#8221; uzbrukuma m\u0113r\u0137is<\/a>&nbsp;&nbsp;Apollo.lv<\/li>\n<\/ol>\n","protected":false},"excerpt":{"rendered":"Krievija uzbrukusi Ukrainai ar trim ra\u0137et\u0113m un 113 droniem&nbsp;&nbsp;TVNET Spelgon\u012b bez apkures un elektr\u012bbas. Kijiv\u0101 smag\u0101k\u0101 ziema kop\u0161&hellip;\n","protected":false},"author":2,"featured_media":103959,"comment_status":"","ping_status":"","sticky":false,"template":"","format":"standard","meta":{"footnotes":""},"categories":[14],"tags":[23,57,28,29,32,33,22,234,74,30,31,35,39,38,36,37,34,40,20,26,27,24,25,276,54,55,56,21,58],"class_list":{"0":"post-103958","1":"post","2":"type-post","3":"status-publish","4":"format-standard","5":"has-post-thumbnail","7":"category-zinas-no-arvalstim","8":"tag-aktualitates","9":"tag-arvalstim","10":"tag-breaking-news","11":"tag-breakingnews","12":"tag-featured-news","13":"tag-featurednews","14":"tag-headlines","15":"tag-krievija","16":"tag-krievijas-iebrukums-ukraina","17":"tag-latest-news","18":"tag-latestnews","19":"tag-latvia","20":"tag-latvian","21":"tag-latviesu","22":"tag-latviesu-valoda","23":"tag-latviesuvaloda","24":"tag-latvija","25":"tag-lv","26":"tag-news","27":"tag-popularakas-zinas","28":"tag-popularakaszinas","29":"tag-top-stories","30":"tag-topstories","31":"tag-ukraina","32":"tag-world","33":"tag-world-news","34":"tag-worldnews","35":"tag-zinas","36":"tag-zinas-no-arvalstim"},"share_on_mastodon":{"url":"https:\/\/pubeurope.com\/@lv\/115892414385634234","error":""},"_links":{"self":[{"href":"https:\/\/www.europesays.com\/lv\/wp-json\/wp\/v2\/posts\/103958","targetHints":{"allow":["GET"]}}],"collection":[{"href":"https:\/\/www.europesays.com\/lv\/wp-json\/wp\/v2\/posts"}],"about":[{"href":"https:\/\/www.europesays.com\/lv\/wp-json\/wp\/v2\/types\/post"}],"author":[{"embeddable":true,"href":"https:\/\/www.europesays.com\/lv\/wp-json\/wp\/v2\/users\/2"}],"replies":[{"embeddable":true,"href":"https:\/\/www.europesays.com\/lv\/wp-json\/wp\/v2\/comments?post=103958"}],"version-history":[{"count":0,"href":"https:\/\/www.europesays.com\/lv\/wp-json\/wp\/v2\/posts\/103958\/revisions"}],"wp:featuredmedia":[{"embeddable":true,"href":"https:\/\/www.europesays.com\/lv\/wp-json\/wp\/v2\/media\/103959"}],"wp:attachment":[{"href":"https:\/\/www.europesays.com\/lv\/wp-json\/wp\/v2\/media?parent=103958"}],"wp:term":[{"taxonomy":"category","embeddable":true,"href":"https:\/\/www.europesays.com\/lv\/wp-json\/wp\/v2\/categories?post=103958"},{"taxonomy":"post_tag","embeddable":true,"href":"https:\/\/www.europesays.com\/lv\/wp-json\/wp\/v2\/tags?post=103958"}],"curies":[{"name":"wp","href":"https:\/\/api.w.org\/{rel}","templated":true}]}}