{"id":103962,"date":"2026-01-14T08:05:10","date_gmt":"2026-01-14T08:05:10","guid":{"rendered":"https:\/\/www.europesays.com\/lv\/103962\/"},"modified":"2026-01-14T08:05:10","modified_gmt":"2026-01-14T08:05:10","slug":"atd-atgadina-no-15-janvara-mainisies-brauksanas-maksas-tarifi-regionalaja-sabiedriskaja-transporta","status":"publish","type":"post","link":"https:\/\/www.europesays.com\/lv\/103962\/","title":{"rendered":"ATD atg\u0101dina: no 15. janv\u0101ra main\u012bsies brauk\u0161anas maksas tarifi re\u0123ion\u0101laj\u0101 sabiedriskaj\u0101 transport\u0101"},"content":{"rendered":"<p>ATD atg\u0101dina, ka 2025. gada 4. septembr\u012b Sabiedrisk\u0101 transporta padome (STP) apstiprin\u0101ja izmai\u0146as re\u0123ion\u0101l\u0101 sabiedrisk\u0101 transporta (autobusu un vilcienu) brauk\u0161anas maksas tarifos, kas st\u0101sies sp\u0113k\u0101 2026. gada 15. janv\u0101r\u012b.<\/p>\n<p>Izmai\u0146as re\u0123ion\u0101l\u0101 sabiedrisk\u0101 transporta brauk\u0161anas maksas tarifos ir sabalans\u0113tas, lai saglab\u0101tu\u00a0pakalpojumu kvalit\u0101ti un nodro\u0161in\u0101tu\u00a0finansi\u0101lu ilgtsp\u0113ju. Tarifu izmai\u0146as ir orient\u0113tas uz p\u0101rvad\u0101jumu att\u0101lumiem, \u0146emot v\u0113r\u0101 re\u0123ionu pieejam\u012bbu. Zonu sist\u0113m\u0101 maksa palielin\u0101sies par\u00a00,30 EUR, savuk\u0101rt \u0101rpus zon\u0101m un gar\u0101kos braucienos pieaugums b\u016bs maz\u0101ks &#8211;\u00a00,20 EUR.<\/p>\n<p>Piem\u0113ri:<\/p>\n<p>Vilciena p\u0101rvad\u0101jumi:<\/p>\n<ul>\n<li>R\u012bga \u2013 Imanta: 1.50 \u20ac \u2192 1.50 \u20ac<\/li>\n<li>R\u012bga\u2013Sigulda: 2.50 \u20ac \u2192 2.80 \u20ac<\/li>\n<li>R\u012bga\u2013Dubulti: 2.00 \u20ac \u2192 2.30 \u20ac<\/li>\n<li>R\u012bga \u2013 Liep\u0101ja 8.90 \u20ac \u2192 9.10 \u20ac<\/li>\n<li>R\u012bga \u2013 Salaspils 2.00 \u20ac \u2192 2.30 \u20ac<\/li>\n<li>R\u012bga \u2013 Aizkraukle 3.50 \u20ac \u2192 3.80 \u20ac<\/li>\n<\/ul>\n<p>Autobusu p\u0101rvad\u0101jumi:<\/p>\n<ul>\n<li>Liep\u0101ja\u2013Grobi\u0146a: 1.00 \u20ac \u2192 1.20 \u20ac<\/li>\n<li>R\u012bga\u2013Dubulti: 2.00 \u20ac \u2192 2.30 \u20ac<\/li>\n<li>Kombu\u013ci\u2013Kazanova: 0.70 \u20ac \u2192 0.90 \u20ac<\/li>\n<li>R\u012bga \u2013 R\u0113zekne 11.70 \u20ac \u2192 11.90 \u20ac<\/li>\n<li>Liep\u0101ja\u2013Grobi\u0146a: 1.00 \u20ac \u2192 1.20 \u20ac<\/li>\n<li>Al\u016bksne \u2013 Balvi: 2.70 \u20ac \u2192 2.90 \u20ac\u00a0<\/li>\n<\/ul>\n<p>Svar\u012bgi:\u00a0Visas bi\u013cetes, kas ieg\u0101d\u0101tas l\u012bdz 14. janv\u0101rim, b\u016bs der\u012bgas l\u012bdz to termi\u0146a beig\u0101m, bet no 15. janv\u0101ra bi\u013cetes tiks p\u0101rdotas tikai p\u0113c jaun\u0101 tarifa.<\/p>\n<p>Abonementa bi\u013ce\u0161u pirc\u0113jiem atlaides paliek nemain\u012bgas\u00a0ar\u012b p\u0113c tarifu izmai\u0146\u0101m. \u0160\u012b pieeja ir v\u0113rsta uz\u00a0lojalit\u0101tes veicin\u0101\u0161anu, nodro\u0161inot, ka ikdienas pasa\u017eieri turpina sa\u0146emt izdev\u012bgus nosac\u012bjumus. Abonementa bi\u013cetes \u013cauj b\u016btiski ietaup\u012bt:<\/p>\n<ul>\n<li>30 dienu bi\u013cete\u00a0tiek apr\u0113\u0137in\u0101ta k\u0101 20 braucieni, bet atmaks\u0101jas jau p\u0113c\u00a021. brauciena.<\/li>\n<li>Pieejamas ar\u012b\u00a01, 3 un 5 dienu bi\u013cetes, k\u0101 ar\u012b\u00a0braucienu skaita bi\u013cetes\u00a0ar atlaid\u0113m l\u012bdz\u00a020%.<\/li>\n<\/ul>\n<p>Vis\u0101m soci\u0101li aizsarg\u0101taj\u0101m pasa\u017eieru grup\u0101m\u00a0brauk\u0161anas maksas atvieglojumi re\u0123ion\u0101lajos mar\u0161rutos saglab\u0101jas 100% apm\u0113r\u0101, un\u00a0transporta izmanto\u0161anas k\u0101rt\u012bba nemain\u0101s. Atvieglojumi attiecas uz: b\u0113rniem, kas nav uzs\u0101ku\u0161i pamatizgl\u012bt\u012bbas apguvi; person\u0101m ar invalidit\u0101ti un vi\u0146u pavado\u0146iem; b\u0113rniem b\u0101re\u0146iem, aud\u017eu\u0123imen\u0113s un izgl\u012bt\u012bbas iest\u0101d\u0113s l\u012bdz 24 gadu vecumam un politiski repres\u0113t\u0101m person\u0101m; daudzb\u0113rnu \u0123imen\u0113m ar Latvijas Goda \u0123imenes apliec\u012bbu \u012bpa\u0161niekiem &#8211; vec\u0101kiem 50%, skol\u0113niem, studentiem, b\u0113rniem 90% apm\u0113r\u0101 no brauciena bi\u013cetes pilnas cenas, visiem 40% apm\u0113r\u0101 no abonementa bi\u013cetes cenas.<\/p>\n<p>Atbilsto\u0161i STP l\u0113mumam brauk\u0161anas maksas tarifu p\u0101rskata regul\u0101ri ne ret\u0101k k\u0101 reizi gad\u0101, \u0146emot v\u0113r\u0101 uzkr\u0101to infl\u0101cijas l\u012bmeni un vid\u0113j\u0101s darba samaksas izmai\u0146as sal\u012bdzin\u0101jum\u0101 ar iepriek\u0161\u0113jo periodu.<\/p>\n<p>Par valsts SIA Autotransporta direkcija<\/p>\n<p>Saska\u0146\u0101 ar Sabiedrisk\u0101 transporta pakalpojumu likumu, ATD kompetenc\u0113 ir\u00a0 izstr\u0101d\u0101t, p\u0101rzin\u0101t un pl\u0101not mar\u0161rutu t\u012bkla re\u0123ion\u0101l\u0101s noz\u012bmes mar\u0161rutus, nodro\u0161in\u0101t sabiedriskajam transportam no valsts bud\u017eeta iedal\u012bto finan\u0161u l\u012bdzek\u013cu administr\u0113\u0161anu un pie\u0161\u0137ir\u0161anu Ministru kabineta noteiktaj\u0101 k\u0101rt\u012bb\u0101 un organiz\u0113t sabiedrisk\u0101 transporta pakalpojumus re\u0123ion\u0101l\u0101s noz\u012bmes mar\u0161rutos.<\/p>\n","protected":false},"excerpt":{"rendered":"ATD atg\u0101dina, ka 2025. gada 4. septembr\u012b Sabiedrisk\u0101 transporta padome (STP) apstiprin\u0101ja izmai\u0146as re\u0123ion\u0101l\u0101 sabiedrisk\u0101 transporta (autobusu un&hellip;\n","protected":false},"author":2,"featured_media":103963,"comment_status":"","ping_status":"","sticky":false,"template":"","format":"standard","meta":{"footnotes":""},"categories":[5],"tags":[23,28,29,32,33,22,30,31,35,39,38,36,37,34,40,20,26,27,24,25,21],"class_list":{"0":"post-103962","1":"post","2":"type-post","3":"status-publish","4":"format-standard","5":"has-post-thumbnail","7":"category-aktualitates","8":"tag-aktualitates","9":"tag-breaking-news","10":"tag-breakingnews","11":"tag-featured-news","12":"tag-featurednews","13":"tag-headlines","14":"tag-latest-news","15":"tag-latestnews","16":"tag-latvia","17":"tag-latvian","18":"tag-latviesu","19":"tag-latviesu-valoda","20":"tag-latviesuvaloda","21":"tag-latvija","22":"tag-lv","23":"tag-news","24":"tag-popularakas-zinas","25":"tag-popularakaszinas","26":"tag-top-stories","27":"tag-topstories","28":"tag-zinas"},"share_on_mastodon":{"url":"https:\/\/pubeurope.com\/@lv\/115892422269678907","error":""},"_links":{"self":[{"href":"https:\/\/www.europesays.com\/lv\/wp-json\/wp\/v2\/posts\/103962","targetHints":{"allow":["GET"]}}],"collection":[{"href":"https:\/\/www.europesays.com\/lv\/wp-json\/wp\/v2\/posts"}],"about":[{"href":"https:\/\/www.europesays.com\/lv\/wp-json\/wp\/v2\/types\/post"}],"author":[{"embeddable":true,"href":"https:\/\/www.europesays.com\/lv\/wp-json\/wp\/v2\/users\/2"}],"replies":[{"embeddable":true,"href":"https:\/\/www.europesays.com\/lv\/wp-json\/wp\/v2\/comments?post=103962"}],"version-history":[{"count":0,"href":"https:\/\/www.europesays.com\/lv\/wp-json\/wp\/v2\/posts\/103962\/revisions"}],"wp:featuredmedia":[{"embeddable":true,"href":"https:\/\/www.europesays.com\/lv\/wp-json\/wp\/v2\/media\/103963"}],"wp:attachment":[{"href":"https:\/\/www.europesays.com\/lv\/wp-json\/wp\/v2\/media?parent=103962"}],"wp:term":[{"taxonomy":"category","embeddable":true,"href":"https:\/\/www.europesays.com\/lv\/wp-json\/wp\/v2\/categories?post=103962"},{"taxonomy":"post_tag","embeddable":true,"href":"https:\/\/www.europesays.com\/lv\/wp-json\/wp\/v2\/tags?post=103962"}],"curies":[{"name":"wp","href":"https:\/\/api.w.org\/{rel}","templated":true}]}}