{"id":103966,"date":"2026-01-14T08:07:08","date_gmt":"2026-01-14T08:07:08","guid":{"rendered":"https:\/\/www.europesays.com\/lv\/103966\/"},"modified":"2026-01-14T08:07:08","modified_gmt":"2026-01-14T08:07:08","slug":"madona-sakas-ibu-junioru-kausa-posms-biatlona","status":"publish","type":"post","link":"https:\/\/www.europesays.com\/lv\/103966\/","title":{"rendered":"Madon\u0101 s\u0101kas IBU junioru kausa posms biatlon\u0101"},"content":{"rendered":"<p>Latviju sacens\u012bb\u0101s p\u0101rst\u0101v\u0113s 14 sportisti, tostarp <a href=\"https:\/\/sports.tvnet.lv\/term\/821956\/elza-bleidele\" class=\"topicLink\" target=\"_blank\" rel=\"nofollow noopener\">Elza Bleidele<\/a>, <a href=\"https:\/\/sports.tvnet.lv\/term\/776680\/estere-volfa\" class=\"topicLink\" target=\"_blank\" rel=\"nofollow noopener\">Estere Volfa<\/a> un <a href=\"https:\/\/sports.tvnet.lv\/term\/850610\/rihards-lozbers\" class=\"topicLink\" target=\"_blank\" rel=\"nofollow noopener\">Rihards Lozbers<\/a>. Volfa un Lozbers \u0161osezon jau start\u0113 ar\u012b pieaugu\u0161o Pasaules kaus\u0101 un p\u0113c nepilna m\u0113ne\u0161a dosies uz Mil\u0101nas-Kort\u012bnas ziemas olimpiskaj\u0101m sp\u0113l\u0113m.<\/p>\n<p>Madonas posm\u0101 start\u0113s sportisti no 18 valst\u012bm: Ukrainas, \u010cehijas, Austrijas, Slov\u0113nijas, Slov\u0101kijas, Lietuvas, Lielbrit\u0101nijas, Bulg\u0101rijas, Polijas, Igaunijas, Bosnijas un Hercegovinas, Horv\u0101tijas, Zieme\u013cma\u0137edonijas, Latvijas, Braz\u012blijas, ASV, \u0136\u012bnas Taipejas un Moldovas.<\/p>\n<p>Sacens\u012bbu programma:<\/p>\n<p>\u2022 tre\u0161dien un piektdien \u2013 sprints<\/p>\n<p>\u2022 sestdien \u2013 masu starts, kur\u0101 start\u0113s 60 lab\u0101kie sportisti p\u0113c sprintu rezult\u0101tiem<\/p>\n<p>Tre\u0161dienas sprinta starti:<\/p>\n<p>\u2022 juniori \u2013 plkst. 10.20 (3\u00d73,3 km jeb 10 km)<\/p>\n<p>\u2022 juniores \u2013 plkst. 14.20 (3\u00d72,5 km jeb 7,5 km)<\/p>\n<p>Juniores: Estere Volfa, Elza Bleidele, Laura Alzi\u0146a, Mart\u012bne Djatkovi\u010da, Enia Kalni\u0146a, Je\u013cizaveta Boro\u0146enko, Keita Kolna.<\/p>\n<p>Juniori: Rihards Lozbers, Daniels Koda\u013cevs, Mat\u012bss Meir\u0101ns, Adrians M\u0101ris \u0160\u0146ori\u0146\u0161, Ernests Solovjovs, Kristi\u0101ns Karlsbergs, R\u016bdolfs Raudzi\u0146\u0161.<\/p>\n<p>IBU junioru kausa posms Madon\u0101 ir augst\u0101k\u0101 ranga biatlona sacens\u012bbas Latvij\u0101 p\u0113d\u0113jos gados, kop\u0161 2023. gad\u0101 Smeceres sil\u0101 notika Eiropas junioru \u010dempion\u0101ts. Neraugoties uz silto ziemas s\u0101kumu, pateicoties sniega uzkr\u0101\u0161anas sist\u0113mai un m\u0101ksl\u012bg\u0101 sniega ra\u017eo\u0161anai, Smeceres sil\u0101 ir nodro\u0161in\u0101ti \u013coti labi apst\u0101k\u013ci sacens\u012bbu norisei.<\/p>\n<p>Skat\u012bt\u0101jiem j\u0101\u0146em v\u0113r\u0101 satiksmes un piek\u013cuves ierobe\u017eojumi Smeceres sila teritorij\u0101 sacens\u012bbu laik\u0101.<\/p>\n<p>IBU junioru kausa posma organizatori ir Starptautisk\u0101 Biatlona savien\u012bba un Latvijas Biatlona feder\u0101cija, sadarb\u012bb\u0101 ar Madonas novada pa\u0161vald\u012bbu.<\/p>\n","protected":false},"excerpt":{"rendered":"Latviju sacens\u012bb\u0101s p\u0101rst\u0101v\u0113s 14 sportisti, tostarp Elza Bleidele, Estere Volfa un Rihards Lozbers. Volfa un Lozbers \u0161osezon jau&hellip;\n","protected":false},"author":2,"featured_media":68583,"comment_status":"","ping_status":"","sticky":false,"template":"","format":"standard","meta":{"footnotes":""},"categories":[17],"tags":[1499,16011,16012,35,39,38,36,37,34,40,25061,67],"class_list":{"0":"post-103966","1":"post","2":"type-post","3":"status-publish","4":"format-standard","5":"has-post-thumbnail","7":"category-sports","8":"tag-biatlons","9":"tag-elza-bleidele","10":"tag-estere-volfa","11":"tag-latvia","12":"tag-latvian","13":"tag-latviesu","14":"tag-latviesu-valoda","15":"tag-latviesuvaloda","16":"tag-latvija","17":"tag-lv","18":"tag-rihards-lozbers","19":"tag-sports"},"share_on_mastodon":{"url":"https:\/\/pubeurope.com\/@lv\/115892429975748001","error":""},"_links":{"self":[{"href":"https:\/\/www.europesays.com\/lv\/wp-json\/wp\/v2\/posts\/103966","targetHints":{"allow":["GET"]}}],"collection":[{"href":"https:\/\/www.europesays.com\/lv\/wp-json\/wp\/v2\/posts"}],"about":[{"href":"https:\/\/www.europesays.com\/lv\/wp-json\/wp\/v2\/types\/post"}],"author":[{"embeddable":true,"href":"https:\/\/www.europesays.com\/lv\/wp-json\/wp\/v2\/users\/2"}],"replies":[{"embeddable":true,"href":"https:\/\/www.europesays.com\/lv\/wp-json\/wp\/v2\/comments?post=103966"}],"version-history":[{"count":0,"href":"https:\/\/www.europesays.com\/lv\/wp-json\/wp\/v2\/posts\/103966\/revisions"}],"wp:featuredmedia":[{"embeddable":true,"href":"https:\/\/www.europesays.com\/lv\/wp-json\/wp\/v2\/media\/68583"}],"wp:attachment":[{"href":"https:\/\/www.europesays.com\/lv\/wp-json\/wp\/v2\/media?parent=103966"}],"wp:term":[{"taxonomy":"category","embeddable":true,"href":"https:\/\/www.europesays.com\/lv\/wp-json\/wp\/v2\/categories?post=103966"},{"taxonomy":"post_tag","embeddable":true,"href":"https:\/\/www.europesays.com\/lv\/wp-json\/wp\/v2\/tags?post=103966"}],"curies":[{"name":"wp","href":"https:\/\/api.w.org\/{rel}","templated":true}]}}