{"id":103971,"date":"2026-01-14T08:11:21","date_gmt":"2026-01-14T08:11:21","guid":{"rendered":"https:\/\/www.europesays.com\/lv\/103971\/"},"modified":"2026-01-14T08:11:21","modified_gmt":"2026-01-14T08:11:21","slug":"valdiba-atbalsta-nacionalo-brunoto-speku-karaviru-dalibas-militaraja-operacija-inherent-resolve-pagarinasanu","status":"publish","type":"post","link":"https:\/\/www.europesays.com\/lv\/103971\/","title":{"rendered":"Vald\u012bba atbalsta Nacion\u0101lo bru\u0146oto sp\u0113ku karav\u012bru dal\u012bbas milit\u0101raj\u0101 oper\u0101cij\u0101 \u201cInherent Resolve\u201d pagarin\u0101\u0161anu"},"content":{"rendered":"<p>Otrdien, 13. janv\u0101r\u012b, Ministru kabinets atbalst\u012bja Nacion\u0101lo bru\u0146oto sp\u0113ku karav\u012bru dal\u012bbas pagarin\u0101\u0161anu pret teroristisko organiz\u0101ciju ISIL\/Da&#8217;esh v\u0113rstaj\u0101 starptautisk\u0101s koal\u012bcijas milit\u0101raj\u0101 oper\u0101cij\u0101 \u201cInherent Resolve\u201d l\u012bdz 2026. gada 31.\u00a0decembrim.<\/p>\n<p>P\u0113c Ministru kabineta apstiprin\u0101juma par l\u0113mumprojekta pie\u0146em\u0161anu lems Saeima.<\/p>\n<p>Milit\u0101r\u0101s oper\u0101cijas \u201cInherent Resolve\u201d fokuss ir v\u0113rsts uz apm\u0101c\u012bbas, padomdo\u0161anas, atbalsta un izl\u016bkinform\u0101cijas apmai\u0146as uzdevumiem. Latvijas kontingenta uzdevumi oper\u0101cij\u0101 \u201cInherent Resolve\u201d Ir\u0101k\u0101 b\u016bs atbilsto\u0161i oper\u0101cijas uzdevumiem, m\u0113r\u0137iem un operacion\u0101lajam vajadz\u012bb\u0101m. Nacion\u0101lie bru\u0146otie sp\u0113ki dal\u012bbu oper\u0101cij\u0101 pl\u0101no turpin\u0101t ar vienu \u0161t\u0101ba virsnieku, kur\u0161 pild\u012bs misijas uzdevumu milit\u0101raj\u0101 \u0161t\u0101b\u0101 Erb\u012bl\u0101, Ir\u0101k\u0101.<\/p>\n<p>Latvijai ir b\u016btiski turpin\u0101t sniegt atbalstu \u0161aj\u0101 oper\u0101cij\u0101, apliecinot gan politisko, gan milit\u0101ro solidarit\u0101ti m\u016bsu strat\u0113\u0123iski noz\u012bm\u012bgajiem partneriem. L\u012bdz\u0101s Latvijai, ar\u012b p\u0101r\u0113j\u0101s Baltijas valstis piedal\u0101s oper\u0101cij\u0101 ar saviem nacion\u0101lajiem kontingentiem.<\/p>\n<p>Jau zi\u0146ots, ka kop\u0161 2014. gada novembra Latvija politiski ir pievienojusies starptautiskajai koal\u012bcijai pret Isl\u0101ma valsti un paudusi atbalstu koal\u012bcijas darb\u012bb\u0101m. Sa\u0146emts ar\u012b Ir\u0101kas vald\u012bbas apstiprin\u0101jums par atbalstu Latvijas Nacion\u0101lo bru\u0146oto sp\u0113ku dal\u012bbai oper\u0101cij\u0101 \u201cInherent Resolve\u201d.<\/p>\n<p>          <img decoding=\"async\" src=\"https:\/\/www.europesays.com\/lv\/wp-content\/uploads\/2026\/01\/1767645852_487_logo-lv.png\" alt=\"\"\/><\/p>\n<p>                  \u0160\u012b inform\u0101cija ir publisks pazi\u0146ojums un neatspogu\u013co LV port\u0101la viedokli. Par t\u0101s saturu atbild ies\u016bt\u012bt\u0101js. <a data-popup=\"rules\">Public\u0113\u0161anas noteikumi<\/a><\/p>\n","protected":false},"excerpt":{"rendered":"Otrdien, 13. janv\u0101r\u012b, Ministru kabinets atbalst\u012bja Nacion\u0101lo bru\u0146oto sp\u0113ku karav\u012bru dal\u012bbas pagarin\u0101\u0161anu pret teroristisko organiz\u0101ciju ISIL\/Da&#8217;esh v\u0113rstaj\u0101 starptautisk\u0101s&hellip;\n","protected":false},"author":2,"featured_media":103972,"comment_status":"","ping_status":"","sticky":false,"template":"","format":"standard","meta":{"footnotes":""},"categories":[5],"tags":[23,28,29,32,33,22,30,31,35,39,38,36,37,34,40,20,26,27,24,25,21],"class_list":{"0":"post-103971","1":"post","2":"type-post","3":"status-publish","4":"format-standard","5":"has-post-thumbnail","7":"category-aktualitates","8":"tag-aktualitates","9":"tag-breaking-news","10":"tag-breakingnews","11":"tag-featured-news","12":"tag-featurednews","13":"tag-headlines","14":"tag-latest-news","15":"tag-latestnews","16":"tag-latvia","17":"tag-latvian","18":"tag-latviesu","19":"tag-latviesu-valoda","20":"tag-latviesuvaloda","21":"tag-latvija","22":"tag-lv","23":"tag-news","24":"tag-popularakas-zinas","25":"tag-popularakaszinas","26":"tag-top-stories","27":"tag-topstories","28":"tag-zinas"},"share_on_mastodon":{"url":"https:\/\/pubeurope.com\/@lv\/115892445850597939","error":""},"_links":{"self":[{"href":"https:\/\/www.europesays.com\/lv\/wp-json\/wp\/v2\/posts\/103971","targetHints":{"allow":["GET"]}}],"collection":[{"href":"https:\/\/www.europesays.com\/lv\/wp-json\/wp\/v2\/posts"}],"about":[{"href":"https:\/\/www.europesays.com\/lv\/wp-json\/wp\/v2\/types\/post"}],"author":[{"embeddable":true,"href":"https:\/\/www.europesays.com\/lv\/wp-json\/wp\/v2\/users\/2"}],"replies":[{"embeddable":true,"href":"https:\/\/www.europesays.com\/lv\/wp-json\/wp\/v2\/comments?post=103971"}],"version-history":[{"count":0,"href":"https:\/\/www.europesays.com\/lv\/wp-json\/wp\/v2\/posts\/103971\/revisions"}],"wp:featuredmedia":[{"embeddable":true,"href":"https:\/\/www.europesays.com\/lv\/wp-json\/wp\/v2\/media\/103972"}],"wp:attachment":[{"href":"https:\/\/www.europesays.com\/lv\/wp-json\/wp\/v2\/media?parent=103971"}],"wp:term":[{"taxonomy":"category","embeddable":true,"href":"https:\/\/www.europesays.com\/lv\/wp-json\/wp\/v2\/categories?post=103971"},{"taxonomy":"post_tag","embeddable":true,"href":"https:\/\/www.europesays.com\/lv\/wp-json\/wp\/v2\/tags?post=103971"}],"curies":[{"name":"wp","href":"https:\/\/api.w.org\/{rel}","templated":true}]}}