{"id":103978,"date":"2026-01-14T08:15:09","date_gmt":"2026-01-14T08:15:09","guid":{"rendered":"https:\/\/www.europesays.com\/lv\/103978\/"},"modified":"2026-01-14T08:15:09","modified_gmt":"2026-01-14T08:15:09","slug":"noslepumaina-karavira-nave-polijas-purva","status":"publish","type":"post","link":"https:\/\/www.europesays.com\/lv\/103978\/","title":{"rendered":"Nosl\u0113pumain\u0101 karav\u012bra n\u0101ve Polijas purv\u0101"},"content":{"rendered":"<p class=\"descr\">Polij\u0101, Il\u017eas tuvum\u0101, atrasts miris 29 gadus vecs karav\u012brs, zi\u0146o TVN24 un tv24.lt. Var\u0161avas Ursinovas rajona prokurat\u016bra ir uzs\u0101kusi izmekl\u0113\u0161anu.<\/p>\n<p>Jaunais leitnants 2. janv\u0101r\u012b apmekl\u0113ja ball\u012bti. Vi\u0146\u0161 to pameta pirms pusnakts un, p\u0113c Radomas pils\u0113tas policijas p\u0101rst\u0101ves Just\u012bnas Ja\u0161kevi\u010das teikt\u0101, dev\u0101s nezin\u0101m\u0101 virzien\u0101. Dienesti par to tika inform\u0113ti n\u0101kamaj\u0101 dien\u0101 ap pusdienlaiku. \u201cSa\u0146emot inform\u0101ciju par pazu\u0161anu, Radomas policijas darbinieki nekav\u0113joties uzs\u0101ka mekl\u0113\u0161anu. Tika zi\u0146ots, ka pazudus\u012b persona ir <a href=\"https:\/\/nra.lv\/birka\/karavirs\/\" target=\"_blank\" rel=\"noopener nofollow\">karav\u012brs<\/a>, t\u0101p\u0113c tika inform\u0113ta milit\u0101r\u0101 policija, kuras darbinieki ar\u012b piedal\u012bj\u0101s mekl\u0113\u0161an\u0101,\u201dteikts policijas pazi\u0146ojum\u0101.L\u012b\u0137is tika atrasts n\u0101kamaj\u0101 dien\u0101 me\u017eain\u0101 apvid\u016b, purv\u0101. &#8220;Turpm\u0101ku izmekl\u0113\u0161anu \u0161aj\u0101 liet\u0101 veic Ursinovas rajona prokurat\u016bra Var\u0161av\u0101,&#8221; sac\u012bja Radomas pils\u0113tas policijas p\u0101rvaldes p\u0101rst\u0101ve.K\u0101 past\u0101st\u012bja prokurat\u016bras p\u0101rst\u0101vis Pjotrs Skiba, l\u012b\u0137is atrasts sasalu\u0161\u0101 purv\u0101, gr\u016bti pieejam\u0101 viet\u0101.<\/p>\n<p>\t\t\t\t\t\tinfo<\/p>\n<p>Uzzini pirmais<br \/>kas interesants noticis Latvij\u0101 un pasaul\u0113,<br \/>pievienojoties mums <a href=\"https:\/\/t.me\/neatkariga\" rel=\"nofollow\">Telegram<\/a> vai <a href=\"https:\/\/whatsapp.com\/channel\/0029VaMLFUH5K3zLU5s4wm3y\" rel=\"nofollow noopener\" target=\"_blank\">Whatsapp<\/a> kan\u0101l\u0101<\/p>\n","protected":false},"excerpt":{"rendered":"Polij\u0101, Il\u017eas tuvum\u0101, atrasts miris 29 gadus vecs karav\u012brs, zi\u0146o TVN24 un tv24.lt. Var\u0161avas Ursinovas rajona prokurat\u016bra ir&hellip;\n","protected":false},"author":2,"featured_media":103979,"comment_status":"","ping_status":"","sticky":false,"template":"","format":"standard","meta":{"footnotes":""},"categories":[14],"tags":[23,57,28,29,32,33,22,30,31,35,39,38,36,37,34,40,20,26,27,24,25,54,55,56,21,58],"class_list":{"0":"post-103978","1":"post","2":"type-post","3":"status-publish","4":"format-standard","5":"has-post-thumbnail","7":"category-zinas-no-arvalstim","8":"tag-aktualitates","9":"tag-arvalstim","10":"tag-breaking-news","11":"tag-breakingnews","12":"tag-featured-news","13":"tag-featurednews","14":"tag-headlines","15":"tag-latest-news","16":"tag-latestnews","17":"tag-latvia","18":"tag-latvian","19":"tag-latviesu","20":"tag-latviesu-valoda","21":"tag-latviesuvaloda","22":"tag-latvija","23":"tag-lv","24":"tag-news","25":"tag-popularakas-zinas","26":"tag-popularakaszinas","27":"tag-top-stories","28":"tag-topstories","29":"tag-world","30":"tag-world-news","31":"tag-worldnews","32":"tag-zinas","33":"tag-zinas-no-arvalstim"},"share_on_mastodon":{"url":"https:\/\/pubeurope.com\/@lv\/115892461460088566","error":""},"_links":{"self":[{"href":"https:\/\/www.europesays.com\/lv\/wp-json\/wp\/v2\/posts\/103978","targetHints":{"allow":["GET"]}}],"collection":[{"href":"https:\/\/www.europesays.com\/lv\/wp-json\/wp\/v2\/posts"}],"about":[{"href":"https:\/\/www.europesays.com\/lv\/wp-json\/wp\/v2\/types\/post"}],"author":[{"embeddable":true,"href":"https:\/\/www.europesays.com\/lv\/wp-json\/wp\/v2\/users\/2"}],"replies":[{"embeddable":true,"href":"https:\/\/www.europesays.com\/lv\/wp-json\/wp\/v2\/comments?post=103978"}],"version-history":[{"count":0,"href":"https:\/\/www.europesays.com\/lv\/wp-json\/wp\/v2\/posts\/103978\/revisions"}],"wp:featuredmedia":[{"embeddable":true,"href":"https:\/\/www.europesays.com\/lv\/wp-json\/wp\/v2\/media\/103979"}],"wp:attachment":[{"href":"https:\/\/www.europesays.com\/lv\/wp-json\/wp\/v2\/media?parent=103978"}],"wp:term":[{"taxonomy":"category","embeddable":true,"href":"https:\/\/www.europesays.com\/lv\/wp-json\/wp\/v2\/categories?post=103978"},{"taxonomy":"post_tag","embeddable":true,"href":"https:\/\/www.europesays.com\/lv\/wp-json\/wp\/v2\/tags?post=103978"}],"curies":[{"name":"wp","href":"https:\/\/api.w.org\/{rel}","templated":true}]}}