{"id":103980,"date":"2026-01-14T08:16:06","date_gmt":"2026-01-14T08:16:06","guid":{"rendered":"https:\/\/www.europesays.com\/lv\/103980\/"},"modified":"2026-01-14T08:16:06","modified_gmt":"2026-01-14T08:16:06","slug":"alsungas-ugunsdzeseji-modernas-telpas-kurzemnieks-lv","status":"publish","type":"post","link":"https:\/\/www.europesays.com\/lv\/103980\/","title":{"rendered":"Alsungas ugunsdz\u0113s\u0113ji modern\u0101s telp\u0101s \u2013 Kurzemnieks.lv"},"content":{"rendered":"<p>\u0160om\u0113nes Valsts ugunsdz\u0113s\u012bbas un gl\u0101b\u0161anas dienesta (VUGD) Alsungas poste\u0146a ugunsdz\u0113s\u0113ji gl\u0101b\u0113ji s\u0101ku\u0161i darbu jaunaj\u0101 katastrofu p\u0101rvald\u012bbas centr\u0101, Skolas iel\u0101 24.<\/p>\n<p>Depo ir \u0113rts un piel\u0101gots vis\u0101m profesion\u0101laj\u0101m vajadz\u012bb\u0101m \u2013 taj\u0101 ir m\u0101c\u012bbu telpa, sporta z\u0101le, vair\u0101kas pal\u012bgtelpas. Pla\u0161aj\u0101 gar\u0101\u017eas blok\u0101 ir st\u0101vvietas ugunsdz\u0113s\u012bbas automobi\u013ciem, ar\u012b zona speci\u0101l\u0101s tehnikas apkopei. \u0160\u0101da vide \u013cauj att\u012bst\u012bt profesion\u0101l\u0101s iema\u0146as, uztur\u0113t labu fizisko sagatavot\u012bbu, g\u0101d\u0101t, lai tehnika un invent\u0101rs nep\u0101rtraukti ir gatavi darbam.<\/p>\n<p>Tur b\u016bs ar\u012b Neatliekam\u0101s medic\u012bnisk\u0101s pal\u012bdz\u012bbas dienesta medi\u0137i, bet darba vietas v\u0113l tiek iek\u0101rtotas, sac\u012bja dienesta p\u0101rst\u0101ve Inga V\u012btola.<\/p>\n<p>Centra b\u016bvniec\u012bba s\u0101kta 2024. gada novembr\u012b, un p\u0113rn 23. oktobr\u012b Nodro\u0161in\u0101juma valsts a\u0123ent\u016bra (NVA) \u0113ku pie\u0146\u0113ma sav\u0101 p\u0101rvald\u012bb\u0101. B\u016bvniec\u012bbu pas\u016bt\u012bja NVA, b\u016bvdarbus paveica AS\u00a0UPB. Kop\u0113j\u0101s izmaksas ir tr\u012bs miljoni 562 680 eiro. \u0112kas plat\u012bba \u2013 1105 m2, inform\u0113 Anete Strazdi\u0146a, VUGD prevencijas p\u0101rvaldes sabiedr\u012bbas izgl\u012bto\u0161anas un inform\u0113\u0161anas noda\u013cas vec\u0101k\u0101 inspektore. Par Alsungas poste\u0146a komandieri nesen iecelts leitnants Roberts C\u012brulis.<\/p>\n<p>Latvij\u0101 izvietotas 88 VUGD strukt\u016brvien\u012bbas, tostarp 13 ir Kurzem\u0113. Jaunu katastrofu p\u0101rvald\u012bbas centru b\u016bvniec\u012bba turpin\u0101s, tostarp Kuld\u012bg\u0101.<\/p>\n","protected":false},"excerpt":{"rendered":"\u0160om\u0113nes Valsts ugunsdz\u0113s\u012bbas un gl\u0101b\u0161anas dienesta (VUGD) Alsungas poste\u0146a ugunsdz\u0113s\u0113ji gl\u0101b\u0113ji s\u0101ku\u0161i darbu jaunaj\u0101 katastrofu p\u0101rvald\u012bbas centr\u0101, Skolas&hellip;\n","protected":false},"author":2,"featured_media":103981,"comment_status":"","ping_status":"","sticky":false,"template":"","format":"standard","meta":{"footnotes":""},"categories":[12],"tags":[23,3907,28,29,8156,32,33,22,25062,3911,5145,30,31,35,39,38,36,37,34,40,20,3938,26,27,24,25,25063,4908,21],"class_list":{"0":"post-103980","1":"post","2":"type-post","3":"status-publish","4":"format-standard","5":"has-post-thumbnail","7":"category-latvija","8":"tag-aktualitates","9":"tag-alsunga","10":"tag-breaking-news","11":"tag-breakingnews","12":"tag-civila-aizsardziba","13":"tag-featured-news","14":"tag-featurednews","15":"tag-headlines","16":"tag-katastrofu-parvaldibas-centrs","17":"tag-kuldigas-novads","18":"tag-kurzemnieks","19":"tag-latest-news","20":"tag-latestnews","21":"tag-latvia","22":"tag-latvian","23":"tag-latviesu","24":"tag-latviesu-valoda","25":"tag-latviesuvaloda","26":"tag-latvija","27":"tag-lv","28":"tag-news","29":"tag-nmpd","30":"tag-popularakas-zinas","31":"tag-popularakaszinas","32":"tag-top-stories","33":"tag-topstories","34":"tag-ugunsdzeseju-depo","35":"tag-vugd","36":"tag-zinas"},"share_on_mastodon":{"url":"https:\/\/pubeurope.com\/@lv\/115892465384482145","error":""},"_links":{"self":[{"href":"https:\/\/www.europesays.com\/lv\/wp-json\/wp\/v2\/posts\/103980","targetHints":{"allow":["GET"]}}],"collection":[{"href":"https:\/\/www.europesays.com\/lv\/wp-json\/wp\/v2\/posts"}],"about":[{"href":"https:\/\/www.europesays.com\/lv\/wp-json\/wp\/v2\/types\/post"}],"author":[{"embeddable":true,"href":"https:\/\/www.europesays.com\/lv\/wp-json\/wp\/v2\/users\/2"}],"replies":[{"embeddable":true,"href":"https:\/\/www.europesays.com\/lv\/wp-json\/wp\/v2\/comments?post=103980"}],"version-history":[{"count":0,"href":"https:\/\/www.europesays.com\/lv\/wp-json\/wp\/v2\/posts\/103980\/revisions"}],"wp:featuredmedia":[{"embeddable":true,"href":"https:\/\/www.europesays.com\/lv\/wp-json\/wp\/v2\/media\/103981"}],"wp:attachment":[{"href":"https:\/\/www.europesays.com\/lv\/wp-json\/wp\/v2\/media?parent=103980"}],"wp:term":[{"taxonomy":"category","embeddable":true,"href":"https:\/\/www.europesays.com\/lv\/wp-json\/wp\/v2\/categories?post=103980"},{"taxonomy":"post_tag","embeddable":true,"href":"https:\/\/www.europesays.com\/lv\/wp-json\/wp\/v2\/tags?post=103980"}],"curies":[{"name":"wp","href":"https:\/\/api.w.org\/{rel}","templated":true}]}}