{"id":103982,"date":"2026-01-14T08:17:09","date_gmt":"2026-01-14T08:17:09","guid":{"rendered":"https:\/\/www.europesays.com\/lv\/103982\/"},"modified":"2026-01-14T08:17:09","modified_gmt":"2026-01-14T08:17:09","slug":"valdiba-nav-gatava-atbrivot-pasvaldibu-no-atbildibas","status":"publish","type":"post","link":"https:\/\/www.europesays.com\/lv\/103982\/","title":{"rendered":"vald\u012bba nav gatava atbr\u012bvot pa\u0161vald\u012bbu no atbild\u012bbas"},"content":{"rendered":"<p>&#8220;T\u0101 var\u0113tu b\u016bt gan kop\u012bga atbild\u012bbas uz\u0146em\u0161an\u0101s, kop\u012bga l\u012bdzdal\u012bba kapit\u0101lsabiedr\u012bb\u0101, gan ar\u012b citi scen\u0101riji,&#8221; pauda L\u0101ce, nor\u0101dot, ka KM, k\u0101 ar\u012b koal\u012bcija esot gatava turpin\u0101t \u0161o sarunu.<\/p>\n<p>Atbildot uz jaut\u0101jumu par valsts iesaisti, to, k\u0101das konkr\u0113tas valsts iesaistes formas \u0161obr\u012bd tiek v\u0113rt\u0113tas, piem\u0113ram, vai t\u0101 ir \u012bpa\u0161uma p\u0101r\u0146em\u0161ana, l\u012bdzfinans\u0113jums vai p\u0101rvald\u012bbas mai\u0146a, L\u0101ce nor\u0101d\u012bja, ka informat\u012bvaj\u0101 zi\u0146ojum\u0101 j\u0101izv\u0113rt\u0113 visi \u0161ie scen\u0101riji, j\u0101apskata, k\u0101di katr\u0101 no situ\u0101cij\u0101m ir ieguvumi un riski, kas ar\u012b tik\u0161ot dar\u012bts.<\/p>\n<p>&#8220;\u013boti svar\u012bgi, ka dialogs ar pa\u0161vald\u012bbu notiek, ka inform\u0101cija tiek sniegta savlaic\u012bgi, ka ir skaidr\u012bba no pa\u0161vald\u012bbas puses, kas ir v\u0113lamie un iecer\u0113tie risin\u0101jumi, jo l\u012bdz \u0161im ir izskan\u0113ju\u0161i \u013coti daudz varianti, un tie main\u0101s pa dien\u0101m,&#8221; pauda L\u0101ce, piebilstot, ka t\u0101d\u0113\u013c skaidra atbilde uz KM pied\u0101v\u0101tajiem scen\u0101rijiem, vi\u0146aspr\u0101t, pal\u012bdz\u0113s virz\u012bties uz priek\u0161u.<\/p>\n","protected":false},"excerpt":{"rendered":"&#8220;T\u0101 var\u0113tu b\u016bt gan kop\u012bga atbild\u012bbas uz\u0146em\u0161an\u0101s, kop\u012bga l\u012bdzdal\u012bba kapit\u0101lsabiedr\u012bb\u0101, gan ar\u012b citi scen\u0101riji,&#8221; pauda L\u0101ce, nor\u0101dot, ka&hellip;\n","protected":false},"author":2,"featured_media":103983,"comment_status":"","ping_status":"","sticky":false,"template":"","format":"standard","meta":{"footnotes":""},"categories":[5],"tags":[23,28,29,32,33,22,64,30,31,321,35,39,38,36,37,34,40,20,26,27,24,25,3077,21],"class_list":{"0":"post-103982","1":"post","2":"type-post","3":"status-publish","4":"format-standard","5":"has-post-thumbnail","7":"category-aktualitates","8":"tag-aktualitates","9":"tag-breaking-news","10":"tag-breakingnews","11":"tag-featured-news","12":"tag-featurednews","13":"tag-headlines","14":"tag-kultura","15":"tag-latest-news","16":"tag-latestnews","17":"tag-latgale","18":"tag-latvia","19":"tag-latvian","20":"tag-latviesu","21":"tag-latviesu-valoda","22":"tag-latviesuvaloda","23":"tag-latvija","24":"tag-lv","25":"tag-news","26":"tag-popularakas-zinas","27":"tag-popularakaszinas","28":"tag-top-stories","29":"tag-topstories","30":"tag-valsts-parvalde","31":"tag-zinas"},"share_on_mastodon":{"url":"https:\/\/pubeurope.com\/@lv\/115892469321002078","error":""},"_links":{"self":[{"href":"https:\/\/www.europesays.com\/lv\/wp-json\/wp\/v2\/posts\/103982","targetHints":{"allow":["GET"]}}],"collection":[{"href":"https:\/\/www.europesays.com\/lv\/wp-json\/wp\/v2\/posts"}],"about":[{"href":"https:\/\/www.europesays.com\/lv\/wp-json\/wp\/v2\/types\/post"}],"author":[{"embeddable":true,"href":"https:\/\/www.europesays.com\/lv\/wp-json\/wp\/v2\/users\/2"}],"replies":[{"embeddable":true,"href":"https:\/\/www.europesays.com\/lv\/wp-json\/wp\/v2\/comments?post=103982"}],"version-history":[{"count":0,"href":"https:\/\/www.europesays.com\/lv\/wp-json\/wp\/v2\/posts\/103982\/revisions"}],"wp:featuredmedia":[{"embeddable":true,"href":"https:\/\/www.europesays.com\/lv\/wp-json\/wp\/v2\/media\/103983"}],"wp:attachment":[{"href":"https:\/\/www.europesays.com\/lv\/wp-json\/wp\/v2\/media?parent=103982"}],"wp:term":[{"taxonomy":"category","embeddable":true,"href":"https:\/\/www.europesays.com\/lv\/wp-json\/wp\/v2\/categories?post=103982"},{"taxonomy":"post_tag","embeddable":true,"href":"https:\/\/www.europesays.com\/lv\/wp-json\/wp\/v2\/tags?post=103982"}],"curies":[{"name":"wp","href":"https:\/\/api.w.org\/{rel}","templated":true}]}}