{"id":103990,"date":"2026-01-14T08:21:17","date_gmt":"2026-01-14T08:21:17","guid":{"rendered":"https:\/\/www.europesays.com\/lv\/103990\/"},"modified":"2026-01-14T08:21:17","modified_gmt":"2026-01-14T08:21:17","slug":"danijas-karaviri-drikst-atklat-uguni-bez-paveles-ja-asv-meginatu-sagrabt-grenlandi-lente-lv","status":"publish","type":"post","link":"https:\/\/www.europesays.com\/lv\/103990\/","title":{"rendered":"D\u0101nijas karav\u012bri dr\u012bkst atkl\u0101t uguni bez pav\u0113les, ja ASV m\u0113\u0123in\u0101tu sagr\u0101bt Grenlandi\u00a0\u2014\u00a0Lente.lv"},"content":{"rendered":"<p>D\u0101nijas milit\u0101r\u0101 direkt\u012bva joproj\u0101m sp\u0113k\u0101<\/p>\n<p>D\u0101nijas karav\u012briem ir pav\u0113l\u0113ts nekav\u0113joties atkl\u0101t uguni bez tie\u0161as pav\u0113les, ja k\u0101da \u0101rvalsts, tostarp Amerikas Savienot\u0101s Valstis, m\u0113\u0123in\u0101tu milit\u0101ri ie\u0146emt Grenlandi. \u0160\u012b 1952. gad\u0101 izdot\u0101 milit\u0101r\u0101 direkt\u012bva joproj\u0101m ir sp\u0113k\u0101, ko apstiprin\u0101jusi D\u0101nijas Aizsardz\u012bbas ministrija, zi\u0146o \u201cEuronews\u201d. \u0160\u012b stingr\u0101 nost\u0101ja n\u0101kusi gaism\u0101 laik\u0101, kad pastiprin\u0101ju\u0161\u0101s ASV intereses par Grenlandi, D\u0101nijai piedero\u0161o autonomo teritoriju Arktik\u0101.<\/p>\n<p>ASV intereses par Grenlandi un t\u0101s \u0123eopolitisk\u0101 noz\u012bme<\/p>\n<p>ASV intereses par Grenlandi nav jaunas un mekl\u0113jamas jau kop\u0161 Otr\u0101 pasaules kara laikiem, kad sala ieguva strat\u0113\u0123isku noz\u012bmi Zieme\u013catlantijas dro\u0161\u012bbai. T\u0101s atra\u0161an\u0101s vieta starp Zieme\u013cameriku un Eiropu, k\u0101 ar\u012b noz\u012bme Arktikas re\u0123iona kontrol\u0113, padara to par v\u0113rt\u012bgu objektu milit\u0101raj\u0101 un \u0123eopolitiskaj\u0101 strat\u0113\u0123ij\u0101. P\u0113d\u0113j\u0101 laik\u0101 \u0161\u012bs intereses ir atkal aktualiz\u0113tas, jo \u012bpa\u0161i p\u0113c biju\u0161\u0101 ASV prezidenta Donalda Trampa izteikumiem par v\u0113lmi ieg\u016bt salu sav\u0101 kontrol\u0113. Trampa administr\u0101cija ir paudusi, ka Grenlande ir nepiecie\u0161ama ASV nacion\u0101l\u0101s dro\u0161\u012bbas apsv\u0113rumu d\u0113\u013c, uzsverot, ka D\u0101nija nesp\u0113j nodro\u0161in\u0101t salas pien\u0101c\u012bgu aizsardz\u012bbu. \u0160ie izteikumi ir izrais\u012bju\u0161i ba\u017eas un spriedzi starptautiskaj\u0101s attiec\u012bb\u0101s, jo \u012bpa\u0161i starp D\u0101niju un ASV.<\/p>\n<p>D\u0101nijas un Grenlandes stingr\u0101 nost\u0101ja<\/p>\n<p>Gan D\u0101nijas, gan Grenlandes vald\u012bbas ir stingri noraid\u012bju\u0161as jebk\u0101das idejas par salas p\u0101rdo\u0161anu vai aneksiju. D\u0101nijas premjerministre Mete Frederiksena ir nosaukusi Trampa izteikumus par \u201cabsol\u016bti absurdiem\u201d, uzsverot, ka ASV nav ties\u012bbu anekt\u0113t nevienu no D\u0101nijas Karalistes valst\u012bm. Grenlandes premjerministrs Jenss Frederiks Nilsens ir aicin\u0101jis izbeigt \u201caneksijas fant\u0101zijas\u201d, uzsverot, ka Grenlandes likteni var lemt tikai t\u0101s iedz\u012bvot\u0101ji un D\u0101nija. Patlaban Grenlande ir autonoma D\u0101nijas Karalistes teritorija ar pla\u0161\u0101m pa\u0161noteik\u0161an\u0101s ties\u012bb\u0101m. L\u012bdz\u0101s diplom\u0101tiskajiem centieniem saprast ASV nol\u016bkus, notiek ar\u012b sarunas starp D\u0101nijas un Grenlandes \u0101rlietu ministriem un ASV valsts sekret\u0101ru.<\/p>\n<p>Starptautisk\u0101 reakcija un NATO dro\u0161\u012bba<\/p>\n<p>ASV prezidenta Donalda Trampa izteikumi par Grenlandi ir izrais\u012bju\u0161i pla\u0161u starptautisku nosod\u012bjumu. Vair\u0101kas Eiropas valstis, tostarp Lielbrit\u0101nija, Francija, V\u0101cija un Polija, ir paudu\u0161as atbalstu D\u0101nijai, uzsverot teritori\u0101l\u0101s integrit\u0101tes un suverenit\u0101tes principu svar\u012bgumu. Ar\u012b Baltijas valstu \u0101rlietu ministri ir nost\u0101ju\u0161ies Grenlandes pus\u0113, uzsverot, ka \u201cGrenlande ir neat\u0146emama D\u0101nijas Karalistes sast\u0101vda\u013ca\u201d. Eiropas Savien\u012bbas aizsardz\u012bbas komis\u0101rs Andrjus Kubi\u013cus ir br\u012bdin\u0101jis, ka jebk\u0101da ASV milit\u0101ra oper\u0101cija, lai p\u0101r\u0146emtu kontroli p\u0101r Grenlandi, noz\u012bm\u0113tu Zieme\u013catlantijas l\u012bguma organiz\u0101cijas (NATO) beigas. Vi\u0146\u0161 pauda cer\u012bbu, ka Va\u0161ington\u0101 uzvar\u0113s veselais sapr\u0101ts un draudi paliks tikai retorikas l\u012bmen\u012b.<\/p>\n<p>V\u0113sturiskais konteksts un n\u0101kotnes perspekt\u012bvas<\/p>\n<p>ASV interese par Grenlandi nav jauna; t\u0101 v\u0113sturiski sniedzas l\u012bdz 19. gadsimtam, un jau dr\u012bz p\u0113c Otr\u0101 pasaules kara ASV pied\u0101v\u0101ja nopirkt salu par 100 miljoniem dol\u0101ru, ko D\u0101nija noraid\u012bja. Lai gan ASV ir paudusi interesi par salas ieg\u0101di t\u0101s strat\u0113\u0123isk\u0101 novietojuma un resursu d\u0113\u013c, gan D\u0101nijas, gan Grenlandes amatpersonas stingri noraida jebk\u0101das sarunas par salas p\u0101rdo\u0161anu. Klimata p\u0101rmai\u0146as arvien vair\u0101k atver jaunas ku\u0123u mar\u0161rutus Arktik\u0101, palielinot re\u0123iona \u0123eopolitisko noz\u012bmi. Lai gan anal\u012bti\u0137i Va\u0161ington\u0101 uzskata, ka maz ticams, ka pret Grenlandi ASV v\u0113rs\u012bsies ar sp\u0113ku, \u0161\u012b retorika tiek uztverta k\u0101 spiediena izr\u0101d\u012b\u0161ana pret D\u0101niju. D\u0101nijas Aizsardz\u012bbas ministrija ir apstiprin\u0101jusi, ka 1952. gada milit\u0101r\u0101 direkt\u012bva, kas paredz uguns atkl\u0101\u0161anu bez pav\u0113les, ja k\u0101da \u0101rvalsts m\u0113\u0123in\u0101tu ie\u0146emt Grenlandi, joproj\u0101m ir sp\u0113k\u0101.<\/p>\n","protected":false},"excerpt":{"rendered":"D\u0101nijas milit\u0101r\u0101 direkt\u012bva joproj\u0101m sp\u0113k\u0101 D\u0101nijas karav\u012briem ir pav\u0113l\u0113ts nekav\u0113joties atkl\u0101t uguni bez tie\u0161as pav\u0113les, ja k\u0101da \u0101rvalsts,&hellip;\n","protected":false},"author":2,"featured_media":103991,"comment_status":"","ping_status":"","sticky":false,"template":"","format":"standard","meta":{"footnotes":""},"categories":[14],"tags":[23,7204,57,292,28,29,1418,32,33,20878,22,30,31,35,39,38,36,37,34,40,25064,20,26,27,24,25,54,55,56,21,58],"class_list":{"0":"post-103990","1":"post","2":"type-post","3":"status-publish","4":"format-standard","5":"has-post-thumbnail","7":"category-zinas-no-arvalstim","8":"tag-aktualitates","9":"tag-arktika","10":"tag-arvalstim","11":"tag-asv","12":"tag-breaking-news","13":"tag-breakingnews","14":"tag-danija","15":"tag-featured-news","16":"tag-featurednews","17":"tag-grenlande","18":"tag-headlines","19":"tag-latest-news","20":"tag-latestnews","21":"tag-latvia","22":"tag-latvian","23":"tag-latviesu","24":"tag-latviesu-valoda","25":"tag-latviesuvaloda","26":"tag-latvija","27":"tag-lv","28":"tag-militara-direktiva","29":"tag-news","30":"tag-popularakas-zinas","31":"tag-popularakaszinas","32":"tag-top-stories","33":"tag-topstories","34":"tag-world","35":"tag-world-news","36":"tag-worldnews","37":"tag-zinas","38":"tag-zinas-no-arvalstim"},"share_on_mastodon":{"url":"https:\/\/pubeurope.com\/@lv\/115892485251384512","error":""},"_links":{"self":[{"href":"https:\/\/www.europesays.com\/lv\/wp-json\/wp\/v2\/posts\/103990","targetHints":{"allow":["GET"]}}],"collection":[{"href":"https:\/\/www.europesays.com\/lv\/wp-json\/wp\/v2\/posts"}],"about":[{"href":"https:\/\/www.europesays.com\/lv\/wp-json\/wp\/v2\/types\/post"}],"author":[{"embeddable":true,"href":"https:\/\/www.europesays.com\/lv\/wp-json\/wp\/v2\/users\/2"}],"replies":[{"embeddable":true,"href":"https:\/\/www.europesays.com\/lv\/wp-json\/wp\/v2\/comments?post=103990"}],"version-history":[{"count":0,"href":"https:\/\/www.europesays.com\/lv\/wp-json\/wp\/v2\/posts\/103990\/revisions"}],"wp:featuredmedia":[{"embeddable":true,"href":"https:\/\/www.europesays.com\/lv\/wp-json\/wp\/v2\/media\/103991"}],"wp:attachment":[{"href":"https:\/\/www.europesays.com\/lv\/wp-json\/wp\/v2\/media?parent=103990"}],"wp:term":[{"taxonomy":"category","embeddable":true,"href":"https:\/\/www.europesays.com\/lv\/wp-json\/wp\/v2\/categories?post=103990"},{"taxonomy":"post_tag","embeddable":true,"href":"https:\/\/www.europesays.com\/lv\/wp-json\/wp\/v2\/tags?post=103990"}],"curies":[{"name":"wp","href":"https:\/\/api.w.org\/{rel}","templated":true}]}}