{"id":104023,"date":"2026-01-14T08:45:07","date_gmt":"2026-01-14T08:45:07","guid":{"rendered":"https:\/\/www.europesays.com\/lv\/104023\/"},"modified":"2026-01-14T08:45:07","modified_gmt":"2026-01-14T08:45:07","slug":"es-plano-iecelt-sarunu-vedeju-krievijas-jautajumos-izkristalizejusies-iespejamie-kandidati-sim-amatam","status":"publish","type":"post","link":"https:\/\/www.europesays.com\/lv\/104023\/","title":{"rendered":"ES pl\u0101no iecelt sarunu ved\u0113ju Krievijas jaut\u0101jumos: izkristaliz\u0113ju\u0161ies iesp\u0113jamie kandid\u0101ti \u0161im amatam"},"content":{"rendered":"<p>    <img decoding=\"async\" src=\"https:\/\/www.europesays.com\/lv\/wp-content\/uploads\/2026\/01\/2025-03-11t201906z_2087254564_rc21bda9f8w6_rtrmadp_3_ukraine-crisis-usa-1024x683.jpg\" alt=\"&#10;\"\/><\/p>\n<p>Foto: Reuters\/Scanpix\/LETA\n<\/p>\n<p>Eiropas Savien\u012bbas (ES) valstis baid\u0101s, ka ASV var\u0113tu vienoties ar Krieviju aiz vi\u0146u muguras, t\u0101p\u0113c\u00a0v\u0113las izveidot \u012bpa\u0161\u0101 p\u0101rst\u0101vja amatu sarun\u0101m ar Krieviju saist\u012bb\u0101 ar karu Ukrain\u0101. \u0160im p\u0101rst\u0101vim b\u016btu j\u0101aizst\u0101v visas kopienas intereses.<\/p>\n<p>        Las\u012bt\u0101kie<br \/>\n        <a data-imagesrc=\"{&quot;300&quot;:&quot;https:\\\/\\\/lastatic.ams3.cdn.digitaloceanspaces.com\\\/2026\\\/01\\\/pexels-andrew-hewitt-24040512-7595577-300x169.jpg&quot;,&quot;1024&quot;:&quot;https:\\\/\\\/lastatic.ams3.cdn.digitaloceanspaces.com\\\/2026\\\/01\\\/pexels-andrew-hewitt-24040512-7595577-1024x576.jpg&quot;,&quot;1536&quot;:&quot;https:\\\/\\\/lastatic.ams3.cdn.digitaloceanspaces.com\\\/2026\\\/01\\\/pexels-andrew-hewitt-24040512-7595577-1536x864.jpg&quot;,&quot;500&quot;:&quot;https:\\\/\\\/lastatic.ams3.cdn.digitaloceanspaces.com\\\/2026\\\/01\\\/pexels-andrew-hewitt-24040512-7595577-500x281.jpg&quot;,&quot;800&quot;:&quot;https:\\\/\\\/lastatic.ams3.cdn.digitaloceanspaces.com\\\/2026\\\/01\\\/pexels-andrew-hewitt-24040512-7595577-800x450.jpg&quot;,&quot;2560&quot;:&quot;https:\\\/\\\/lastatic.ams3.cdn.digitaloceanspaces.com\\\/2026\\\/01\\\/pexels-andrew-hewitt-24040512-7595577-scaled.jpg&quot;}\" data-focuspoint=\"&quot;&quot;\" data-p=\"2493671\" href=\"https:\/\/www.la.lv\/sis-zodiaka-zimes-saskaras-ar-pagrieziena-punktu-dzive-tam-nekad-vairs-nebus-tada-ka-lidz-sim\" class=\"content-item lazy-load\" wp_automatic_readability=\"27\" rel=\"nofollow noopener\" target=\"_blank\"><\/p>\n<p>                                <img decoding=\"async\" src=\"\" alt=\"\" style=\"\" data-imageid=\"\"\/><\/p>\n<p>                                Kokteilis<\/p>\n<p>\n                                                \u0160\u012bs zodiaka z\u012bmes saskaras ar pagrieziena punktu: dz\u012bve t\u0101m nekad vairs neb\u016bs t\u0101da, k\u0101 l\u012bdz \u0161im\n                            <\/p>\n<p><\/a><a data-imagesrc=\"{&quot;300&quot;:&quot;https:\\\/\\\/lastatic.ams3.cdn.digitaloceanspaces.com\\\/2026\\\/01\\\/FotoJet-5-300x200.jpg&quot;,&quot;1024&quot;:&quot;https:\\\/\\\/lastatic.ams3.cdn.digitaloceanspaces.com\\\/2026\\\/01\\\/FotoJet-5-1024x683.jpg&quot;,&quot;1536&quot;:&quot;https:\\\/\\\/lastatic.ams3.cdn.digitaloceanspaces.com\\\/2026\\\/01\\\/FotoJet-5-1536x1024.jpg&quot;,&quot;500&quot;:&quot;https:\\\/\\\/lastatic.ams3.cdn.digitaloceanspaces.com\\\/2026\\\/01\\\/FotoJet-5-500x333.jpg&quot;,&quot;800&quot;:&quot;https:\\\/\\\/lastatic.ams3.cdn.digitaloceanspaces.com\\\/2026\\\/01\\\/FotoJet-5-800x533.jpg&quot;,&quot;1800&quot;:&quot;https:\\\/\\\/lastatic.ams3.cdn.digitaloceanspaces.com\\\/2026\\\/01\\\/FotoJet-5.jpg&quot;}\" data-focuspoint=\"&quot;&quot;\" data-p=\"2491277\" href=\"https:\/\/www.la.lv\/vecums-nav-spriedums-5-pazimes-kas-liecina-ka-jus-novecojat-loti-veiksmigi\" class=\"content-item lazy-load\" wp_automatic_readability=\"27\" rel=\"nofollow noopener\" target=\"_blank\"><\/p>\n<p>                                <img decoding=\"async\" src=\"\" alt=\"\" style=\"\" data-imageid=\"\"\/><\/p>\n<p>\n                                                Vecums nav spriedums: 5 paz\u012bmes, kas liecina, ka j\u016bs novecojat \u013coti veiksm\u012bgi\n                            <\/p>\n<p><\/a><a data-imagesrc=\"{&quot;300&quot;:&quot;https:\\\/\\\/lastatic.ams3.cdn.digitaloceanspaces.com\\\/2026\\\/01\\\/LET_21079616-300x196.jpg&quot;,&quot;1024&quot;:&quot;https:\\\/\\\/lastatic.ams3.cdn.digitaloceanspaces.com\\\/2026\\\/01\\\/LET_21079616-1024x670.jpg&quot;,&quot;1536&quot;:&quot;https:\\\/\\\/lastatic.ams3.cdn.digitaloceanspaces.com\\\/2026\\\/01\\\/LET_21079616-1536x1005.jpg&quot;,&quot;500&quot;:&quot;https:\\\/\\\/lastatic.ams3.cdn.digitaloceanspaces.com\\\/2026\\\/01\\\/LET_21079616-500x327.jpg&quot;,&quot;800&quot;:&quot;https:\\\/\\\/lastatic.ams3.cdn.digitaloceanspaces.com\\\/2026\\\/01\\\/LET_21079616-800x523.jpg&quot;,&quot;2560&quot;:&quot;https:\\\/\\\/lastatic.ams3.cdn.digitaloceanspaces.com\\\/2026\\\/01\\\/LET_21079616-scaled.jpg&quot;}\" data-focuspoint=\"&quot;&quot;\" data-p=\"2489693\" href=\"https:\/\/www.la.lv\/nebija-nekadu-bridinajuma-zimju-kamer-gimene-meza-bauda-ziemas-priekus-mednieki-blakus-sauj\" class=\"content-item lazy-load\" wp_automatic_readability=\"27\" rel=\"nofollow noopener\" target=\"_blank\"><\/p>\n<p>                                <img decoding=\"async\" src=\"\" alt=\"\" style=\"\" data-imageid=\"\"\/><\/p>\n<p>\n                                                \u201cNebija nek\u0101du br\u012bdin\u0101juma z\u012bmju!\u201d Kam\u0113r \u0123imene me\u017e\u0101 bauda ziemas priekus, mednieki blakus \u0161auj\n                            <\/p>\n<p><\/a><br \/>\n        <a class=\"read-more\" href=\"https:\/\/www.la.lv\/top\" rel=\"nofollow noopener\" target=\"_blank\">Las\u012bt citas zi\u0146as<\/a><\/p>\n<p>K\u0101 raksta Politico, atsaucoties uz saviem avotiem, \u0161\u012b pl\u0101na atbalst\u012bt\u0101ji, tostarp Francija un It\u0101lija, jau ir ieguvu\u0161i Eiropas Komisijas un vair\u0101ku valstu atbalstu.<\/p>\n<p>Vi\u0146i uzskata, ka t\u0101d\u0101 veid\u0101 Eiropa sp\u0113s saglab\u0101t savas \u201csarkan\u0101s l\u012bnijas\u201d, piem\u0113ram, Ukrainas iesp\u0113jamo n\u0101kotnes dal\u012bbu NATO, tikai tad, ja tai b\u016bs vieta pie sarunu galda.<\/p>\n<p>    CITI \u0160OBR\u012aD LASA<\/p>\n<blockquote><p>\u201cDa\u017eus jaut\u0101jumus nevar apspriest tikai ar ASV, jo tiem ir tie\u0161a ietekme uz m\u016bsu \u2013 eiropie\u0161u \u2013 dro\u0161\u012bbu,\u201d nor\u0101d\u012bja k\u0101da amatpersona un uzsv\u0113ra, ka v\u0113st\u012bjums Va\u0161ingtonai ir tikpat svar\u012bgs k\u0101 v\u0113st\u012bjums Maskavai.<\/p><\/blockquote>\n<p>Ideja par \u0161\u0101da \u012bpa\u0161\u0101 s\u016bt\u0146a iecel\u0161anu pirmo reizi tika apspriesta ES samit\u0101 pag\u0101ju\u0161\u0101 gada mart\u0101, apstiprin\u0101ja augsta ES amatpersona. Ta\u010du, neskatoties uz pla\u0161u atbalstu, l\u0113mums v\u0113l nav pie\u0146emts.<\/p>\n<p>\u201cValstis, kas atbalst\u012bja \u012bpa\u0161\u0101 s\u016bt\u0146a iecel\u0161anu Ukrainas jaut\u0101jumos, ne vienm\u0113r atbalsta t\u0101da pa\u0161a s\u016bt\u0146a iecel\u0161anu sarun\u0101m ar Krieviju,\u201d nor\u0101d\u012bja viena no amatperson\u0101m, ar ko run\u0101ja izdevums.<\/p>\n<p>Amatpersonas nor\u0101d\u012bja, ka daudzi svar\u012bgi jaut\u0101jumi par \u0161o amatu v\u0113l nav izlemti, piem\u0113ram, vai \u0161\u012b persona p\u0101rst\u0101v\u0113s tikai ES vai pla\u0161\u0101ku \u201ckoal\u012bciju\u201d, kur\u0101 var\u0113tu b\u016bt ar\u012b Apvienot\u0101 Karaliste un citas valstis. T\u0101pat v\u0113l nav lemts, vai \u0161is b\u016bs form\u0101ls un diplom\u0101tisks amats vai neofici\u0101li uztic\u0113ta loma k\u0101das valsts l\u012bderim.<\/p>\n<p>It\u0101lijas vald\u012bbas ministrs ned\u0113\u013cas nogal\u0113 pazi\u0146oja, ka \u0161o amatu vajadz\u0113tu pied\u0101v\u0101t biju\u0161ajam It\u0101lijas premjerministram Mario Dragi.<\/p>\n<p>Tikm\u0113r \u010detri diplom\u0101ti nor\u0101d\u012bju\u0161i, ka bie\u017ei tiek apsv\u0113rta ar\u012b Somijas prezidenta Aleksandra Stuba kandidat\u016bra. Stubs uztur labas attiec\u012bbas ar Donaldu Trampu, savuk\u0101rt Somija robe\u017eojas ar Krieviju un bie\u017ei cie\u0161 no Krem\u013ca \u012bstenotaj\u0101m hibr\u012bdoper\u0101cij\u0101m.<\/p>\n<p>K\u0101ds avots nor\u0101d\u012bja, ka pa\u013cau\u0161an\u0101s uz pa\u0161reiz\u0113ju l\u012bderi var\u0113tu dot liel\u0101ku br\u012bv\u012bbu izteikumos. Ta\u010du vi\u0146\u0161 ar\u012b br\u012bdin\u0101ja: \u201cSvar\u012bgi ir saprast, kad visp\u0101r run\u0101t ar Putinu. Vai past\u0101v risks, ka \u0161\u0101da r\u012bc\u012bba le\u0123itimiz\u0113tu vi\u0146a poz\u012bcijas?\u201d<\/p>\n<p>Vienlaikus ES p\u0101rst\u0101vji Politico intervij\u0101 uzsv\u0113ra, ka \u0161\u0101ds amats \u0161obr\u012bd v\u0113l neeksist\u0113 un visas diskusijas par kandid\u0101tiem ir priek\u0161laic\u012bgas.<\/p>\n<p>Pag\u0101ju\u0161\u0101 gada decembr\u012b Francijas prezidents Emanuels Makrons nor\u0101d\u012bja, ka Eiropai b\u016bs j\u0101atjauno tie\u0161s dialogs ar Krem\u013ca saimnieku Vladimiru Putinu, ja ASV centieni pan\u0101kt mieru Ukrain\u0101 izg\u0101ztos. Vi\u0146\u0161 ar\u012b s\u016bdz\u0113j\u0101s, ka Eiropas valstu l\u012bderi \u0161obr\u012bd tiek izsl\u0113gti no miera sarun\u0101m ar Krieviju.<\/p>\n<p>Ukrainas prezidents Volodimirs Zelenskis pazi\u0146oja, ka vi\u0146am nav iebildumu, ja Eiropa sarun\u0101jas ar Krieviju, ta\u010du tikai ar nosac\u012bjumu, ka Maskava izprot sarunu nopietn\u012bbu un to sekas.<\/p>\n<p>T\u0113mas<\/p>\n<p>    SAIST\u012aTIE RAKSTI<\/p>\n","protected":false},"excerpt":{"rendered":"Foto: Reuters\/Scanpix\/LETA Eiropas Savien\u012bbas (ES) valstis baid\u0101s, ka ASV var\u0113tu vienoties ar Krieviju aiz vi\u0146u muguras, t\u0101p\u0113c\u00a0v\u0113las izveidot&hellip;\n","protected":false},"author":2,"featured_media":104024,"comment_status":"","ping_status":"","sticky":false,"template":"","format":"standard","meta":{"footnotes":""},"categories":[14],"tags":[23,57,28,29,32,33,22,30,31,35,39,38,36,37,34,40,20,26,27,24,25,54,55,56,21,58],"class_list":{"0":"post-104023","1":"post","2":"type-post","3":"status-publish","4":"format-standard","5":"has-post-thumbnail","7":"category-zinas-no-arvalstim","8":"tag-aktualitates","9":"tag-arvalstim","10":"tag-breaking-news","11":"tag-breakingnews","12":"tag-featured-news","13":"tag-featurednews","14":"tag-headlines","15":"tag-latest-news","16":"tag-latestnews","17":"tag-latvia","18":"tag-latvian","19":"tag-latviesu","20":"tag-latviesu-valoda","21":"tag-latviesuvaloda","22":"tag-latvija","23":"tag-lv","24":"tag-news","25":"tag-popularakas-zinas","26":"tag-popularakaszinas","27":"tag-top-stories","28":"tag-topstories","29":"tag-world","30":"tag-world-news","31":"tag-worldnews","32":"tag-zinas","33":"tag-zinas-no-arvalstim"},"share_on_mastodon":{"url":"https:\/\/pubeurope.com\/@lv\/115892579413070223","error":""},"_links":{"self":[{"href":"https:\/\/www.europesays.com\/lv\/wp-json\/wp\/v2\/posts\/104023","targetHints":{"allow":["GET"]}}],"collection":[{"href":"https:\/\/www.europesays.com\/lv\/wp-json\/wp\/v2\/posts"}],"about":[{"href":"https:\/\/www.europesays.com\/lv\/wp-json\/wp\/v2\/types\/post"}],"author":[{"embeddable":true,"href":"https:\/\/www.europesays.com\/lv\/wp-json\/wp\/v2\/users\/2"}],"replies":[{"embeddable":true,"href":"https:\/\/www.europesays.com\/lv\/wp-json\/wp\/v2\/comments?post=104023"}],"version-history":[{"count":0,"href":"https:\/\/www.europesays.com\/lv\/wp-json\/wp\/v2\/posts\/104023\/revisions"}],"wp:featuredmedia":[{"embeddable":true,"href":"https:\/\/www.europesays.com\/lv\/wp-json\/wp\/v2\/media\/104024"}],"wp:attachment":[{"href":"https:\/\/www.europesays.com\/lv\/wp-json\/wp\/v2\/media?parent=104023"}],"wp:term":[{"taxonomy":"category","embeddable":true,"href":"https:\/\/www.europesays.com\/lv\/wp-json\/wp\/v2\/categories?post=104023"},{"taxonomy":"post_tag","embeddable":true,"href":"https:\/\/www.europesays.com\/lv\/wp-json\/wp\/v2\/tags?post=104023"}],"curies":[{"name":"wp","href":"https:\/\/api.w.org\/{rel}","templated":true}]}}