{"id":104025,"date":"2026-01-14T08:46:07","date_gmt":"2026-01-14T08:46:07","guid":{"rendered":"https:\/\/www.europesays.com\/lv\/104025\/"},"modified":"2026-01-14T08:46:07","modified_gmt":"2026-01-14T08:46:07","slug":"in-memoriam-valdis-gavars-1934-2026","status":"publish","type":"post","link":"https:\/\/www.europesays.com\/lv\/104025\/","title":{"rendered":"In Memoriam. Valdis Gavars (1934\u20132026)"},"content":{"rendered":"<p>M\u016b\u017e\u012bb\u0101 devies zin\u0101tnieks un novadp\u0113tnieks, J\u016brmalas Goda z\u012bmes laure\u0101ts, Goda j\u016brmalnieks Valdis Gavars.<\/p>\n<p>Valdis Gavars ir spilgta person\u012bba, Latvij\u0101 un pasaul\u0113 cien\u012bts zin\u0101tnieks\u00a0\u2013 kodolfizi\u0137is, viens no Salaspils atomreaktora b\u016bv\u0113t\u0101jiem, in\u017eenierzin\u0101t\u0146u doktors, vair\u0101ku desmitu v\u0113sturisku gr\u0101matu un zin\u0101tnisku rakstu autors, aizraut\u012bgs Rai\u0146a un Aspazijas dz\u012bves p\u0113tnieks.<\/p>\n<p>2019.\u00a0gad\u0101 Valdim Gavaram pie\u0161\u0137irts J\u016brmalas pa\u0161vald\u012bbas augst\u0101kais apbalvojums par ieguld\u012bjumu pils\u0113tas att\u012bst\u012bb\u0101 \u2013 Goda z\u012bme un tituls \u201cGoda j\u016brmalnieks\u201d. 2020.\u00a0gad\u0101 par m\u016b\u017ea ieguld\u012bjumu Latvijas zin\u0101tnes un ener\u0123\u0113tikas att\u012bst\u012bb\u0101 Valdim Gavaram pie\u0161\u0137irts Triju Zvaig\u017e\u0146u ordenis, vi\u0146\u0161 iecelts par orde\u0146a virsnieku.<\/p>\n<p>Noz\u012bm\u012bgs Valda Gavara devums J\u016brmalai un Latvijai ir 2019.\u00a0gad\u0101 atjaunot\u0101 Rai\u0146a celt\u0101 vasarn\u012bca Poruka prospekt\u0101 Jaundubultos. \u012astenojot priv\u0101tu iniciat\u012bvu un ieguldot savus l\u012bdzek\u013cus, Rai\u0146a 1904.\u00a0gad\u0101 celto vasarn\u012bcu Gavaru \u0123imene ir atjaunojusi t\u0101s s\u0101kotn\u0113j\u0101 izskat\u0101, t\u0101d\u0113j\u0101di saglab\u0101jot un n\u0101kamaj\u0101m paaudz\u0113m nododot noz\u012bm\u012bgu kult\u016brv\u0113sturisko mantojumu.<\/p>\n<p>Valdis Gavars ir iesaist\u012bjies J\u016brmalas v\u0113sturisk\u0101s pils\u0113tvides saglab\u0101\u0161an\u0101, akt\u012bvi darbojies Aspazijas un Rai\u0146a dz\u012bves un dai\u013crades vietu izp\u0113t\u0113, populariz\u0113\u0161an\u0101 un atjauno\u0161an\u0101. 2018.\u00a0gad\u0101 izdota Valda Gavara gr\u0101mata \u201cM\u016bsu priedes. Rainis un Aspazija Jaundubultos\u201d, kur\u0101 atainota viena \u012bpa\u0161uma v\u0113sture vair\u0101k nek\u0101 gadsimta garum\u0101; vienlaikus t\u0101 ir pils\u0113tas v\u0113sture, skat\u012bta gadsimtu grie\u017eos.<\/p>\n<p>Paldies par devumu J\u016brmalai un Latvijai! Lai gai\u0161s ce\u013c\u0161 m\u016b\u017e\u012bb\u0101!<\/p>\n","protected":false},"excerpt":{"rendered":"M\u016b\u017e\u012bb\u0101 devies zin\u0101tnieks un novadp\u0113tnieks, J\u016brmalas Goda z\u012bmes laure\u0101ts, Goda j\u016brmalnieks Valdis Gavars. Valdis Gavars ir spilgta person\u012bba,&hellip;\n","protected":false},"author":2,"featured_media":104026,"comment_status":"","ping_status":"","sticky":false,"template":"","format":"standard","meta":{"footnotes":""},"categories":[12],"tags":[23,28,29,32,33,22,30,31,35,39,38,36,37,34,40,20,26,27,24,25,21],"class_list":{"0":"post-104025","1":"post","2":"type-post","3":"status-publish","4":"format-standard","5":"has-post-thumbnail","7":"category-latvija","8":"tag-aktualitates","9":"tag-breaking-news","10":"tag-breakingnews","11":"tag-featured-news","12":"tag-featurednews","13":"tag-headlines","14":"tag-latest-news","15":"tag-latestnews","16":"tag-latvia","17":"tag-latvian","18":"tag-latviesu","19":"tag-latviesu-valoda","20":"tag-latviesuvaloda","21":"tag-latvija","22":"tag-lv","23":"tag-news","24":"tag-popularakas-zinas","25":"tag-popularakaszinas","26":"tag-top-stories","27":"tag-topstories","28":"tag-zinas"},"share_on_mastodon":{"url":"https:\/\/pubeurope.com\/@lv\/115892583331696923","error":""},"_links":{"self":[{"href":"https:\/\/www.europesays.com\/lv\/wp-json\/wp\/v2\/posts\/104025","targetHints":{"allow":["GET"]}}],"collection":[{"href":"https:\/\/www.europesays.com\/lv\/wp-json\/wp\/v2\/posts"}],"about":[{"href":"https:\/\/www.europesays.com\/lv\/wp-json\/wp\/v2\/types\/post"}],"author":[{"embeddable":true,"href":"https:\/\/www.europesays.com\/lv\/wp-json\/wp\/v2\/users\/2"}],"replies":[{"embeddable":true,"href":"https:\/\/www.europesays.com\/lv\/wp-json\/wp\/v2\/comments?post=104025"}],"version-history":[{"count":0,"href":"https:\/\/www.europesays.com\/lv\/wp-json\/wp\/v2\/posts\/104025\/revisions"}],"wp:featuredmedia":[{"embeddable":true,"href":"https:\/\/www.europesays.com\/lv\/wp-json\/wp\/v2\/media\/104026"}],"wp:attachment":[{"href":"https:\/\/www.europesays.com\/lv\/wp-json\/wp\/v2\/media?parent=104025"}],"wp:term":[{"taxonomy":"category","embeddable":true,"href":"https:\/\/www.europesays.com\/lv\/wp-json\/wp\/v2\/categories?post=104025"},{"taxonomy":"post_tag","embeddable":true,"href":"https:\/\/www.europesays.com\/lv\/wp-json\/wp\/v2\/tags?post=104025"}],"curies":[{"name":"wp","href":"https:\/\/api.w.org\/{rel}","templated":true}]}}