{"id":104027,"date":"2026-01-14T08:47:08","date_gmt":"2026-01-14T08:47:08","guid":{"rendered":"https:\/\/www.europesays.com\/lv\/104027\/"},"modified":"2026-01-14T08:47:08","modified_gmt":"2026-01-14T08:47:08","slug":"sinoptiki-14-janvari-latvija-gaidams-aukstaks-laiks-un-vejs","status":"publish","type":"post","link":"https:\/\/www.europesays.com\/lv\/104027\/","title":{"rendered":"Sinopti\u0137i: 14. janv\u0101r\u012b Latvij\u0101 gaid\u0101ms aukst\u0101ks laiks un v\u0113j\u0161"},"content":{"rendered":"<p class=\"descr\">Tre\u0161dien Latvij\u0101 nedaudz pastiprin\u0101sies v\u0113j\u0161, t\u0101d\u0113\u013c sals k\u013c\u016bs nepat\u012bkam\u0101ks, prognoz\u0113 sinopti\u0137i.<\/p>\n<p>Nakt\u012b p\u016bt\u012bs l\u0113ns dienvidaustrumu v\u0113j\u0161, valsts austrumos gaid\u0101ms bezv\u0113j\u0161. Viet\u0101m mazliet snigs. Gaisa temperat\u016bra pazemin\u0101sies l\u012bdz -8..-15 gr\u0101diem. Ja debesis skaidrosies, Latgal\u0113 temperat\u016bra var nosl\u012bd\u0113t l\u012bdz -20 gr\u0101diem.<\/p>\n<p><a href=\"https:\/\/nra.lv\/latvija\/regionos\/511155-igaunija-pardzivojusi-27-gradu-lielu-salu.htm\" data-item-link=\"true\" data-item-id=\"511155\" rel=\"nofollow noopener\" target=\"_blank\">Tre\u0161dienas p\u0113cpusdien\u0101<\/a> un vakar\u0101 valsts rietumu un centr\u0101laj\u0101 da\u013c\u0101 dienvidaustrumu v\u0113ja \u0101trums br\u0101zm\u0101s sasniegs 9-14 metrus sekund\u0113. Pievakar\u0113 Kurzem\u0113 no dienvidrietumiem s\u0101ksies sniegputenis. Maksim\u0101l\u0101 gaisa temperat\u016bra b\u016bs -6..-11 gr\u0101di, Latgal\u0113 &#8211; l\u012bdz -13 gr\u0101diem.<\/p>\n<p>R\u012bg\u0101 14. janv\u0101r\u012b nav gaid\u0101mi b\u016btiski nokri\u0161\u0146i un var uzsp\u012bd\u0113t saule. L\u0113ns dienvidu, dienvidaustrumu v\u0113j\u0161 k\u013c\u016bs m\u0113rens. Gaisa temperat\u016bra -8..-10 gr\u0101di.<\/p>\n","protected":false},"excerpt":{"rendered":"Tre\u0161dien Latvij\u0101 nedaudz pastiprin\u0101sies v\u0113j\u0161, t\u0101d\u0113\u013c sals k\u013c\u016bs nepat\u012bkam\u0101ks, prognoz\u0113 sinopti\u0137i. Nakt\u012b p\u016bt\u012bs l\u0113ns dienvidaustrumu v\u0113j\u0161, valsts austrumos&hellip;\n","protected":false},"author":2,"featured_media":104028,"comment_status":"","ping_status":"","sticky":false,"template":"","format":"standard","meta":{"footnotes":""},"categories":[5],"tags":[23,28,29,32,33,22,30,31,35,39,38,36,37,34,40,20,26,27,24,25,21],"class_list":{"0":"post-104027","1":"post","2":"type-post","3":"status-publish","4":"format-standard","5":"has-post-thumbnail","7":"category-aktualitates","8":"tag-aktualitates","9":"tag-breaking-news","10":"tag-breakingnews","11":"tag-featured-news","12":"tag-featurednews","13":"tag-headlines","14":"tag-latest-news","15":"tag-latestnews","16":"tag-latvia","17":"tag-latvian","18":"tag-latviesu","19":"tag-latviesu-valoda","20":"tag-latviesuvaloda","21":"tag-latvija","22":"tag-lv","23":"tag-news","24":"tag-popularakas-zinas","25":"tag-popularakaszinas","26":"tag-top-stories","27":"tag-topstories","28":"tag-zinas"},"share_on_mastodon":{"url":"https:\/\/pubeurope.com\/@lv\/115892587307498264","error":""},"_links":{"self":[{"href":"https:\/\/www.europesays.com\/lv\/wp-json\/wp\/v2\/posts\/104027","targetHints":{"allow":["GET"]}}],"collection":[{"href":"https:\/\/www.europesays.com\/lv\/wp-json\/wp\/v2\/posts"}],"about":[{"href":"https:\/\/www.europesays.com\/lv\/wp-json\/wp\/v2\/types\/post"}],"author":[{"embeddable":true,"href":"https:\/\/www.europesays.com\/lv\/wp-json\/wp\/v2\/users\/2"}],"replies":[{"embeddable":true,"href":"https:\/\/www.europesays.com\/lv\/wp-json\/wp\/v2\/comments?post=104027"}],"version-history":[{"count":0,"href":"https:\/\/www.europesays.com\/lv\/wp-json\/wp\/v2\/posts\/104027\/revisions"}],"wp:featuredmedia":[{"embeddable":true,"href":"https:\/\/www.europesays.com\/lv\/wp-json\/wp\/v2\/media\/104028"}],"wp:attachment":[{"href":"https:\/\/www.europesays.com\/lv\/wp-json\/wp\/v2\/media?parent=104027"}],"wp:term":[{"taxonomy":"category","embeddable":true,"href":"https:\/\/www.europesays.com\/lv\/wp-json\/wp\/v2\/categories?post=104027"},{"taxonomy":"post_tag","embeddable":true,"href":"https:\/\/www.europesays.com\/lv\/wp-json\/wp\/v2\/tags?post=104027"}],"curies":[{"name":"wp","href":"https:\/\/api.w.org\/{rel}","templated":true}]}}