{"id":104029,"date":"2026-01-14T08:48:08","date_gmt":"2026-01-14T08:48:08","guid":{"rendered":"https:\/\/www.europesays.com\/lv\/104029\/"},"modified":"2026-01-14T08:48:08","modified_gmt":"2026-01-14T08:48:08","slug":"foto-maksims-busels-parsteidz-ar-dziesmu-latviesu-valoda-1188-lv","status":"publish","type":"post","link":"https:\/\/www.europesays.com\/lv\/104029\/","title":{"rendered":"FOTO: Maksims Busels p\u0101rsteidz ar dziesmu latvie\u0161u valod\u0101 &#8211; 1188.lv"},"content":{"rendered":"<ol>\n<li><a href=\"https:\/\/news.google.com\/rss\/articles\/CBMikgFBVV95cUxNRnY3LVUzajBWS2lCc3ByeDBDSHpZcG1PUk81SFZKd1JNXzRONmhXd19CUXV5MVpLamtTTXNIeEJqTmRaaHBNWjVDMjA2ZEJRUC04eUpYdzhfeTBHM0VqUUVsb3ZWZGZaWlY3aEtReDFZUnhGUV9YTE1pZTdneTdjdGE2ZkxWd2RDZjVmX3d6UzIzZw?oc=5\" target=\"_blank\" rel=\"nofollow noopener\">FOTO: Maksims Busels p\u0101rsteidz ar dziesmu latvie\u0161u valod\u0101<\/a>&nbsp;&nbsp;1188.lv<\/li>\n<li><a href=\"https:\/\/news.google.com\/rss\/articles\/CBMisgFBVV95cUxQT254YTJvS1dGdnRhTGdTcGN0VjN4Wl9BQi1DaXN4V3BEWHRYTTlMS3FOUUR5ckFydmNmVVBCNHBDMko5QlRmb1pIdWd5OU1RVXVtZDBLOVZyejUzQnFuWEJ0RmhoRGlXTDFlT2U1dk1MelBibUgxcHVSUkNQZDV2a2FPNFNKZHE0cFVLWW45cEdySnlGSFhUcDNhSjBqNzdLczVIc2xocWlCaXVkNHhfVjlR?oc=5\" target=\"_blank\" rel=\"nofollow noopener\">FOTO: Aktieris Maksims Busels p\u0101rsteidz. Skat, ko vi\u0146\u0161 dara uz ledus!<\/a>&nbsp;&nbsp;Santa.lv<\/li>\n<li><a href=\"https:\/\/news.google.com\/rss\/articles\/CBMipwFBVV95cUxNeVdseDdMMmw3SjZvUzRaci12ZmR4azNJT2tWU25JNkQzRGR3aHdpQ2FsV0hkZUdRUUN6eld1WkQ4QlRDN0FUQThHWWE0cXFBR0wtcG9OSnQ2U0VuQ3lSbVVzVG9FbTBtcmVmeVFmOGVQaWNTSEpFU2FYcHB2bDFZQUhYV0Y0SWZ3amVESUdVaG9zbUhTb0d6RmdVYTJIcHBadi1nWjBQaw?oc=5\" target=\"_blank\" rel=\"nofollow noopener\">No skatuves uz ledus \u2013 Maksims Busels atkl\u0101j sevi l\u012bdz \u0161im neredz\u0113t\u0101 amplu\u0101<\/a>&nbsp;&nbsp;Sejas.lv<\/li>\n<li><a href=\"https:\/\/news.google.com\/rss\/articles\/CBMizAFBVV95cUxOdWxpR2dvdnFLZTNCa1RjbHNpbVEzZ2ttYllNY3dZQWxnSEdiYVh2NkpSSkJYT0hiVzFhRy10NzRQVUJ3c01ILUV6WmcyN2loNGVTZ0hPamhwNFlWTXJqODBrNWxvUTc0ekRMQzlNVTFfN3pzVUo3dHhMeHU2RFc2TUx5RDJMYl9IRUFqSUU1dnRIWEZ5U0NHS2hXMzh5Q0RHQ1JzZEtjQ2QtVUN5RU5EVmJCYjVYZW5PS0dKYVc0ZExCRmJIYmNUQ2Zua04?oc=5\" target=\"_blank\" rel=\"nofollow noopener\">VIDEO: No skatuves uz ledus \u2013 aktieris Maksims Busols atkl\u0101j sevi jaunas un negaid\u012btas lomas<\/a>&nbsp;&nbsp;Lente.lv<\/li>\n<\/ol>\n","protected":false},"excerpt":{"rendered":"FOTO: Maksims Busels p\u0101rsteidz ar dziesmu latvie\u0161u valod\u0101&nbsp;&nbsp;1188.lv FOTO: Aktieris Maksims Busels p\u0101rsteidz. Skat, ko vi\u0146\u0161 dara uz&hellip;\n","protected":false},"author":2,"featured_media":104030,"comment_status":"","ping_status":"","sticky":false,"template":"","format":"standard","meta":{"footnotes":""},"categories":[19],"tags":[129,1773,22322,2239,89,90,35,39,38,36,37,34,40,22323,7059,1774,22324,7060,1775],"class_list":{"0":"post-104029","1":"post","2":"type-post","3":"status-publish","4":"format-standard","5":"has-post-thumbnail","7":"category-izklaide","8":"tag-__typenameadvicekeyword","9":"tag-id1061","10":"tag-id1984","11":"tag-id93","12":"tag-entertainment","13":"tag-izklaide","14":"tag-latvia","15":"tag-latvian","16":"tag-latviesu","17":"tag-latviesu-valoda","18":"tag-latviesuvaloda","19":"tag-latvija","20":"tag-lv","21":"tag-slugmaksims-busels","22":"tag-slugmuzika","23":"tag-slugslavenibas","24":"tag-titlemaksims-busels","25":"tag-titlemuzika","26":"tag-titleslavenibas"},"share_on_mastodon":{"url":"https:\/\/pubeurope.com\/@lv\/115892591212742618","error":""},"_links":{"self":[{"href":"https:\/\/www.europesays.com\/lv\/wp-json\/wp\/v2\/posts\/104029","targetHints":{"allow":["GET"]}}],"collection":[{"href":"https:\/\/www.europesays.com\/lv\/wp-json\/wp\/v2\/posts"}],"about":[{"href":"https:\/\/www.europesays.com\/lv\/wp-json\/wp\/v2\/types\/post"}],"author":[{"embeddable":true,"href":"https:\/\/www.europesays.com\/lv\/wp-json\/wp\/v2\/users\/2"}],"replies":[{"embeddable":true,"href":"https:\/\/www.europesays.com\/lv\/wp-json\/wp\/v2\/comments?post=104029"}],"version-history":[{"count":0,"href":"https:\/\/www.europesays.com\/lv\/wp-json\/wp\/v2\/posts\/104029\/revisions"}],"wp:featuredmedia":[{"embeddable":true,"href":"https:\/\/www.europesays.com\/lv\/wp-json\/wp\/v2\/media\/104030"}],"wp:attachment":[{"href":"https:\/\/www.europesays.com\/lv\/wp-json\/wp\/v2\/media?parent=104029"}],"wp:term":[{"taxonomy":"category","embeddable":true,"href":"https:\/\/www.europesays.com\/lv\/wp-json\/wp\/v2\/categories?post=104029"},{"taxonomy":"post_tag","embeddable":true,"href":"https:\/\/www.europesays.com\/lv\/wp-json\/wp\/v2\/tags?post=104029"}],"curies":[{"name":"wp","href":"https:\/\/api.w.org\/{rel}","templated":true}]}}