{"id":104035,"date":"2026-01-14T08:51:10","date_gmt":"2026-01-14T08:51:10","guid":{"rendered":"https:\/\/www.europesays.com\/lv\/104035\/"},"modified":"2026-01-14T08:51:10","modified_gmt":"2026-01-14T08:51:10","slug":"taizeme-celamkranam-uzkritot-vilcienam-vismaz-22-bojagajusie-un-79-ievainotie-raksts","status":"publish","type":"post","link":"https:\/\/www.europesays.com\/lv\/104035\/","title":{"rendered":"Taizem\u0113, ce\u013camkr\u0101nam uzkr\u012btot vilcienam, vismaz 22 boj\u0101g\u0101ju\u0161ie un 79 ievainotie \/ Raksts"},"content":{"rendered":"<p>Tre\u0161dien Taizem\u0113, no slied\u0113m noskrienot vilcienam, dz\u012bv\u012bbu zaud\u0113ju\u0161i vismaz 22, bet ievainojumus guvu\u0161i 79\u00a0cilv\u0113ki, pav\u0113st\u012bja varasiest\u0101des.<\/p>\n<p>&#8220;22 cilv\u0113ki g\u0101ju\u0161i boj\u0101,&#8221; pav\u0113st\u012bja Nakhonrat\u010dhas\u012bmas provinces policijas p\u0101rst\u0101vis.\u00a0<\/p>\n<p>&#8220;Uz vilciena nog\u0101z\u0101s ce\u013camkr\u0101ns, izraisot t\u0101 noskrie\u0161anu no slied\u0113m un aizdeg\u0161anos,&#8221; teikts Nakhonrat\u010dhas\u012bmas provinces sabiedrisko attiec\u012bbu departamenta pazi\u0146ojum\u0101.<\/p>\n<p>Vilciens bija ce\u013c\u0101 no Bangkokas uz Ubonr\u0101t\u010dhat\u0101n\u012b provinci. Taj\u0101 biju\u0161i\u00a0195 cilv\u0113ki. Varasiest\u0101des zi\u0146o, ka visi pasa\u017eieri ir evaku\u0113ti.<\/p>\n<p>Notikuma viet\u0101 turpin\u0101s gl\u0101b\u0161anas oper\u0101cija.<\/p>\n<p>Ce\u013camkr\u0101ns tika izmantots \u0101trgaitas dzelzce\u013ca b\u016bv\u0113, kam j\u0101savieno Bangkoka ar Ku\u0146minu \u0136\u012bn\u0101. Projekta izmaksas ir 5,4 miljardi dol\u0101ru, un to atbalsta Pekina.<\/p>\n<p>                    Valodas k\u013c\u016bda rakst\u0101?<\/p>\n<p class=\"d-none d-md-block\">Iez\u012bm\u0113jiet tekstu un spiediet Ctrl+Enter, lai nos\u016bt\u012btu labojamo teksta fragmentu redaktoram! Par faktu k\u013c\u016bd\u0101m l\u016bdzam zi\u0146ot e-past\u0101 <a href=\"https:\/\/www.lsm.lv\/cdn-cgi\/l\/email-protection\" class=\"__cf_email__\" data-cfemail=\"235146474248404a4942634f504e0d4f55\" rel=\"nofollow noopener\" target=\"_blank\">[email\u00a0protected]<\/a>.<\/p>\n<p class=\"d-md-none\">Iez\u012bm\u0113jiet tekstu un spiediet uz Zi\u0146ot par k\u013c\u016bdu pogas, lai nos\u016bt\u012btu labojamo teksta fragmentu redaktoram!<\/p>\n<p>\n                    Zi\u0146ot par k\u013c\u016bdu\n                <\/p>\n","protected":false},"excerpt":{"rendered":"Tre\u0161dien Taizem\u0113, no slied\u0113m noskrienot vilcienam, dz\u012bv\u012bbu zaud\u0113ju\u0161i vismaz 22, bet ievainojumus guvu\u0161i 79\u00a0cilv\u0113ki, pav\u0113st\u012bja varasiest\u0101des. &#8220;22 cilv\u0113ki&hellip;\n","protected":false},"author":2,"featured_media":104036,"comment_status":"","ping_status":"","sticky":false,"template":"","format":"standard","meta":{"footnotes":""},"categories":[14],"tags":[23,57,28,29,32,33,22,30,31,35,39,38,36,37,34,40,20,26,27,24,25,54,55,56,21,58],"class_list":{"0":"post-104035","1":"post","2":"type-post","3":"status-publish","4":"format-standard","5":"has-post-thumbnail","7":"category-zinas-no-arvalstim","8":"tag-aktualitates","9":"tag-arvalstim","10":"tag-breaking-news","11":"tag-breakingnews","12":"tag-featured-news","13":"tag-featurednews","14":"tag-headlines","15":"tag-latest-news","16":"tag-latestnews","17":"tag-latvia","18":"tag-latvian","19":"tag-latviesu","20":"tag-latviesu-valoda","21":"tag-latviesuvaloda","22":"tag-latvija","23":"tag-lv","24":"tag-news","25":"tag-popularakas-zinas","26":"tag-popularakaszinas","27":"tag-top-stories","28":"tag-topstories","29":"tag-world","30":"tag-world-news","31":"tag-worldnews","32":"tag-zinas","33":"tag-zinas-no-arvalstim"},"share_on_mastodon":{"url":"https:\/\/pubeurope.com\/@lv\/115892603080344107","error":""},"_links":{"self":[{"href":"https:\/\/www.europesays.com\/lv\/wp-json\/wp\/v2\/posts\/104035","targetHints":{"allow":["GET"]}}],"collection":[{"href":"https:\/\/www.europesays.com\/lv\/wp-json\/wp\/v2\/posts"}],"about":[{"href":"https:\/\/www.europesays.com\/lv\/wp-json\/wp\/v2\/types\/post"}],"author":[{"embeddable":true,"href":"https:\/\/www.europesays.com\/lv\/wp-json\/wp\/v2\/users\/2"}],"replies":[{"embeddable":true,"href":"https:\/\/www.europesays.com\/lv\/wp-json\/wp\/v2\/comments?post=104035"}],"version-history":[{"count":0,"href":"https:\/\/www.europesays.com\/lv\/wp-json\/wp\/v2\/posts\/104035\/revisions"}],"wp:featuredmedia":[{"embeddable":true,"href":"https:\/\/www.europesays.com\/lv\/wp-json\/wp\/v2\/media\/104036"}],"wp:attachment":[{"href":"https:\/\/www.europesays.com\/lv\/wp-json\/wp\/v2\/media?parent=104035"}],"wp:term":[{"taxonomy":"category","embeddable":true,"href":"https:\/\/www.europesays.com\/lv\/wp-json\/wp\/v2\/categories?post=104035"},{"taxonomy":"post_tag","embeddable":true,"href":"https:\/\/www.europesays.com\/lv\/wp-json\/wp\/v2\/tags?post=104035"}],"curies":[{"name":"wp","href":"https:\/\/api.w.org\/{rel}","templated":true}]}}