{"id":104037,"date":"2026-01-14T08:52:07","date_gmt":"2026-01-14T08:52:07","guid":{"rendered":"https:\/\/www.europesays.com\/lv\/104037\/"},"modified":"2026-01-14T08:52:07","modified_gmt":"2026-01-14T08:52:07","slug":"video-%e2%9f%a9-otrdien-riga-bmw-vaditajs-zaude-kontroli-un-apgazas-uz-jumta-izveidojas-pamatigs-sastregums","status":"publish","type":"post","link":"https:\/\/www.europesays.com\/lv\/104037\/","title":{"rendered":"VIDEO \u27e9 Otrdien R\u012bg\u0101 BMW vad\u012bt\u0101js zaud\u0113 kontroli un apg\u0101\u017eas uz jumta. Izveidojas pamat\u012bgs sastr\u0113gums"},"content":{"rendered":"<p>Uz Gustava Zemgala gatves virzien\u0101 uz centru Valsts policijas darbinieki norobe\u017eoju\u0161i visu brauktuvi, lai gl\u0101b\u0113ji p\u0113c iesp\u0113jas \u0101tr\u0101k un netrauc\u0113ti var\u0113tu izvilkt gr\u0101v\u012b ielidoju\u0161o <a href=\"https:\/\/www.tvnet.lv\/term\/5848\/bmw\" class=\"topicLink\" target=\"_blank\" rel=\"nofollow noopener\">BMW<\/a>.<\/p>\n<p>Neskatoties uz to, ka auto piezem\u0113j\u0101s uz jumta, t\u0101 vad\u012bt\u0101js ir sveiks un vesels. Vi\u0146\u0161, k\u0101 ierasts, m\u0113roja ce\u013cu uz darbu, ta\u010du, tuvojoties joslas labajai malai, uzbrauca uz brauktuves mal\u0101 sastumt\u0101 sniega, auto sasl\u012bd\u0113ja un vad\u012bt\u0101js zaud\u0113ja kontroli.<\/p>\n<p>Uzreiz p\u0113c tam negad\u012bjuma viet\u0101 ierad\u0101s operat\u012bvie dienesti un s\u0101ka darbu. Velkot auto no gr\u0101vja, atv\u0113r\u0101s bag\u0101\u017enieks un viss saturs iekrita \u016bden\u012b. Kam\u0113r gl\u0101b\u0113ji turpin\u0101ja darbu ar auto, \u0161oferis ar draugu, izmantojot gar\u0101ku dzelzs stieni, vilka \u0101r\u0101 izmirku\u0161\u0101s mantas.<\/p>\n<p>Stundas laik\u0101 ma\u0161\u012bna tika atgriezta atpaka\u013c uz rite\u0146iem un novilkta ce\u013ca mal\u0101. Tr\u012bsarpus kilometru gar\u0101 autovad\u012bt\u0101ju rinda ats\u0101ka savu kust\u012bbu, apbraucot negad\u012bjuma vietu pa kreiso joslu. \u0160oferim gan v\u0113l k\u0101du laiku bija j\u0101uzkav\u0113jas, lai sagaid\u012btu evakuatoru. P\u0113c vi\u0146a teikt\u0101, BMW dz\u012bve ir gal\u0101, tas tiks nodots met\u0101ll\u016b\u017e\u0146os.<\/p>\n<p>Pla\u0161\u0101k &#8220;Degpunkt\u0101&#8221; si\u017eet\u0101!<\/p>\n","protected":false},"excerpt":{"rendered":"Uz Gustava Zemgala gatves virzien\u0101 uz centru Valsts policijas darbinieki norobe\u017eoju\u0161i visu brauktuvi, lai gl\u0101b\u0113ji p\u0113c iesp\u0113jas \u0101tr\u0101k&hellip;\n","protected":false},"author":2,"featured_media":104038,"comment_status":"","ping_status":"","sticky":false,"template":"","format":"standard","meta":{"footnotes":""},"categories":[12],"tags":[23,1465,1144,28,29,32,33,22,30,31,35,39,38,36,37,34,40,20,26,27,1529,1528,24,25,21],"class_list":{"0":"post-104037","1":"post","2":"type-post","3":"status-publish","4":"format-standard","5":"has-post-thumbnail","7":"category-latvija","8":"tag-aktualitates","9":"tag-autoavarijas","10":"tag-bmw","11":"tag-breaking-news","12":"tag-breakingnews","13":"tag-featured-news","14":"tag-featurednews","15":"tag-headlines","16":"tag-latest-news","17":"tag-latestnews","18":"tag-latvia","19":"tag-latvian","20":"tag-latviesu","21":"tag-latviesu-valoda","22":"tag-latviesuvaloda","23":"tag-latvija","24":"tag-lv","25":"tag-news","26":"tag-popularakas-zinas","27":"tag-popularakaszinas","28":"tag-satiksme","29":"tag-satiksmes-drosiba","30":"tag-top-stories","31":"tag-topstories","32":"tag-zinas"},"share_on_mastodon":{"url":"https:\/\/pubeurope.com\/@lv\/115892606982212628","error":""},"_links":{"self":[{"href":"https:\/\/www.europesays.com\/lv\/wp-json\/wp\/v2\/posts\/104037","targetHints":{"allow":["GET"]}}],"collection":[{"href":"https:\/\/www.europesays.com\/lv\/wp-json\/wp\/v2\/posts"}],"about":[{"href":"https:\/\/www.europesays.com\/lv\/wp-json\/wp\/v2\/types\/post"}],"author":[{"embeddable":true,"href":"https:\/\/www.europesays.com\/lv\/wp-json\/wp\/v2\/users\/2"}],"replies":[{"embeddable":true,"href":"https:\/\/www.europesays.com\/lv\/wp-json\/wp\/v2\/comments?post=104037"}],"version-history":[{"count":0,"href":"https:\/\/www.europesays.com\/lv\/wp-json\/wp\/v2\/posts\/104037\/revisions"}],"wp:featuredmedia":[{"embeddable":true,"href":"https:\/\/www.europesays.com\/lv\/wp-json\/wp\/v2\/media\/104038"}],"wp:attachment":[{"href":"https:\/\/www.europesays.com\/lv\/wp-json\/wp\/v2\/media?parent=104037"}],"wp:term":[{"taxonomy":"category","embeddable":true,"href":"https:\/\/www.europesays.com\/lv\/wp-json\/wp\/v2\/categories?post=104037"},{"taxonomy":"post_tag","embeddable":true,"href":"https:\/\/www.europesays.com\/lv\/wp-json\/wp\/v2\/tags?post=104037"}],"curies":[{"name":"wp","href":"https:\/\/api.w.org\/{rel}","templated":true}]}}