{"id":104039,"date":"2026-01-14T08:53:12","date_gmt":"2026-01-14T08:53:12","guid":{"rendered":"https:\/\/www.europesays.com\/lv\/104039\/"},"modified":"2026-01-14T08:53:12","modified_gmt":"2026-01-14T08:53:12","slug":"asv-parstavju-palata-iesniedz-likumprojektu-par-grenlandes-aneksiju","status":"publish","type":"post","link":"https:\/\/www.europesays.com\/lv\/104039\/","title":{"rendered":"ASV P\u0101rst\u0101vju pal\u0101t\u0101 iesniedz likumprojektu par Grenlandes aneksiju"},"content":{"rendered":"<p>Vai P\u0101rst\u0101vju pal\u0101ta izskat\u012bs \u0161o likumprojektu, pagaid\u0101m nav zin\u0101ms.<\/p>\n<p>&#8220;Likumprojekts \u013cauj prezidentam mekl\u0113t Grenlandes aneksijai nepiecie\u0161amos l\u012bdzek\u013cus,&#8221; platform\u0101 &#8220;X&#8221; nor\u0101d\u012bja Fains. &#8220;M\u016bsu pretinieki cen\u0161as nostiprin\u0101ties Arktik\u0101, un m\u0113s to nedr\u012bkstam pie\u013caut,&#8221; piebilda kongresmenis, atk\u0101rtojot Balt\u0101 nama retoriku.<\/p>\n<p>Fains pazi\u0146ojum\u0101 presei nor\u0101d\u012bja, ka &#8220;tas, kas kontrol\u0113 Grenlandi, kontrol\u0113 galvenos Arktikas j\u016bras ce\u013cus un dro\u0161\u012bbas arhitekt\u016bru, kas aizsarg\u0101 Savienot\u0101s Valstis&#8221;.<\/p>\n<p>Likumprojekts paredz pie\u0161\u0137irt <a href=\"https:\/\/www.apollo.lv\/term\/555410\/asv\" class=\"topicLink\" target=\"_blank\" rel=\"nofollow noopener\">ASV<\/a> prezidentam Donaldam Trampam pilnvaras veikt visus nepiecie\u0161amos pas\u0101kumus, lai padar\u012btu Grenlandi par Savienoto Valstu teritoriju, tostarp salu anekt\u0113t.<\/p>\n<p><a href=\"https:\/\/www.apollo.lv\/term\/556529\/grenlande\" class=\"topicLink\" target=\"_blank\" rel=\"nofollow noopener\">Grenlande<\/a> ir D\u0101nijas Karalistes autonoma teritorija, ta\u010du nav Eiropas Savien\u012bbas (ES) sast\u0101v\u0101.<\/p>\n","protected":false},"excerpt":{"rendered":"Vai P\u0101rst\u0101vju pal\u0101ta izskat\u012bs \u0161o likumprojektu, pagaid\u0101m nav zin\u0101ms. &#8220;Likumprojekts \u013cauj prezidentam mekl\u0113t Grenlandes aneksijai nepiecie\u0161amos l\u012bdzek\u013cus,&#8221; platform\u0101&hellip;\n","protected":false},"author":2,"featured_media":83182,"comment_status":"","ping_status":"","sticky":false,"template":"","format":"standard","meta":{"footnotes":""},"categories":[5],"tags":[23,292,28,29,32,33,20878,22,30,31,35,39,38,36,37,34,40,20,26,27,24,25,21],"class_list":{"0":"post-104039","1":"post","2":"type-post","3":"status-publish","4":"format-standard","5":"has-post-thumbnail","7":"category-aktualitates","8":"tag-aktualitates","9":"tag-asv","10":"tag-breaking-news","11":"tag-breakingnews","12":"tag-featured-news","13":"tag-featurednews","14":"tag-grenlande","15":"tag-headlines","16":"tag-latest-news","17":"tag-latestnews","18":"tag-latvia","19":"tag-latvian","20":"tag-latviesu","21":"tag-latviesu-valoda","22":"tag-latviesuvaloda","23":"tag-latvija","24":"tag-lv","25":"tag-news","26":"tag-popularakas-zinas","27":"tag-popularakaszinas","28":"tag-top-stories","29":"tag-topstories","30":"tag-zinas"},"share_on_mastodon":{"url":"https:\/\/pubeurope.com\/@lv\/115892610829720891","error":""},"_links":{"self":[{"href":"https:\/\/www.europesays.com\/lv\/wp-json\/wp\/v2\/posts\/104039","targetHints":{"allow":["GET"]}}],"collection":[{"href":"https:\/\/www.europesays.com\/lv\/wp-json\/wp\/v2\/posts"}],"about":[{"href":"https:\/\/www.europesays.com\/lv\/wp-json\/wp\/v2\/types\/post"}],"author":[{"embeddable":true,"href":"https:\/\/www.europesays.com\/lv\/wp-json\/wp\/v2\/users\/2"}],"replies":[{"embeddable":true,"href":"https:\/\/www.europesays.com\/lv\/wp-json\/wp\/v2\/comments?post=104039"}],"version-history":[{"count":0,"href":"https:\/\/www.europesays.com\/lv\/wp-json\/wp\/v2\/posts\/104039\/revisions"}],"wp:featuredmedia":[{"embeddable":true,"href":"https:\/\/www.europesays.com\/lv\/wp-json\/wp\/v2\/media\/83182"}],"wp:attachment":[{"href":"https:\/\/www.europesays.com\/lv\/wp-json\/wp\/v2\/media?parent=104039"}],"wp:term":[{"taxonomy":"category","embeddable":true,"href":"https:\/\/www.europesays.com\/lv\/wp-json\/wp\/v2\/categories?post=104039"},{"taxonomy":"post_tag","embeddable":true,"href":"https:\/\/www.europesays.com\/lv\/wp-json\/wp\/v2\/tags?post=104039"}],"curies":[{"name":"wp","href":"https:\/\/api.w.org\/{rel}","templated":true}]}}