{"id":104046,"date":"2026-01-14T08:58:07","date_gmt":"2026-01-14T08:58:07","guid":{"rendered":"https:\/\/www.europesays.com\/lv\/104046\/"},"modified":"2026-01-14T08:58:07","modified_gmt":"2026-01-14T08:58:07","slug":"cilvekus-ar-maziem-berniem-uzskata-par-epidemiju-bistamu-sabiedribai-maminas-zino-par-darba-deveju-nejaucibam","status":"publish","type":"post","link":"https:\/\/www.europesays.com\/lv\/104046\/","title":{"rendered":"\u201cCilv\u0113kus ar maziem b\u0113rniem uzskata par epid\u0113miju, b\u012bstamu sabiedr\u012bbai,\u201d m\u0101mi\u0146as zi\u0146o par darba dev\u0113ju nejauc\u012bb\u0101m"},"content":{"rendered":"<p>    <img decoding=\"async\" src=\"https:\/\/www.europesays.com\/lv\/wp-content\/uploads\/2026\/01\/LET_24628121-1-1-800x493.jpg\" alt=\"&#10;Ilustrat\u012bvs foto.&#10;\"\/><\/p>\n<p>Ilustrat\u012bvs foto.<\/p>\n<p>Foto: Paula \u010curkste\/LETA\n<\/p>\n<p>Sievietes soci\u0101lajos medijos dal\u0101s pieredz\u0113 par atteikumiem darb\u0101 tikai t\u0101p\u0113c, ka ir mammas vai potenci\u0101l\u0101s mammas \u2013 situ\u0101cija, kas non\u0101k kras\u0101 pretrun\u0101 gan ar run\u0101m par demogr\u0101fiju, gan vienl\u012bdz\u012bg\u0101m ties\u012bb\u0101m.<\/p>\n<p>        Las\u012bt\u0101kie<br \/>\n        <a data-imagesrc=\"{&quot;300&quot;:&quot;https:\\\/\\\/lastatic.ams3.cdn.digitaloceanspaces.com\\\/2026\\\/01\\\/pexels-andrew-hewitt-24040512-7595577-300x169.jpg&quot;,&quot;1024&quot;:&quot;https:\\\/\\\/lastatic.ams3.cdn.digitaloceanspaces.com\\\/2026\\\/01\\\/pexels-andrew-hewitt-24040512-7595577-1024x576.jpg&quot;,&quot;1536&quot;:&quot;https:\\\/\\\/lastatic.ams3.cdn.digitaloceanspaces.com\\\/2026\\\/01\\\/pexels-andrew-hewitt-24040512-7595577-1536x864.jpg&quot;,&quot;500&quot;:&quot;https:\\\/\\\/lastatic.ams3.cdn.digitaloceanspaces.com\\\/2026\\\/01\\\/pexels-andrew-hewitt-24040512-7595577-500x281.jpg&quot;,&quot;800&quot;:&quot;https:\\\/\\\/lastatic.ams3.cdn.digitaloceanspaces.com\\\/2026\\\/01\\\/pexels-andrew-hewitt-24040512-7595577-800x450.jpg&quot;,&quot;2560&quot;:&quot;https:\\\/\\\/lastatic.ams3.cdn.digitaloceanspaces.com\\\/2026\\\/01\\\/pexels-andrew-hewitt-24040512-7595577-scaled.jpg&quot;}\" data-focuspoint=\"&quot;&quot;\" data-p=\"2493671\" href=\"https:\/\/www.la.lv\/sis-zodiaka-zimes-saskaras-ar-pagrieziena-punktu-dzive-tam-nekad-vairs-nebus-tada-ka-lidz-sim\" class=\"content-item lazy-load\" wp_automatic_readability=\"27\" rel=\"nofollow noopener\" target=\"_blank\"><\/p>\n<p>                                <img decoding=\"async\" src=\"\" alt=\"\" style=\"\" data-imageid=\"\"\/><\/p>\n<p>                                Kokteilis<\/p>\n<p>\n                                                \u0160\u012bs zodiaka z\u012bmes saskaras ar pagrieziena punktu: dz\u012bve t\u0101m nekad vairs neb\u016bs t\u0101da, k\u0101 l\u012bdz \u0161im\n                            <\/p>\n<p><\/a><a data-imagesrc=\"{&quot;300&quot;:&quot;https:\\\/\\\/lastatic.ams3.cdn.digitaloceanspaces.com\\\/2026\\\/01\\\/FotoJet-5-300x200.jpg&quot;,&quot;1024&quot;:&quot;https:\\\/\\\/lastatic.ams3.cdn.digitaloceanspaces.com\\\/2026\\\/01\\\/FotoJet-5-1024x683.jpg&quot;,&quot;1536&quot;:&quot;https:\\\/\\\/lastatic.ams3.cdn.digitaloceanspaces.com\\\/2026\\\/01\\\/FotoJet-5-1536x1024.jpg&quot;,&quot;500&quot;:&quot;https:\\\/\\\/lastatic.ams3.cdn.digitaloceanspaces.com\\\/2026\\\/01\\\/FotoJet-5-500x333.jpg&quot;,&quot;800&quot;:&quot;https:\\\/\\\/lastatic.ams3.cdn.digitaloceanspaces.com\\\/2026\\\/01\\\/FotoJet-5-800x533.jpg&quot;,&quot;1800&quot;:&quot;https:\\\/\\\/lastatic.ams3.cdn.digitaloceanspaces.com\\\/2026\\\/01\\\/FotoJet-5.jpg&quot;}\" data-focuspoint=\"&quot;&quot;\" data-p=\"2491277\" href=\"https:\/\/www.la.lv\/vecums-nav-spriedums-5-pazimes-kas-liecina-ka-jus-novecojat-loti-veiksmigi\" class=\"content-item lazy-load\" wp_automatic_readability=\"27\" rel=\"nofollow noopener\" target=\"_blank\"><\/p>\n<p>                                <img decoding=\"async\" src=\"\" alt=\"\" style=\"\" data-imageid=\"\"\/><\/p>\n<p>\n                                                Vecums nav spriedums: 5 paz\u012bmes, kas liecina, ka j\u016bs novecojat \u013coti veiksm\u012bgi\n                            <\/p>\n<p><\/a><a data-imagesrc=\"{&quot;300&quot;:&quot;https:\\\/\\\/lastatic.ams3.cdn.digitaloceanspaces.com\\\/2026\\\/01\\\/LET_21079616-300x196.jpg&quot;,&quot;1024&quot;:&quot;https:\\\/\\\/lastatic.ams3.cdn.digitaloceanspaces.com\\\/2026\\\/01\\\/LET_21079616-1024x670.jpg&quot;,&quot;1536&quot;:&quot;https:\\\/\\\/lastatic.ams3.cdn.digitaloceanspaces.com\\\/2026\\\/01\\\/LET_21079616-1536x1005.jpg&quot;,&quot;500&quot;:&quot;https:\\\/\\\/lastatic.ams3.cdn.digitaloceanspaces.com\\\/2026\\\/01\\\/LET_21079616-500x327.jpg&quot;,&quot;800&quot;:&quot;https:\\\/\\\/lastatic.ams3.cdn.digitaloceanspaces.com\\\/2026\\\/01\\\/LET_21079616-800x523.jpg&quot;,&quot;2560&quot;:&quot;https:\\\/\\\/lastatic.ams3.cdn.digitaloceanspaces.com\\\/2026\\\/01\\\/LET_21079616-scaled.jpg&quot;}\" data-focuspoint=\"&quot;&quot;\" data-p=\"2489693\" href=\"https:\/\/www.la.lv\/nebija-nekadu-bridinajuma-zimju-kamer-gimene-meza-bauda-ziemas-priekus-mednieki-blakus-sauj\" class=\"content-item lazy-load\" wp_automatic_readability=\"27\" rel=\"nofollow noopener\" target=\"_blank\"><\/p>\n<p>                                <img decoding=\"async\" src=\"\" alt=\"\" style=\"\" data-imageid=\"\"\/><\/p>\n<p>\n                                                \u201cNebija nek\u0101du br\u012bdin\u0101juma z\u012bmju!\u201d Kam\u0113r \u0123imene me\u017e\u0101 bauda ziemas priekus, mednieki blakus \u0161auj\n                            <\/p>\n<p><\/a><br \/>\n        <a class=\"read-more\" href=\"https:\/\/www.la.lv\/top\" rel=\"nofollow noopener\" target=\"_blank\">Las\u012bt citas zi\u0146as<\/a><\/p>\n<p>\u201c\u013boti smagi dzird\u0113t, kad dzirdi: \u201c\u0160\u012bs kandid\u0101tes varb\u016bt tom\u0113r n\u0113, jo vi\u0146\u0101m ir mazi b\u0113rni\u0146i.\u201d Un tad m\u0113s run\u0101jam par demogr\u0101fiju, kad pa\u0161i at\u0146emam darba iesp\u0113jas jaunaj\u0101m m\u0101mi\u0146\u0101m. \u013boti skumji\u2026\u201d vietn\u0113 \u201cThreads\u201d l\u012bdzcilv\u0113ku pieredz\u0113 dal\u0101s Madara.<\/p>\n<p>Sievietes gadiem ilgi vis\u0101 pasaul\u0113 c\u012bn\u012bju\u0161\u0101s par sav\u0101m ties\u012bb\u0101m. Feminisma kust\u012bbas d\u0113\u013c sievietes dr\u012bkst str\u0101d\u0101t, izteikt savu viedokli, \u0123\u0113rbties, k\u0101 grib, un b\u016bt par pilnv\u0113rt\u012bgu, l\u012bdzv\u0113rt\u012bgu sabiedr\u012bbas locekli. Tom\u0113r \u0161\u0101di st\u0101sti liek aizdom\u0101ties \u2013 vai tie\u0161\u0101m visi esam vienl\u012bdz\u012bgi?<\/p>\n<p>    CITI \u0160OBR\u012aD LASA<\/p>\n<p>Demogr\u0101fija \u0161obr\u012bd ir viena no liel\u0101kaj\u0101m probl\u0113m\u0101m Latvij\u0101. Valsti veido tauta, bet ko dar\u012bsim p\u0113c 100 gadiem, kad tauta b\u016bs gandr\u012bz izmirusi? Tas, ka darba dev\u0113js uz m\u0101mi\u0146\u0101m \u201cskat\u0101s ar \u0161\u0137\u012bbu aci\u201d, iet piln\u012bg\u0101 pretrun\u0101 ar valsts un vispasaules v\u0113rt\u012bb\u0101m.<\/p>\n<p>Ar\u012b koment\u0101ros vair\u0101kas sievietes dal\u0101s l\u012bdz\u012bg\u0101s pieredz\u0113s:<\/p>\n<p>\u201cJ\u0101, es ar\u012b ar \u0161o sask\u0101ros, ka darba dev\u0113ji nev\u0113las darb\u0101 pie\u0146emt tie\u0161i sievietes ar maziem b\u0113rniem. Pat uz \u0161odienu skat\u0101s ar\u012b uz v\u012brie\u0161iem ar maziem b\u0113rniem \u2013 ir n\u0101cies dzird\u0113t, ka darba dev\u0113js papras\u012bjis tie\u0161i, kas pieskat\u012bs b\u0113rnu, ja slimos. Tas ir \u013coti nesmuki no darba dev\u0113ja puses. Cilv\u0113kus ar maziem b\u0113rniem uzskata par kaut k\u0101du epid\u0113miju, b\u012bstamu sabiedr\u012bbai.\u201d<\/p>\n<p>\u201cKad paliku st\u0101vokl\u012b, ar\u012b mana re\u0123ion\u0101l\u0101 vad\u012bt\u0101ja nekaun\u0113j\u0101s jaut\u0101t, vai tas ir pl\u0101nots b\u0113rns. Atbild\u0113ju \u2013 \u201cgadiem\u201d. Apklusa. Bet neviens man neiest\u0101st\u012bs, ka k\u0101dam ir svar\u012bgi b\u0113rni. Vis\u0101s darba viet\u0101s izj\u016btu spiedienu. Labi, ka man b\u0113rni vienm\u0113r biju\u0161i pirmaj\u0101 viet\u0101. Ja n\u0113\u2026\u201d<\/p>\n<p>\u201cMan uz 30 darbu nedeva, jo dr\u012bz kaut kad dzemd\u0113s. Rad\u0101s panika, ka b\u0113rnu d\u0113\u013c nevaru dz\u012bvot. P\u0113c 30 s\u0101ka jaut\u0101t, vai ir draugs, vai pl\u0101noju b\u0113rnus.\u201d<\/p>\n<p>\u201cManupr\u0101t, \u0161\u012bs t\u0113mas apspriest darba intervij\u0101 nedr\u012bkst. Tad jau nevar \u0146emt nevienu sievieti darb\u0101, jo, pie eso\u0161\u0101s m\u016bsdienu medic\u012bnas, par mammu var k\u013c\u016bt ar\u012b 50 gados. Ja man darba intervij\u0101 jaut\u0101tu kaut ko par b\u0113rniem, \u0123imeni, es pieceltos un aizietu.\u201d<\/p>\n<p>\u201cS\u0101n\u0101cis \u013coti daudz saskarties ar \u0161o probl\u0113mu. Es saprotu darba dev\u0113ju nost\u0101ju, bet tan\u012b pa\u0161\u0101 laik\u0101 tie darbinieki, kas \u201cst\u0101v rind\u0101s\u201d, k\u0101 to reiz\u0113m pat\u012bk skandin\u0101t darba dev\u0113jiem, tie\u0161i ir mammas ar b\u0113rniem. Ir bijis tie\u0161s atteikums no darba dev\u0113ja, kaut labs CV un darba \u0113tika, vien d\u0113\u013c t\u0101, ka esmu mamma. Iesp\u0113ju iedeva meitenei bez darba pieredzes, bez b\u0113rniem, bet n\u0101kamaj\u0101 m\u0113nes\u012b tas pats atteic\u0113js zvan\u012bja un pras\u012bja, vai es v\u0113l mekl\u0113jot darbu, jo meiteni, ko pa\u0146\u0113ma, neesot grib\u0113jusi n\u0101kt uz darbu.\u201d<\/p>\n<p>\u201cMan atteica \u013coti daudz\u0101s darba viet\u0101s, jo b\u0113rns. L\u012bdz vien\u0101 neko nepateicu par b\u0113rna esam\u012bbu, un neko. 1,5 gadu str\u0101d\u0101ju, slim\u012bbas lapas b\u0113rni\u0146a d\u0113\u013c esmu \u0146\u0113musi, laikam, \u010detras reizes \u2013 viss. Un t\u0101s apmaks\u0101 valsts, nevis darba dev\u0113js.\u201d<\/p>\n<p><img decoding=\"async\" src=\"https:\/\/www.europesays.com\/lv\/wp-content\/uploads\/2026\/01\/Ekranuznemums-2026-01-12-132946.png\" alt=\"\"\/><\/p>\n<p>T\u0113mas<\/p>\n<p>    SAIST\u012aTIE RAKSTI<\/p>\n","protected":false},"excerpt":{"rendered":"Ilustrat\u012bvs foto. Foto: Paula \u010curkste\/LETA Sievietes soci\u0101lajos medijos dal\u0101s pieredz\u0113 par atteikumiem darb\u0101 tikai t\u0101p\u0113c, ka ir mammas&hellip;\n","protected":false},"author":2,"featured_media":104047,"comment_status":"","ping_status":"","sticky":false,"template":"","format":"standard","meta":{"footnotes":""},"categories":[12],"tags":[23,28,29,32,33,22,30,31,35,39,38,36,37,34,40,20,26,27,24,25,21],"class_list":{"0":"post-104046","1":"post","2":"type-post","3":"status-publish","4":"format-standard","5":"has-post-thumbnail","7":"category-latvija","8":"tag-aktualitates","9":"tag-breaking-news","10":"tag-breakingnews","11":"tag-featured-news","12":"tag-featurednews","13":"tag-headlines","14":"tag-latest-news","15":"tag-latestnews","16":"tag-latvia","17":"tag-latvian","18":"tag-latviesu","19":"tag-latviesu-valoda","20":"tag-latviesuvaloda","21":"tag-latvija","22":"tag-lv","23":"tag-news","24":"tag-popularakas-zinas","25":"tag-popularakaszinas","26":"tag-top-stories","27":"tag-topstories","28":"tag-zinas"},"share_on_mastodon":{"url":"https:\/\/pubeurope.com\/@lv\/115892630613519757","error":""},"_links":{"self":[{"href":"https:\/\/www.europesays.com\/lv\/wp-json\/wp\/v2\/posts\/104046","targetHints":{"allow":["GET"]}}],"collection":[{"href":"https:\/\/www.europesays.com\/lv\/wp-json\/wp\/v2\/posts"}],"about":[{"href":"https:\/\/www.europesays.com\/lv\/wp-json\/wp\/v2\/types\/post"}],"author":[{"embeddable":true,"href":"https:\/\/www.europesays.com\/lv\/wp-json\/wp\/v2\/users\/2"}],"replies":[{"embeddable":true,"href":"https:\/\/www.europesays.com\/lv\/wp-json\/wp\/v2\/comments?post=104046"}],"version-history":[{"count":0,"href":"https:\/\/www.europesays.com\/lv\/wp-json\/wp\/v2\/posts\/104046\/revisions"}],"wp:featuredmedia":[{"embeddable":true,"href":"https:\/\/www.europesays.com\/lv\/wp-json\/wp\/v2\/media\/104047"}],"wp:attachment":[{"href":"https:\/\/www.europesays.com\/lv\/wp-json\/wp\/v2\/media?parent=104046"}],"wp:term":[{"taxonomy":"category","embeddable":true,"href":"https:\/\/www.europesays.com\/lv\/wp-json\/wp\/v2\/categories?post=104046"},{"taxonomy":"post_tag","embeddable":true,"href":"https:\/\/www.europesays.com\/lv\/wp-json\/wp\/v2\/tags?post=104046"}],"curies":[{"name":"wp","href":"https:\/\/api.w.org\/{rel}","templated":true}]}}