{"id":104048,"date":"2026-01-14T08:59:08","date_gmt":"2026-01-14T08:59:08","guid":{"rendered":"https:\/\/www.europesays.com\/lv\/104048\/"},"modified":"2026-01-14T08:59:08","modified_gmt":"2026-01-14T08:59:08","slug":"glabeji-izglabj-divus-bernus-kas-bija-uzkapusi-uz-daugavas-ledus","status":"publish","type":"post","link":"https:\/\/www.europesays.com\/lv\/104048\/","title":{"rendered":"Gl\u0101b\u0113ji izgl\u0101bj divus b\u0113rnus, kas bija uzk\u0101pu\u0161i uz Daugavas ledus"},"content":{"rendered":"<p>Izmantojot gl\u0101b\u0161anas d\u0113li, gl\u0101b\u0113ji b\u0113rnus nog\u0101d\u0101ja krast\u0101 un nodeva Pa\u0161vald\u012bbas policijas darbiniekiem.<\/p>\n<p><a href=\"https:\/\/www.tvnet.lv\/term\/555464\/vugd\" class=\"topicLink\" target=\"_blank\" rel=\"nofollow noopener\">VUGD<\/a> aicina vec\u0101kus un izgl\u012bt\u012bbas iest\u0101des ar b\u0113rniem p\u0101rrun\u0101t dro\u0161\u012bbu pie \u016bdenstilp\u0113m, jo tik liela upe k\u0101 Daugava \u0161aj\u0101 laik\u0101 v\u0113l nav piln\u012bb\u0101 aizsalusi. B\u0113rni nesp\u0113j objekt\u012bvi izv\u0113rt\u0113t <a href=\"https:\/\/www.tvnet.lv\/term\/574470\/ledus\" class=\"topicLink\" target=\"_blank\" rel=\"nofollow noopener\">ledus<\/a> biezumu un t\u0101 nestsp\u0113ju, t\u0101d\u0113\u013c pat \u0161\u0137ietami dro\u0161\u0101s viet\u0101s past\u0101v augsts risks iel\u016bzt led\u016b.<\/p>\n<p>Ledus k\u0101rta uz \u016bdenstilp\u0113m neveidojas vienm\u0113r\u012bgi &#8211; t\u0101 var b\u016bt biez\u0101ka pie krastiem, bet \u016bdenstilpes vid\u016b var b\u016bt pl\u0101na. L\u012bdz\u0101s tam ledus b\u016bs pl\u0101n\u0101ks ar\u012b viet\u0101s, kur ir straume, zem\u016bdens avoti, pietekas, niedres, pie tiltu p\u0101rvadiem. Turkl\u0101t viet\u0101m sasnigus\u012b sniega sega var veidot m\u0101n\u012bgu priek\u0161statu par to, ka ledus ir izveidojies pietiekami biezs, lai notur\u0113tu cilv\u0113ka svaru. L\u012bdz ar to pat ilg\u0101k\u0101 period\u0101 past\u0101vot zem\u0101m gaisa temperat\u016br\u0101m, ledus k\u0101rta uz \u016bdenstilp\u0113m neb\u016bs vienm\u0113r\u012bga un past\u0101v risks iel\u016bzt, uzsver gl\u0101b\u0113ji.<\/p>\n<p>Aizvad\u012btaj\u0101 diennakt\u012b dienests sa\u0146\u0113ma 47 izsaukumus &#8211; 11 uz ugunsgr\u0113ku dz\u0113\u0161anu, 22 uz gl\u0101b\u0161anas darbiem, bet 14 izsaukumi bija maldin\u0101jumi<\/p>\n","protected":false},"excerpt":{"rendered":"Izmantojot gl\u0101b\u0161anas d\u0113li, gl\u0101b\u0113ji b\u0113rnus nog\u0101d\u0101ja krast\u0101 un nodeva Pa\u0161vald\u012bbas policijas darbiniekiem. VUGD aicina vec\u0101kus un izgl\u012bt\u012bbas iest\u0101des&hellip;\n","protected":false},"author":2,"featured_media":104049,"comment_status":"","ping_status":"","sticky":false,"template":"","format":"standard","meta":{"footnotes":""},"categories":[5],"tags":[5869,23,28,29,32,33,22,30,31,35,39,38,36,37,34,10287,40,20,26,27,24,25,4908,21],"class_list":{"0":"post-104048","1":"post","2":"type-post","3":"status-publish","4":"format-standard","5":"has-post-thumbnail","7":"category-aktualitates","8":"tag-ziema","9":"tag-aktualitates","10":"tag-breaking-news","11":"tag-breakingnews","12":"tag-featured-news","13":"tag-featurednews","14":"tag-headlines","15":"tag-latest-news","16":"tag-latestnews","17":"tag-latvia","18":"tag-latvian","19":"tag-latviesu","20":"tag-latviesu-valoda","21":"tag-latviesuvaloda","22":"tag-latvija","23":"tag-ledus","24":"tag-lv","25":"tag-news","26":"tag-popularakas-zinas","27":"tag-popularakaszinas","28":"tag-top-stories","29":"tag-topstories","30":"tag-vugd","31":"tag-zinas"},"share_on_mastodon":{"url":"https:\/\/pubeurope.com\/@lv\/115892634392668248","error":""},"_links":{"self":[{"href":"https:\/\/www.europesays.com\/lv\/wp-json\/wp\/v2\/posts\/104048","targetHints":{"allow":["GET"]}}],"collection":[{"href":"https:\/\/www.europesays.com\/lv\/wp-json\/wp\/v2\/posts"}],"about":[{"href":"https:\/\/www.europesays.com\/lv\/wp-json\/wp\/v2\/types\/post"}],"author":[{"embeddable":true,"href":"https:\/\/www.europesays.com\/lv\/wp-json\/wp\/v2\/users\/2"}],"replies":[{"embeddable":true,"href":"https:\/\/www.europesays.com\/lv\/wp-json\/wp\/v2\/comments?post=104048"}],"version-history":[{"count":0,"href":"https:\/\/www.europesays.com\/lv\/wp-json\/wp\/v2\/posts\/104048\/revisions"}],"wp:featuredmedia":[{"embeddable":true,"href":"https:\/\/www.europesays.com\/lv\/wp-json\/wp\/v2\/media\/104049"}],"wp:attachment":[{"href":"https:\/\/www.europesays.com\/lv\/wp-json\/wp\/v2\/media?parent=104048"}],"wp:term":[{"taxonomy":"category","embeddable":true,"href":"https:\/\/www.europesays.com\/lv\/wp-json\/wp\/v2\/categories?post=104048"},{"taxonomy":"post_tag","embeddable":true,"href":"https:\/\/www.europesays.com\/lv\/wp-json\/wp\/v2\/tags?post=104048"}],"curies":[{"name":"wp","href":"https:\/\/api.w.org\/{rel}","templated":true}]}}