{"id":104052,"date":"2026-01-14T09:04:11","date_gmt":"2026-01-14T09:04:11","guid":{"rendered":"https:\/\/www.europesays.com\/lv\/104052\/"},"modified":"2026-01-14T09:04:11","modified_gmt":"2026-01-14T09:04:11","slug":"sagatavojaties-laikus-latvijai-tuvojas-bargs-sals-no-sibirijas-la-lv","status":"publish","type":"post","link":"https:\/\/www.europesays.com\/lv\/104052\/","title":{"rendered":"Sagatavojaties laikus! Latvijai tuvojas bargs sals no Sib\u012brijas &#8211; LA.LV"},"content":{"rendered":"<ol>\n<li><a href=\"https:\/\/news.google.com\/rss\/articles\/CBMihwFBVV95cUxOU05TUjJod1NWalNTWHVrc0duWjkySVpIbE1rTXphNDdMQnJaMkU5MEJxVVFxcG1RdTQ2M3hCeGF3VkZfbmNGbEgwQ3AyWWhkeW1FX1ZZT1h3UHNzM2hQaGo4djI2ZUIzYVJteWV1dW8zdXdDcVZCWGZSLXJlS3RDWXFtVjJzQnc?oc=5\" target=\"_blank\" rel=\"nofollow noopener\">Sagatavojaties laikus! Latvijai tuvojas bargs sals no Sib\u012brijas<\/a>&nbsp;&nbsp;LA.LV<\/li>\n<li><a href=\"https:\/\/news.google.com\/rss\/articles\/CBMihgFBVV95cUxPTlBmUXBGazJwWVlsdC1sYU9iSnBuVWZnMlZvUm50MjZZdXU5OXRhZlRIYWtLZTROOENIdzBsT3FfeUl4M0RLcXRWVXo2dFNyQUgxMlhaRlRKZnpOcFp1dEM0aWtCN1V5OVhEYkh3MHMxZU54SUF2VHU4ZERsYV9rbVMtQ2VCZw?oc=5\" target=\"_blank\" rel=\"nofollow noopener\">Ned\u0113\u013cas nogale gaid\u0101ma dzestra un saulaina<\/a>&nbsp;&nbsp;Jauns.lv<\/li>\n<li><a href=\"https:\/\/news.google.com\/rss\/articles\/CBMiqgFBVV95cUxQT2NPREgxREZvWEpHVDltMXpNUHRiR1A0a2VuS29jRTFhU2JQTldXVFJjc0ZybFFmU1RKallTUVJKTTJjN0lHYnBJdjRYc1JRU2tjRDRaR3BkTXo1aldnTk80YWJMb1NPOWRGN21SNzNtN0xSdkRVcGhxZzJlUHBYTUpDdHhCd1htMENTOXBEWG9Fc0VDSUhJNHk0RjhLSVRqYmdIN2t4ZEx6QQ?oc=5\" target=\"_blank\" rel=\"nofollow noopener\">Jaun\u0101k\u0101 prognoze \u2013 sals Latvij\u0101 b\u016bs l\u012bdz febru\u0101rim<\/a>&nbsp;&nbsp;Delfi<\/li>\n<li><a href=\"https:\/\/news.google.com\/rss\/articles\/CBMiogFBVV95cUxOVEwwd1V2N0tSUktXZmRMM1BMM3FPQUFDazVXS2Z4dlowTkdkV2Z0bklyTEszOEcwTmZjSmE4YzNnVHhlc09VMXVYQ0pYLVFFLUUzS3VDeHpPOXo5Ukw0ZWVxekMzUUltb2tud1lxX3pLUXd2d2QwMHNpRWFzVV90eWE1RWVZdVVmNl9mUWdsME85LW9yMy1jRG5Xb0g0RXdVaVE?oc=5\" target=\"_blank\" rel=\"nofollow noopener\">Gaiss Latvij\u0101 nakt\u012b uz otrdienu viet\u0101m atdzis\u012bs l\u012bdz pat \u201325 gr\u0101diem<\/a>&nbsp;&nbsp;TVNET &#8211; Laika zi\u0146as<\/li>\n<li><a href=\"https:\/\/news.google.com\/rss\/articles\/CBMioAFBVV95cUxPMlVrVS0yVzhscHgwdzdVTTdVWFpQbEV2VG9uam9EOFA4WWo0eWFhQ1RnVGwxMVV0eHNrdkhBRTY5dUlSMlNGWW51bVNwRVJlcVU3MGFucURqUEVhZHpVQWJ1YUxRWlI4SkhhN3Zhd3JCYzhmWENDXzdvOGc5R2FVQWhwSmJGVkNpRHRYN0dCOFhlck9DdGs1b3ptZ3VDWlRa?oc=5\" target=\"_blank\" rel=\"nofollow noopener\">Nakt\u012b uz otrdienu termometra stabi\u0146\u0161 da\u017eviet nosl\u012bd\u0113s l\u012bdz -25 gr\u0101diem<\/a>&nbsp;&nbsp;Apollo.lv<\/li>\n<\/ol>\n","protected":false},"excerpt":{"rendered":"Sagatavojaties laikus! Latvijai tuvojas bargs sals no Sib\u012brijas&nbsp;&nbsp;LA.LV Ned\u0113\u013cas nogale gaid\u0101ma dzestra un saulaina&nbsp;&nbsp;Jauns.lv Jaun\u0101k\u0101 prognoze \u2013 sals&hellip;\n","protected":false},"author":2,"featured_media":104053,"comment_status":"","ping_status":"","sticky":false,"template":"","format":"standard","meta":{"footnotes":""},"categories":[12],"tags":[23,28,29,32,33,22,30,31,35,39,38,36,37,34,40,20,26,27,24,25,21],"class_list":{"0":"post-104052","1":"post","2":"type-post","3":"status-publish","4":"format-standard","5":"has-post-thumbnail","7":"category-latvija","8":"tag-aktualitates","9":"tag-breaking-news","10":"tag-breakingnews","11":"tag-featured-news","12":"tag-featurednews","13":"tag-headlines","14":"tag-latest-news","15":"tag-latestnews","16":"tag-latvia","17":"tag-latvian","18":"tag-latviesu","19":"tag-latviesu-valoda","20":"tag-latviesuvaloda","21":"tag-latvija","22":"tag-lv","23":"tag-news","24":"tag-popularakas-zinas","25":"tag-popularakaszinas","26":"tag-top-stories","27":"tag-topstories","28":"tag-zinas"},"share_on_mastodon":{"url":"https:\/\/pubeurope.com\/@lv\/115892654809413822","error":""},"_links":{"self":[{"href":"https:\/\/www.europesays.com\/lv\/wp-json\/wp\/v2\/posts\/104052","targetHints":{"allow":["GET"]}}],"collection":[{"href":"https:\/\/www.europesays.com\/lv\/wp-json\/wp\/v2\/posts"}],"about":[{"href":"https:\/\/www.europesays.com\/lv\/wp-json\/wp\/v2\/types\/post"}],"author":[{"embeddable":true,"href":"https:\/\/www.europesays.com\/lv\/wp-json\/wp\/v2\/users\/2"}],"replies":[{"embeddable":true,"href":"https:\/\/www.europesays.com\/lv\/wp-json\/wp\/v2\/comments?post=104052"}],"version-history":[{"count":0,"href":"https:\/\/www.europesays.com\/lv\/wp-json\/wp\/v2\/posts\/104052\/revisions"}],"wp:featuredmedia":[{"embeddable":true,"href":"https:\/\/www.europesays.com\/lv\/wp-json\/wp\/v2\/media\/104053"}],"wp:attachment":[{"href":"https:\/\/www.europesays.com\/lv\/wp-json\/wp\/v2\/media?parent=104052"}],"wp:term":[{"taxonomy":"category","embeddable":true,"href":"https:\/\/www.europesays.com\/lv\/wp-json\/wp\/v2\/categories?post=104052"},{"taxonomy":"post_tag","embeddable":true,"href":"https:\/\/www.europesays.com\/lv\/wp-json\/wp\/v2\/tags?post=104052"}],"curies":[{"name":"wp","href":"https:\/\/api.w.org\/{rel}","templated":true}]}}