{"id":104054,"date":"2026-01-14T09:05:07","date_gmt":"2026-01-14T09:05:07","guid":{"rendered":"https:\/\/www.europesays.com\/lv\/104054\/"},"modified":"2026-01-14T09:05:07","modified_gmt":"2026-01-14T09:05:07","slug":"danijas-un-grenlandes-attiecibas-joprojam-ietekme-savulaik-istenota-piespiedu-kontracepcijas-kampana-raksts","status":"publish","type":"post","link":"https:\/\/www.europesays.com\/lv\/104054\/","title":{"rendered":"D\u0101nijas un Grenlandes attiec\u012bbas joproj\u0101m ietekm\u0113 savulaik \u012bstenot\u0101 piespiedu kontracepcijas kampa\u0146a \/ Raksts"},"content":{"rendered":"<p>Rea\u0123\u0113jot uz ASV prezidenta pazi\u0146ojumiem par Grenlandes pievieno\u0161anu ASV, D\u0101nija sol\u012bjusi aizst\u0101v\u0113t tai piedero\u0161o\u00a0pasaul\u0113 liel\u0101ko salu. Lai gan Grenlande ir atkar\u012bga no D\u0101nijas finansi\u0101laj\u0101m iemaks\u0101m, vair\u0101k nek\u0101 puse no salas iedz\u012bvot\u0101jiem v\u0113l\u0113tos g\u016bt neatkar\u012bbu. N\u016bkas un Kopenh\u0101genas attiec\u012bbas ietekm\u0113jusi D\u0101nijas savulaik \u012bstenot\u0101 piespiedu kontracepcijas kampa\u0146a, kuras m\u0113r\u0137is bija mazin\u0101t\u00a0Grenlandes pamatiedz\u012bvot\u0101ju skaitu.\u00a0<\/p>\n<p><a id=\"1\" name=\"1\">Vair\u0101k nek\u0101 puse Grenlandes iedz\u012bvot\u0101ju\u00a0v\u0113las ieg\u016bt neatkar\u012bbu<\/a><\/p>\n<p>Grenlande ir\u00a0<a href=\"https:\/\/unric.org\/en\/greenland-what-you-need-to-know\/\" target=\"_blank\" rel=\"nofollow noopener\">liel\u0101k\u0101 sala pasaul\u0113<\/a>\u00a0\u2013 t\u0101s plat\u012bba ir aptuveni 2,2 miljoni kvadr\u0101tkilometru, tom\u0113r taj\u0101 ir tikai 57\u00a0000 iedz\u012bvot\u0101ju. Neraugoties uz to, ka Grenlande ir 50 reizes liel\u0101ka par D\u0101niju, t\u0101 atrodas Kopenh\u0101genas pasp\u0101rn\u0113.\u00a0<\/p>\n<p>2025. gad\u0101 a\u0123ent\u016bra\u00a0<a href=\"https:\/\/www.veriangroup.com\/news-and-insights\/opinion-poll-greenland-2025\" target=\"_blank\" rel=\"nofollow noopener\">&#8220;Verian&#8221; veica Grenlandes iedz\u012bvot\u0101ju aptaujas<\/a>, lai noskaidrotu vi\u0146u viedokli par\u00a0atdal\u012b\u0161anos no D\u0101nijas un neatkar\u012bbas ieg\u016b\u0161anu vai palik\u0161anu Kopenh\u0101genas p\u0101rvald\u012bb\u0101.\u00a0<\/p>\n<blockquote>\n<p style=\"margin-left:0cm; margin-right:0cm\">56 % aptauj\u0101to atzina, ka, ja aptaujas dien\u0101 notiktu referendums par salas neatkar\u012bbas ieg\u016b\u0161anu, vi\u0146i \u0161\u0101du priek\u0161likumu atbalst\u012btu.\u00a0<\/p>\n<\/blockquote>\n<p style=\"margin-left:0cm; margin-right:0cm\">28 % b\u016btu pret atdal\u012b\u0161anos no D\u0101nijas, bet 17 % nav var\u0113ju\u0161i atbild\u0113t uz \u0161o jaut\u0101jumu.\u00a0<\/p>\n<p style=\"margin-left:0cm; margin-right:0cm\">Tom\u0113r 45 % no Grenlandes iedz\u012bvot\u0101jiem nev\u0113l\u0113tos atdal\u012bties no D\u0101nijas, ja tas negat\u012bvi ietekm\u0113tu vi\u0146u dz\u012bves l\u012bmeni.\u00a0<\/p>\n<p><a id=\"2\" name=\"2\">D\u0101nija p\u0101rvalda Grenlandes \u0101rpolitiku, aizsardz\u012bbu un dro\u0161\u012bbas politiku\u00a0<\/a><\/p>\n<p style=\"margin-left:0cm; margin-right:0cm\">2009. gada 21. j\u016bnij\u0101 sp\u0113k\u0101 st\u0101jies <a href=\"https:\/\/www.iea.org\/policies\/18078-greenland-self-government-act\" target=\"_blank\" rel=\"nofollow noopener\">Pa\u0161p\u0101rvaldes\u00a0likums<\/a>, kur\u0161 pie\u0161\u0137\u012bra Grenlandei pla\u0161\u0101ku autonomiju, tostarp \u013caujot salai p\u0101r\u0146emt kontroli p\u0101r liel\u0101ko da\u013cu jomu, kas saist\u012btas ar iek\u0161liet\u0101m. Pa\u0161p\u0101rvaldes likums \u013cauj Grenlandei r\u012bkot referendumu par atdal\u012b\u0161anos no D\u0101nijas.\u00a0<\/p>\n<p style=\"margin-left:0cm; margin-right:0cm\">Grenlande ieguva liel\u0101ku autonomiju iek\u0161liet\u0101s, tom\u0113r D\u0101nija v\u0113l joproj\u0101m p\u0101rvalda salas \u0101rpolitiku, aizsardz\u012bbu un dro\u0161\u012bbas politiku.\u00a0<\/p>\n<p style=\"margin-left:0cm; margin-right:0cm\">D\u0101nija \u0161obr\u012bd nodro\u0161ina aptuveni divas tre\u0161da\u013cas no Grenlandes\u00a0bud\u017eeta ie\u0146\u0113mumu. Lai gan sal\u0101 ir iev\u0113rojamas der\u012bgo izrakte\u0146u rezerves, pa\u0161laik t\u0101s iesp\u0113jams ieg\u016bt vien neliel\u0101 apjom\u0101, t\u0101d\u0113\u013c p\u0101r\u0113jie ien\u0101kumi n\u0101k no zvejas.\u00a0<\/p>\n<blockquote>\n<p style=\"margin-left:0cm; margin-right:0cm\">\u0145emot v\u0113r\u0101 Grenlandes atkar\u012bbu no D\u0101nijas finansi\u0101laj\u0101m iemaks\u0101m, salas iedz\u012bvot\u0101ji l\u012bdz \u0161im ir attur\u0113ju\u0161ies r\u012bkot referendumu par piln\u012bgu neatkar\u012bbu no Kopenh\u0101genas varas.\u00a0<\/p>\n<\/blockquote>\n<p style=\"margin-left:0cm; margin-right:0cm\">Tom\u0113r vi\u0146i\u00a0neb\u016bt nav apmierin\u0101ti ar D\u0101nijas p\u0101rvaldi, \u012bpa\u0161i p\u0113c tam, kad klaj\u0101 n\u0101ca inform\u0101cija par d\u0101\u0146u centieniem pag\u0101ju\u0161\u0101 gadsimt\u0101 mazin\u0101t Grenlandes pamatiedz\u012bvot\u0101ju jeb inu\u012btu skaitu.\u00a0<\/p>\n<p><a id=\"3\" name=\"3\">Inu\u012btu sievietes aps\u016bdz\u0113ju\u0161as D\u0101niju piespiedu kontracepcij\u0101<\/a><\/p>\n<p style=\"margin-left:0cm; margin-right:0cm\">2017. gad\u0101 Grenlandes sievie\u0161u ties\u012bbu akt\u012bviste Naja Liberta publiski pazi\u0146oja, ka D\u0101nijas vald\u012bbas \u012bstenotaj\u0101 kampa\u0146\u0101 vi\u0146ai b\u0113rn\u012bb\u0101 tikusi ievietota kontracepcijas spir\u0101le. Vi\u0146a aps\u016bdz\u0113jusi D\u0101niju <a href=\"https:\/\/www.theguardian.com\/world\/2024\/mar\/04\/greenlandic-women-sue-danish-state-for-contraceptive-violation-coil\" target=\"_blank\" rel=\"nofollow noopener\">piespiedu kontracepcijas ievad\u012b\u0161an\u0101<\/a>, jo t\u0101s d\u0113\u013c vi\u0146a nav sp\u0113jusi dzemd\u0113t b\u0113rnus.\u00a0<\/p>\n<p style=\"margin-left:0cm; margin-right:0cm\">2022. gad\u0101 D\u0101nijas raidorganiz\u0101cija DR atkl\u0101ja dokumentus, kuros ir apstiprin\u0101ts, ka laika posm\u0101 no 1966. l\u012bdz 1991. gadam D\u0101nijas \u0101rsti, neinform\u0113jot inu\u012btu sievietes un meitenes par proced\u016bru, valsts medic\u012bnisk\u0101s p\u0101rbaudes laik\u0101 ievietoja vi\u0146\u0101m kontracepcijas spir\u0101les, lai mazin\u0101tu Grenlandes pamatiedz\u012bvot\u0101ju skaitu.\u00a0<\/p>\n<blockquote>\n<p style=\"margin-left:0cm; margin-right:0cm\">Tiek uzskat\u012bts, ka proced\u016brai biju\u0161as pak\u013cautas vair\u0101k nek\u0101 4500 inu\u012btu sievie\u0161u un meite\u0146u.\u00a0<\/p>\n<\/blockquote>\n<p style=\"margin-left:0cm; margin-right:0cm\">P\u0113c DR raid\u012bjuma izlai\u0161anas cilv\u0113kties\u012bbu aizst\u0101vji piepras\u012bja uzs\u0101kt izmekl\u0113\u0161anu. Ar\u012b Grenlandes parlaments ofici\u0101li piepras\u012bja D\u0101nijai izmekl\u0113t un publiskot inform\u0101ciju par \u012bstenoto kampa\u0146u.\u00a0<\/p>\n<p style=\"margin-left:0cm; margin-right:0cm\">2023. gada maij\u0101 D\u0101nijas un Grenlandes kop\u012bgi izveidot\u0101 komisija uzs\u0101ka izmekl\u0113\u0161anu. S\u0101kotn\u0113ji izmekl\u0113\u0161anu bija pl\u0101nots pabeigt divu gadu laik\u0101, tom\u0113r v\u0113l\u0101k komisija aicin\u0101jusi termi\u0146u pagarin\u0101t. \u0160obr\u012bd izmekl\u0113\u0161anu pl\u0101nots pabeigt 2026. gada 31. janv\u0101r\u012b.\u00a0<\/p>\n<p><a id=\"4\" name=\"4\">D\u0101nija atvainojas cietu\u0161aj\u0101m sieviet\u0113m; gatava izmaks\u0101t kompens\u0101cijas\u00a0<\/a><\/p>\n<p style=\"margin-left:0cm; margin-right:0cm\">2025. gada 24. septembr\u012b D\u0101nijas premjere Mete Frederiksena Grenlandes galvaspils\u0113t\u0101 N\u016bk\u0101 atvainoj\u0101s sieviet\u0113m, kuras cietu\u0161as no piespiedu kontracepcijas.<\/p>\n<p style=\"margin-left:0cm; margin-right:0cm\">&#8220;Es neticu, ka m\u0113s var\u0113sim pan\u0101kt vienl\u012bdz\u012bg\u0101kas un lab\u0101kas attiec\u012bbas, k\u0101das daudzi no mums v\u0113las, ja m\u0113s neuzdro\u0161in\u0101simies atv\u0113rt pat vistum\u0161\u0101k\u0101s noda\u013cas,&#8221;<a href=\"https:\/\/www.reuters.com\/world\/denmarks-pm-apologises-person-greenland-women-over-forced-contraception-2025-09-24\/\" target=\"_blank\" rel=\"nofollow noopener\"> sac\u012bja Frederiksena<\/a>.<\/p>\n<p style=\"margin-left:0cm; margin-right:0cm\">Savuk\u0101rt pag\u0101ju\u0161\u0101 gada decembr\u012b D\u0101nijas vald\u012bba vienoj\u0101s izmaks\u0101t individu\u0101lu kompens\u0101ciju katrai sievietei, kura cietusi no piespiedu kontracepcijas laika posm\u0101 no 1966. l\u012bdz 1991. gadam.\u00a0<\/p>\n<blockquote>\n<p style=\"margin-left:0cm; margin-right:0cm\">D\u0101nija ap\u0146\u0113musies izmaks\u0101t individu\u0101lu<a href=\"https:\/\/www.reuters.com\/business\/healthcare-pharmaceuticals\/denmark-compensate-greenlandic-women-involuntary-birth-control-2025-12-10\/\" target=\"_blank\" rel=\"nofollow noopener\"> kompens\u0101ciju 300 000 D\u0101nijas kronu<\/a>\u00a0(40\u00a0148 eiro) apm\u0113r\u0101, teikts Vesel\u012bbas ministrijas pazi\u0146ojum\u0101.\u00a0<\/p>\n<\/blockquote>\n<p style=\"margin-left:0cm; margin-right:0cm\">&#8220;P\u0101r\u0101k ilgi m\u0113s piev\u0113r\u0101m acis uz netaisn\u012bbu, kas tika izdar\u012bta pret vi\u0146\u0101m&#8230; M\u0113s nevaram main\u012bt to, kas ir noticis. Bet m\u0113s varam uz\u0146emties atbild\u012bbu,&#8221; koment\u0113jot vald\u012bbas l\u0113mumu, pazi\u0146oja premjere Frederiksena.\u00a0\u00a0<\/p>\n<p style=\"margin-left:0cm; margin-right:0cm\">Sievietes pieteikties kompens\u0101cijai var l\u012bdz 2028. gada j\u016bnijam.<\/p>\n<p>KONTEKSTS:<\/p>\n<p>Grenlande p\u0113c plat\u012bbas ir liel\u0101k\u0101 sala pasaul\u0113, bet taj\u0101 ir tikai apm\u0113ram 57 000 iedz\u012bvot\u0101ju. Grenlandes sala pieder D\u0101nijai, bet salai ir pla\u0161as autonomijas ties\u012bbas.<\/p>\n<p>Grenlandes galvaspils\u0113ta N\u016bka \u0123eogr\u0101fiski ir tuv\u0101k \u0145ujorkai nek\u0101 Kopenh\u0101genai, un ASV vald\u012bba jau vair\u0101kk\u0101rt izr\u0101d\u012bjusi interesi par Grenlandes ieg\u0101d\u0101\u0161anos. Grenland\u0113 ir izvietota ASV milit\u0101r\u0101 b\u0101ze.<\/p>\n<p>ASV dr\u012bz p\u0113c Otr\u0101 pasaules kara pied\u0101v\u0101ja nopirkt Grenlandi par 100 miljoniem dol\u0101ru, bet D\u0101nija noraid\u012bja \u0161o pied\u0101v\u0101jumu.<\/p>\n<p>ASV prezidents Donalds Tramps jau sava pirm\u0101 prezident\u016bras termi\u0146a laik\u0101\u00a0<a data-id=\"328990\" data-type=\"article\" href=\"https:\/\/www.lsm.lv\/raksts\/zinas\/arzemes\/mediji-tramps-interesejies-par-grenlandes-iegadi-danija-to-uztver-ka-joku.a328990\/\" class=\"lsm-link\" rel=\"nofollow noopener\" target=\"_blank\">atdz\u012bvin\u0101ja ideju<\/a>\u00a0par Grenlandes pirk\u0161anu, bet tagad p\u0113c atgrie\u0161an\u0101s Balt\u0101 nama saimnieka amat\u0101 vi\u0146\u0161 ar jaunu sparu\u00a0<a data-id=\"582653\" data-type=\"article\" href=\"https:\/\/www.lsm.lv\/raksts\/zinas\/arzemes\/07.01.2025-tramps-pirms-stasanas-amata-signalize-par-ekspansionisma-tieksmem.a582653\/\" class=\"lsm-link\" rel=\"nofollow noopener\" target=\"_blank\">\u0137\u0113ries<\/a>\u00a0pie \u0161\u012bs idejas populariz\u0113\u0161anas.<\/p>\n<p>Starptautisk\u0101s politikas eksperti\u00a0<a data-id=\"582674\" data-type=\"article\" href=\"https:\/\/www.lsm.lv\/raksts\/zinas\/arzemes\/08.01.2025-lsm-skaidro-kapec-tramps-tik-loti-velas-iegadaties-grenlandi.a582674\/\" class=\"lsm-link\" rel=\"nofollow noopener\" target=\"_blank\">sprie\u017e<\/a>, ka ASV interes\u0113 Grenlandes strat\u0113\u0123iski svar\u012bgais izvietojums un pieeja Arktikai, k\u0101 ar\u012b der\u012bgo izrakte\u0146u kr\u0101jumi.<\/p>\n<p>D\u0101nijas un Grenlandes amatpersonas gan\u00a0<a data-id=\"582821\" data-type=\"article\" href=\"https:\/\/www.lsm.lv\/raksts\/zinas\/arzemes\/08.01.2025-grenlandes-deputate-par-trampa-velmi-nopirkt-salu-ne-jau-asv-izlems-musu-nakotni.a582821\/\" class=\"lsm-link\" rel=\"nofollow noopener\" target=\"_blank\">uzsv\u0113ru\u0161as<\/a>, ka Grenlande netiek p\u0101rdota.<\/p>\n<p>2026. gada janv\u0101r\u012b Baltais nams\u00a0<a data-id=\"628859\" data-type=\"article\" href=\"https:\/\/www.lsm.lv\/raksts\/zinas\/arzemes\/06.01.2026-tramps-apsver-vairakus-variantus-grenlandes-iegusanai-neizsledz-militaru-ricibu.a628859\/\" class=\"lsm-link\" rel=\"nofollow noopener\" target=\"_blank\">pav\u0113st\u012bja<\/a>, ka Tramps izskata da\u017e\u0101das iesp\u0113jas, k\u0101 p\u0101r\u0146emt Grenlandi sav\u0101 kontrol\u0113, tai skait\u0101 netiek izsl\u0113gts ar\u012b milit\u0101rs risin\u0101jums. \u0160\u0101ds scen\u0101rijs izrais\u012btu smagu kr\u012bzi NATO, jo gan D\u0101nija, gan ASV ir NATO dal\u012bbvalstis.<\/p>\n<p>                    Valodas k\u013c\u016bda rakst\u0101?<\/p>\n<p class=\"d-none d-md-block\">Iez\u012bm\u0113jiet tekstu un spiediet Ctrl+Enter, lai nos\u016bt\u012btu labojamo teksta fragmentu redaktoram! Par faktu k\u013c\u016bd\u0101m l\u016bdzam zi\u0146ot e-past\u0101 <a href=\"https:\/\/www.lsm.lv\/cdn-cgi\/l\/email-protection\" class=\"__cf_email__\" data-cfemail=\"d0a2b5b4b1bbb3b9bab190bca3bdfebca6\" rel=\"nofollow noopener\" target=\"_blank\">[email\u00a0protected]<\/a>.<\/p>\n<p class=\"d-md-none\">Iez\u012bm\u0113jiet tekstu un spiediet uz Zi\u0146ot par k\u013c\u016bdu pogas, lai nos\u016bt\u012btu labojamo teksta fragmentu redaktoram!<\/p>\n<p>\n                    Zi\u0146ot par k\u013c\u016bdu\n                <\/p>\n","protected":false},"excerpt":{"rendered":"Rea\u0123\u0113jot uz ASV prezidenta pazi\u0146ojumiem par Grenlandes pievieno\u0161anu ASV, D\u0101nija sol\u012bjusi aizst\u0101v\u0113t tai piedero\u0161o\u00a0pasaul\u0113 liel\u0101ko salu. Lai gan&hellip;\n","protected":false},"author":2,"featured_media":104055,"comment_status":"","ping_status":"","sticky":false,"template":"","format":"standard","meta":{"footnotes":""},"categories":[5],"tags":[23,28,29,32,33,22,30,31,35,39,38,36,37,34,40,20,26,27,24,25,21],"class_list":{"0":"post-104054","1":"post","2":"type-post","3":"status-publish","4":"format-standard","5":"has-post-thumbnail","7":"category-aktualitates","8":"tag-aktualitates","9":"tag-breaking-news","10":"tag-breakingnews","11":"tag-featured-news","12":"tag-featurednews","13":"tag-headlines","14":"tag-latest-news","15":"tag-latestnews","16":"tag-latvia","17":"tag-latvian","18":"tag-latviesu","19":"tag-latviesu-valoda","20":"tag-latviesuvaloda","21":"tag-latvija","22":"tag-lv","23":"tag-news","24":"tag-popularakas-zinas","25":"tag-popularakaszinas","26":"tag-top-stories","27":"tag-topstories","28":"tag-zinas"},"share_on_mastodon":{"url":"https:\/\/pubeurope.com\/@lv\/115892657999647486","error":""},"_links":{"self":[{"href":"https:\/\/www.europesays.com\/lv\/wp-json\/wp\/v2\/posts\/104054","targetHints":{"allow":["GET"]}}],"collection":[{"href":"https:\/\/www.europesays.com\/lv\/wp-json\/wp\/v2\/posts"}],"about":[{"href":"https:\/\/www.europesays.com\/lv\/wp-json\/wp\/v2\/types\/post"}],"author":[{"embeddable":true,"href":"https:\/\/www.europesays.com\/lv\/wp-json\/wp\/v2\/users\/2"}],"replies":[{"embeddable":true,"href":"https:\/\/www.europesays.com\/lv\/wp-json\/wp\/v2\/comments?post=104054"}],"version-history":[{"count":0,"href":"https:\/\/www.europesays.com\/lv\/wp-json\/wp\/v2\/posts\/104054\/revisions"}],"wp:featuredmedia":[{"embeddable":true,"href":"https:\/\/www.europesays.com\/lv\/wp-json\/wp\/v2\/media\/104055"}],"wp:attachment":[{"href":"https:\/\/www.europesays.com\/lv\/wp-json\/wp\/v2\/media?parent=104054"}],"wp:term":[{"taxonomy":"category","embeddable":true,"href":"https:\/\/www.europesays.com\/lv\/wp-json\/wp\/v2\/categories?post=104054"},{"taxonomy":"post_tag","embeddable":true,"href":"https:\/\/www.europesays.com\/lv\/wp-json\/wp\/v2\/tags?post=104054"}],"curies":[{"name":"wp","href":"https:\/\/api.w.org\/{rel}","templated":true}]}}