{"id":104058,"date":"2026-01-14T09:09:26","date_gmt":"2026-01-14T09:09:26","guid":{"rendered":"https:\/\/www.europesays.com\/lv\/104058\/"},"modified":"2026-01-14T09:09:26","modified_gmt":"2026-01-14T09:09:26","slug":"video-igaunija-turisti-glabjas-no-kritosam-udenskrituma-lastekam-1188-lv","status":"publish","type":"post","link":"https:\/\/www.europesays.com\/lv\/104058\/","title":{"rendered":"VIDEO: Igaunij\u0101 t\u016bristi gl\u0101bjas no kr\u012bto\u0161\u0101m \u016bdenskrituma l\u0101stek\u0101m &#8211; 1188.lv"},"content":{"rendered":"<ol>\n<li><a href=\"https:\/\/news.google.com\/rss\/articles\/CBMinAFBVV95cUxPRU9mMTNEbGxjOWlWNGdUTGV0cU5oTk9DWVVPRVpjaDVBWUZMMF9iZXJ6dFI4aE5UVEZHUmQ1S0VIRkd4aHRWS2J2aVN0el95cHVyVEdEMXJYOHBDeXREQ3hBNmN4TmRCWnk1ZXY4Qm5RLVNfUWQ2YnQ4RllNTXVDaVpxQ3dwcjJqUVFSLWFFWVdVYW8yZEVBMUg3MFY?oc=5\" target=\"_blank\" rel=\"nofollow noopener\">VIDEO: Igaunij\u0101 t\u016bristi gl\u0101bjas no kr\u012bto\u0161\u0101m \u016bdenskrituma l\u0101stek\u0101m<\/a>&nbsp;&nbsp;1188.lv<\/li>\n<li><a href=\"https:\/\/news.google.com\/rss\/articles\/CBMivAFBVV95cUxNQ1UyU3M4OEdiZWt4V2REZnM5dVlLM0VYUTl6WUVBUWhlMzlkQ054eWhSb29Cd3QxSl9nbHJkX3dkYXc5ZjVTLVZGN0hhYXkwT3BMN3AtRlFUcFE4RURaVkNtcC14Z2VTbExUTk91dTFPME44YVV2SzJDWmRCSXNtZEc3VUFfZlItMkdwb19MQXBIclFXY0twX21YUHN6VC1UczlGSElZcUdlWm5KR2puQkZaejM4TDE4RnI4MQ?oc=5\" target=\"_blank\" rel=\"nofollow noopener\">FOTO UN VIDEO &#8220;Sajutu ledus smagumu uz \u0137erme\u0146a.&#8221; Bied\u0113jo\u0161s incidents pie Valastes \u016bdenskrituma<\/a>&nbsp;&nbsp;TVNET<\/li>\n<li><a href=\"https:\/\/news.google.com\/rss\/articles\/CBMieEFVX3lxTE9tS0p3Q0pyT2ctd3Z6TFJUWUJscFZiajBIcmhQMTd4eWRHeDdVNEdiT3loMjZiWkx5anRYczIzQlE1Z19oNFo2cmJvNzAwdDhydUNiaENVTHFuOWdXTUJDd080dzhIN0d4eVdQV2w3WTBLLXM1emRIcA?oc=5\" target=\"_blank\" rel=\"nofollow noopener\">VIDEO. Par mata tiesu no nelaimes &#8211; iem\u016b\u017ein\u0101ts incidents pie Igaunijas leduskritumiem<\/a>&nbsp;&nbsp;NRA<\/li>\n<li><a href=\"https:\/\/news.google.com\/rss\/articles\/CBMixAFBVV95cUxNM0YtZnNoamZrWDZQbUQ0X2FBdjZUR1NEZU90bUVvT3ZEenFZekFtZ1R1TGFTVDZsLV94bFV4bjQzVGNiR213azBPUldaRzlhQ0tTaVVSUkxBOVdGWnNCc3RrRk1XSEF1SHVzdktfX1RFeWpDdDg4bWg0YXE2aE9OYXAyZFVoemNWa2xwTWU5cWJ1bFhERXB2SjR1VXNaVGE2dllTRGRZNTF5WUxUQzB0TGhKR2VIMFdydnljcnhfSmFndEE0?oc=5\" target=\"_blank\" rel=\"nofollow noopener\">Video: Ledus bl\u0101\u0137is gandr\u012bz notriec apmekl\u0113t\u0101jus pie Valastes \u016bdenskrituma Igaunij\u0101<\/a>&nbsp;&nbsp;Lente.lv<\/li>\n<li><a href=\"https:\/\/news.google.com\/rss\/articles\/CBMipgFBVV95cUxPcXJyZGRlQU5CNlBrdVpUemxwZXJ5MmxmVFA3S01LTzZaZGNLbHNYMjhrZm5XMTh1aFBKYmtJYi1LWWxqWFE4ZTE1di1VdE1CZDlqQWdOb0hoQmdZa1BDcEVQa1Z0c1kxeVZvYWdsQmdYbHNZcXRrTHNMeER6b1RpYlVZc0NralFOeDlpdm9UY0M2ZFBrWlJXeHhMNEVRNFlwTFRsdHpR?oc=5\" target=\"_blank\" rel=\"nofollow noopener\">VIDEO. B\u0113ga klupdami, krizdami! Leduskritums Igaunij\u0101 teju nogalina neskait\u0101mus cilv\u0113kus<\/a>&nbsp;&nbsp;LA.LV<\/li>\n<\/ol>\n","protected":false},"excerpt":{"rendered":"VIDEO: Igaunij\u0101 t\u016bristi gl\u0101bjas no kr\u012bto\u0161\u0101m \u016bdenskrituma l\u0101stek\u0101m&nbsp;&nbsp;1188.lv FOTO UN VIDEO &#8220;Sajutu ledus smagumu uz \u0137erme\u0146a.&#8221; Bied\u0113jo\u0161s incidents&hellip;\n","protected":false},"author":2,"featured_media":104059,"comment_status":"","ping_status":"","sticky":false,"template":"","format":"standard","meta":{"footnotes":""},"categories":[14],"tags":[129,1395,6114,23,57,28,29,32,33,22,30,31,35,39,38,36,37,34,40,20,26,27,6115,1396,6116,1397,24,25,54,55,56,21,58],"class_list":{"0":"post-104058","1":"post","2":"type-post","3":"status-publish","4":"format-standard","5":"has-post-thumbnail","7":"category-zinas-no-arvalstim","8":"tag-__typenameadvicekeyword","9":"tag-id408","10":"tag-id810","11":"tag-aktualitates","12":"tag-arvalstim","13":"tag-breaking-news","14":"tag-breakingnews","15":"tag-featured-news","16":"tag-featurednews","17":"tag-headlines","18":"tag-latest-news","19":"tag-latestnews","20":"tag-latvia","21":"tag-latvian","22":"tag-latviesu","23":"tag-latviesu-valoda","24":"tag-latviesuvaloda","25":"tag-latvija","26":"tag-lv","27":"tag-news","28":"tag-popularakas-zinas","29":"tag-popularakaszinas","30":"tag-slugigaunija","31":"tag-sluglaikapstakli","32":"tag-titleigaunija","33":"tag-titlelaikapstakli","34":"tag-top-stories","35":"tag-topstories","36":"tag-world","37":"tag-world-news","38":"tag-worldnews","39":"tag-zinas","40":"tag-zinas-no-arvalstim"},"share_on_mastodon":{"url":"","error":"Validation failed: Text character limit of 500 exceeded"},"_links":{"self":[{"href":"https:\/\/www.europesays.com\/lv\/wp-json\/wp\/v2\/posts\/104058","targetHints":{"allow":["GET"]}}],"collection":[{"href":"https:\/\/www.europesays.com\/lv\/wp-json\/wp\/v2\/posts"}],"about":[{"href":"https:\/\/www.europesays.com\/lv\/wp-json\/wp\/v2\/types\/post"}],"author":[{"embeddable":true,"href":"https:\/\/www.europesays.com\/lv\/wp-json\/wp\/v2\/users\/2"}],"replies":[{"embeddable":true,"href":"https:\/\/www.europesays.com\/lv\/wp-json\/wp\/v2\/comments?post=104058"}],"version-history":[{"count":0,"href":"https:\/\/www.europesays.com\/lv\/wp-json\/wp\/v2\/posts\/104058\/revisions"}],"wp:featuredmedia":[{"embeddable":true,"href":"https:\/\/www.europesays.com\/lv\/wp-json\/wp\/v2\/media\/104059"}],"wp:attachment":[{"href":"https:\/\/www.europesays.com\/lv\/wp-json\/wp\/v2\/media?parent=104058"}],"wp:term":[{"taxonomy":"category","embeddable":true,"href":"https:\/\/www.europesays.com\/lv\/wp-json\/wp\/v2\/categories?post=104058"},{"taxonomy":"post_tag","embeddable":true,"href":"https:\/\/www.europesays.com\/lv\/wp-json\/wp\/v2\/tags?post=104058"}],"curies":[{"name":"wp","href":"https:\/\/api.w.org\/{rel}","templated":true}]}}