{"id":104060,"date":"2026-01-14T09:10:07","date_gmt":"2026-01-14T09:10:07","guid":{"rendered":"https:\/\/www.europesays.com\/lv\/104060\/"},"modified":"2026-01-14T09:10:07","modified_gmt":"2026-01-14T09:10:07","slug":"apvienoto-arabu-emiratu-vestniece-latvija-apmekle-jekabpili","status":"publish","type":"post","link":"https:\/\/www.europesays.com\/lv\/104060\/","title":{"rendered":"Apvienoto Ar\u0101bu Emir\u0101tu v\u0113stniece Latvij\u0101 apmekl\u0113 J\u0113kabpili"},"content":{"rendered":"<p>Vakar, 13.janv\u0101ra p\u0113cpusdien\u0101 J\u0113kabpils novadu ofici\u0101l\u0101 viz\u012bt\u0113 apmekl\u0113ja Vi\u0146as Ekselence Apvienoto Ar\u0101bu Emir\u0101tu v\u0113stniece Latvijas Republik\u0101 N\u016bra D\u017euma. ( Her Excellency Noora Mohammed Abdulhamid Juma).<\/p>\n<p>Apvienoto Ar\u0101bu Emir\u0101tu v\u0113stnieci Latvijas Republik\u0101 N. D\u017eumu uz\u0146\u0113ma J\u0113kabpils novada domes priek\u0161s\u0113d\u0113t\u0101js Raivis Raganis.<\/p>\n<p>V\u0113stnieces viz\u012btes m\u0113r\u0137is bija iepaz\u012b\u0161an\u0101s ar J\u0113kabpils novadu, t\u0101 noz\u012bm\u012bg\u0101kajiem objektiem, vesel\u012bbas apr\u016bpi novad\u0101 un profesion\u0101\u013ciem, k\u0101 ar\u012b iesp\u0113ju veicin\u0101t savstarp\u0113jo sadarb\u012bbu,\u00a0 dialogu un veidotu jaunus sadarb\u012bbas virzienus.<\/p>\n<p>T\u0101 k\u0101 vakar aprit\u0113ja tr\u012bs gadi kop\u0161 2023.gada janv\u0101ra pl\u016bdiem J\u0113kabpil\u012b, tad viz\u012btes s\u0101kum\u0101 R. Raganis v\u0113stnieci iepaz\u012bstin\u0101ja ar J\u0113kabpils aizsargambja projekta izb\u016bvi pl\u016bdu risku nov\u0113r\u0161ana J\u0113kabpil\u012b.<\/p>\n<p>Viz\u012btes turpin\u0101jum\u0101 v\u0113stniece apmekl\u0113ja m\u0101kslas galeriju \u201cMANS&#8217;S\u201d, kas dibin\u0101ta 1991. gad\u0101 un ir viena no pirmaj\u0101m priv\u0101taj\u0101m m\u0101kslas galerij\u0101m Latvij\u0101 un attiec\u012bgi ie\u0146em noz\u012bm\u012bgu vietu re\u0123iona kult\u016bras dz\u012bv\u0113 un veicina laikmet\u012bg\u0101s m\u0101kslas pieejam\u012bbu sabiedr\u012bbai. Galerijas vad\u012bt\u0101js Uldis \u010camans v\u0113stnieci iepaz\u012bstin\u0101ja ar Latvij\u0101 pla\u0161i paz\u012bstamo, k\u0101 ar\u012b \u0101rzemju m\u0101kslinieku darbiem, aktu\u0101laj\u0101m galerijas person\u0101lizst\u0101d\u0113m un kolekcij\u0101m.\u00a0 \u00a0<\/p>\n<p>T\u0101l\u0101k viz\u012btes programm\u0101 v\u0113stniece apmekl\u0113ja J\u0113kabpils re\u0123ion\u0101lo slimn\u012bcu un tik\u0101s ar slimn\u012bcas vad\u012bbu,\u00a0 \u0101rstiem, k\u0101 ar\u012b iepazin\u0101s ar traumatologa-ortop\u0113da Kaspara \u016adra inici\u0113to labdar\u012bbas akcijas \u201cDz\u012bvo vesels\u201d norisi, kas pag\u0101ju\u0161aj\u0101 gad\u0101 norisin\u0101s jau desmito reizi un v\u0113rsta uz mazaisarg\u0101t\u0101k\u0101s sabiedr\u012bbas da\u013cas vesel\u012bbas veicin\u0101\u0161anu. Savuk\u0101rt J\u0113kabpils re\u0123ion\u0101l\u0101s slimn\u012bcas \u0137irur\u0123ijas noda\u013cas vad\u012bt\u0101js Juris Larnovskis v\u0113stnieci N. D\u017eumu iepaz\u012bstin\u0101ja ar slimn\u012bcas galvenajiem raksturlielumiem, oper\u0101cijas bloka kapacit\u0101ti, person\u0101la noslodzi, \u0101rstu iesaisti labdar\u012bbas akcij\u0101 un re\u0123ion\u0101l\u0101s slimn\u012bcas ikdienas darbu apjomu.<\/p>\n<p>Viz\u012bte nosl\u0113gum\u0101 v\u0113stniece V.E. N. D\u017euma apmekl\u0113ja J\u0113kabpils Me\u017eaparku un pateic\u0101s J\u0113kabpils novada domes priek\u0161s\u0113d\u0113t\u0101jam par viz\u012btes programmas norises laik\u0101 g\u016btajiem pozit\u012bvajiem iespaidiem, k\u0101 ar\u012b apliecin\u0101ja turpm\u0101k\u0101s savstarp\u0113j\u0101s starptautisk\u0101s sadarb\u012bbas un kult\u016bras dialoga noz\u012bmi, veicinot J\u0113kabpils novada atpaz\u012bstam\u012bbu un sadarb\u012bbas iesp\u0113ju papla\u0161in\u0101\u0161anu starptautisk\u0101 l\u012bmen\u012b. V.E. N. D\u017euma pauda ap\u0146em\u0161anos atgriezties J\u0113kabpils \u00a0novad\u0101.<\/p>\n<p>Inform\u0101cijai: J\u0113kabpils ar\u012b iepriek\u0161 ir sadarbojusies\u00a0 ar Apvienoto Ar\u0101bu Emir\u0101tu v\u0113stniec\u012bbu Latvijas Republik\u0101 labdar\u012bbas akcijas \u201cDz\u012bvo vesels\u201d kontekst\u0101, kad v\u0113stnieces pien\u0101kumus pild\u012bja N. D\u017eumas priek\u0161tece.<\/p>\n","protected":false},"excerpt":{"rendered":"Vakar, 13.janv\u0101ra p\u0113cpusdien\u0101 J\u0113kabpils novadu ofici\u0101l\u0101 viz\u012bt\u0113 apmekl\u0113ja Vi\u0146as Ekselence Apvienoto Ar\u0101bu Emir\u0101tu v\u0113stniece Latvijas Republik\u0101 N\u016bra D\u017euma.&hellip;\n","protected":false},"author":2,"featured_media":104061,"comment_status":"","ping_status":"","sticky":false,"template":"","format":"standard","meta":{"footnotes":""},"categories":[12],"tags":[23,28,29,32,33,22,30,31,35,39,38,36,37,34,40,20,26,27,24,25,21],"class_list":{"0":"post-104060","1":"post","2":"type-post","3":"status-publish","4":"format-standard","5":"has-post-thumbnail","7":"category-latvija","8":"tag-aktualitates","9":"tag-breaking-news","10":"tag-breakingnews","11":"tag-featured-news","12":"tag-featurednews","13":"tag-headlines","14":"tag-latest-news","15":"tag-latestnews","16":"tag-latvia","17":"tag-latvian","18":"tag-latviesu","19":"tag-latviesu-valoda","20":"tag-latviesuvaloda","21":"tag-latvija","22":"tag-lv","23":"tag-news","24":"tag-popularakas-zinas","25":"tag-popularakaszinas","26":"tag-top-stories","27":"tag-topstories","28":"tag-zinas"},"share_on_mastodon":{"url":"https:\/\/pubeurope.com\/@lv\/115892677856932411","error":""},"_links":{"self":[{"href":"https:\/\/www.europesays.com\/lv\/wp-json\/wp\/v2\/posts\/104060","targetHints":{"allow":["GET"]}}],"collection":[{"href":"https:\/\/www.europesays.com\/lv\/wp-json\/wp\/v2\/posts"}],"about":[{"href":"https:\/\/www.europesays.com\/lv\/wp-json\/wp\/v2\/types\/post"}],"author":[{"embeddable":true,"href":"https:\/\/www.europesays.com\/lv\/wp-json\/wp\/v2\/users\/2"}],"replies":[{"embeddable":true,"href":"https:\/\/www.europesays.com\/lv\/wp-json\/wp\/v2\/comments?post=104060"}],"version-history":[{"count":0,"href":"https:\/\/www.europesays.com\/lv\/wp-json\/wp\/v2\/posts\/104060\/revisions"}],"wp:featuredmedia":[{"embeddable":true,"href":"https:\/\/www.europesays.com\/lv\/wp-json\/wp\/v2\/media\/104061"}],"wp:attachment":[{"href":"https:\/\/www.europesays.com\/lv\/wp-json\/wp\/v2\/media?parent=104060"}],"wp:term":[{"taxonomy":"category","embeddable":true,"href":"https:\/\/www.europesays.com\/lv\/wp-json\/wp\/v2\/categories?post=104060"},{"taxonomy":"post_tag","embeddable":true,"href":"https:\/\/www.europesays.com\/lv\/wp-json\/wp\/v2\/tags?post=104060"}],"curies":[{"name":"wp","href":"https:\/\/api.w.org\/{rel}","templated":true}]}}