{"id":104062,"date":"2026-01-14T09:11:07","date_gmt":"2026-01-14T09:11:07","guid":{"rendered":"https:\/\/www.europesays.com\/lv\/104062\/"},"modified":"2026-01-14T09:11:07","modified_gmt":"2026-01-14T09:11:07","slug":"aicinam-uz-apala-galda-diskusiju-es-tirdzniecibas-politika-iespejas-un-izaicinajumi-latvijai-ep-birojs-riga","status":"publish","type":"post","link":"https:\/\/www.europesays.com\/lv\/104062\/","title":{"rendered":"Aicin\u0101m uz apa\u013c\u0101 galda diskusiju \u201cES tirdzniec\u012bbas politika: iesp\u0113jas un izaicin\u0101jumi Latvijai&#8221; | EP Birojs R\u012bg\u0101"},"content":{"rendered":"<td style=\"padding:0cm 0cm 0cm 0cm\">\n<p style=\"margin-bottom:14px\">\u0160is Eiropas Parlamenta deput\u0101tiem ir otrais pilnvaru gads kop\u0161 iev\u0113l\u0113\u0161anas 2024. gad\u0101. Rihards Kols ir \u0100rlietu komitejas (AFET) un Starptautisk\u0101s tirdzniec\u012bbas komitejas (INTA) loceklis, k\u0101 ar\u012b R\u016bpniec\u012bbas, p\u0113tniec\u012bbas un ener\u0123\u0113tikas komitejas (ITRE) aizst\u0101j\u0113js. Deput\u0101ts darbojas ar\u012b vair\u0101k\u0101s Eiropas Parlamenta deleg\u0101cij\u0101s, tostarp attiec\u012bb\u0101m ar ASV, ES un Meksiku, k\u0101 ar\u012b Parlament\u0101raj\u0101 asamblej\u0101 sadarb\u012bbai ar Vidusj\u016bras re\u0123iona valst\u012bm, un ir ES &#8211; \u010c\u012bles Apvienot\u0101s parlament\u0101r\u0101s komitejas loceklis. Rihards Kols p\u0101rst\u0101v Eiropas Konservat\u012bvo un reformistu grupu (ECR).<\/p>\n<p style=\"margin-bottom:14px\">Rihards Kols par starptautisko tirdzniec\u012bbu: \u201cEiropas Savien\u012bbas tirdzniec\u012bbas nol\u012bgumi ir pier\u0101d\u012bju\u0161i savu v\u0113rt\u012bbu. No ikviena ES nosl\u0113gt\u0101 tirdzniec\u012bbas l\u012bguma esam biju\u0161i tikai ieguv\u0113ji &#8211; vai t\u0101 b\u016btu ekonomisk\u0101 izaugsme, jaunas darbavietas vai iesp\u0113ja Latvijas uz\u0146\u0113m\u0113jiem apg\u016bt jaunus starptautiskus tirgus. Pateicoties tirgus atv\u0113rt\u012bbai, m\u016bsu preces un pakalpojumi ir pieejami miljoniem cilv\u0113ku vis\u0101 pasaul\u0113, un, l\u012bdz ar to, viet\u0113j\u0101s uz\u0146\u0113m\u0113jdarb\u012bbas konkur\u0113tsp\u0113ja aug. Katrs jauns tirdzniec\u012bbas nol\u012bgums noz\u012bm\u0113 vair\u0101k iesp\u0113ju uz\u0146\u0113m\u0113jiem, dro\u0161\u0101ku vidi invest\u012bcij\u0101m un pla\u0161\u0101ku pre\u010du un pakalpojumu pieejam\u012bbu mums pa\u0161iem.\u201d<\/p>\n<p style=\"margin-bottom:14px\">Apa\u013c\u0101 galda diskusijas norises datums un laiks: 16. janv\u0101ris, plkst. 10.00\u201311.30<\/p>\n<p style=\"margin-bottom:14px\">Vieta: Eiropas Savien\u012bbas m\u0101jas 2. st\u0101vs, Aspazijas bulv\u0101ris 28, R\u012bga<\/p>\n<p style=\"margin-bottom:14px\">L\u016bdzam apstiprin\u0101t dal\u012bbu l\u012bdz 15. janv\u0101rim, re\u0123istr\u0101cijas saite:\u00a0<a href=\"https:\/\/ec.europa.eu\/eusurvey\/runner\/16012026\" style=\"box-sizing:border-box; color:blue; text-decoration:none\" rel=\"nofollow noopener\" target=\"_blank\">https:\/\/ec.europa.eu\/eusurvey\/runner\/16012026<\/a> <\/p>\n<\/td>\n","protected":false},"excerpt":{"rendered":"\u0160is Eiropas Parlamenta deput\u0101tiem ir otrais pilnvaru gads kop\u0161 iev\u0113l\u0113\u0161anas 2024. gad\u0101. Rihards Kols ir \u0100rlietu komitejas (AFET)&hellip;\n","protected":false},"author":2,"featured_media":59131,"comment_status":"","ping_status":"","sticky":false,"template":"","format":"standard","meta":{"footnotes":""},"categories":[5],"tags":[23,28,29,32,33,22,30,31,35,39,38,36,37,34,40,20,26,27,24,25,21],"class_list":{"0":"post-104062","1":"post","2":"type-post","3":"status-publish","4":"format-standard","5":"has-post-thumbnail","7":"category-aktualitates","8":"tag-aktualitates","9":"tag-breaking-news","10":"tag-breakingnews","11":"tag-featured-news","12":"tag-featurednews","13":"tag-headlines","14":"tag-latest-news","15":"tag-latestnews","16":"tag-latvia","17":"tag-latvian","18":"tag-latviesu","19":"tag-latviesu-valoda","20":"tag-latviesuvaloda","21":"tag-latvija","22":"tag-lv","23":"tag-news","24":"tag-popularakas-zinas","25":"tag-popularakaszinas","26":"tag-top-stories","27":"tag-topstories","28":"tag-zinas"},"share_on_mastodon":{"url":"https:\/\/pubeurope.com\/@lv\/115892681642483426","error":""},"_links":{"self":[{"href":"https:\/\/www.europesays.com\/lv\/wp-json\/wp\/v2\/posts\/104062","targetHints":{"allow":["GET"]}}],"collection":[{"href":"https:\/\/www.europesays.com\/lv\/wp-json\/wp\/v2\/posts"}],"about":[{"href":"https:\/\/www.europesays.com\/lv\/wp-json\/wp\/v2\/types\/post"}],"author":[{"embeddable":true,"href":"https:\/\/www.europesays.com\/lv\/wp-json\/wp\/v2\/users\/2"}],"replies":[{"embeddable":true,"href":"https:\/\/www.europesays.com\/lv\/wp-json\/wp\/v2\/comments?post=104062"}],"version-history":[{"count":0,"href":"https:\/\/www.europesays.com\/lv\/wp-json\/wp\/v2\/posts\/104062\/revisions"}],"wp:featuredmedia":[{"embeddable":true,"href":"https:\/\/www.europesays.com\/lv\/wp-json\/wp\/v2\/media\/59131"}],"wp:attachment":[{"href":"https:\/\/www.europesays.com\/lv\/wp-json\/wp\/v2\/media?parent=104062"}],"wp:term":[{"taxonomy":"category","embeddable":true,"href":"https:\/\/www.europesays.com\/lv\/wp-json\/wp\/v2\/categories?post=104062"},{"taxonomy":"post_tag","embeddable":true,"href":"https:\/\/www.europesays.com\/lv\/wp-json\/wp\/v2\/tags?post=104062"}],"curies":[{"name":"wp","href":"https:\/\/api.w.org\/{rel}","templated":true}]}}