{"id":104063,"date":"2026-01-14T09:13:14","date_gmt":"2026-01-14T09:13:14","guid":{"rendered":"https:\/\/www.europesays.com\/lv\/104063\/"},"modified":"2026-01-14T09:13:14","modified_gmt":"2026-01-14T09:13:14","slug":"olimpiskajas-speles-startes-desmit-latvijas-kamaninu-brauceji-3","status":"publish","type":"post","link":"https:\/\/www.europesays.com\/lv\/104063\/","title":{"rendered":"Olimpiskaj\u0101s sp\u0113l\u0113s start\u0113s desmit Latvijas kamani\u0146u brauc\u0113ji"},"content":{"rendered":"<p>                                <img decoding=\"async\" src=\"https:\/\/www.europesays.com\/lv\/wp-content\/uploads\/2026\/01\/imago_sp_1206_07470081_1069940571-750x450.jpg\"   alt=\"M\u0101rti\u0146\u0161 Bots\/Roberts Pl\u016bme\" class=\"post-featured-image\"\/><\/p>\n<p>M\u0101rti\u0146\u0161 Bots\/Roberts Pl\u016bme | Foto: IMAGO\/Michael Kristen\n<\/p>\n<p>\u0160\u012b gada Mil\u0101nas un Kort\u012bnas d\u2019Ampeco ziemas olimpiskaj\u0101s sp\u0113l\u0113s Latviju p\u0101rst\u0101v\u0113s desmit kamani\u0146u brauc\u0113ji, pirmdien <a href=\"https:\/\/kamanas.lv\/lv\" target=\"_blank\" rel=\"noreferrer noopener nofollow\">pav\u0113st\u012bja<\/a> Latvijas Kamani\u0146u sporta feder\u0101cija (LKSF).<\/p>\n<p>V\u012brie\u0161u vieniniekos Olimpi\u0101d\u0113 start\u0113s Kristers Aparjods un Gints B\u0113rzi\u0146\u0161, sievie\u0161u vieniniekos \u2013 El\u012bna Ieva Bota un Kendija Aparjode, v\u012brie\u0161u ekip\u0101\u017e\u0101s \u2013 M\u0101rti\u0146\u0161 Bots\/Roberts Pl\u016bme un Eduards \u0160evics-Mike\u013c\u0161evics\/L\u016bkass Krasts, bet sievie\u0161u divniekos \u2013 Marta Robe\u017eniece\/Kitija Bogdanova.<\/p>\n<p>Atlase dal\u012bbai olimpiskaj\u0101s sp\u0113l\u0113s tika veikta, balstoties uz Starptautisk\u0101s Kamani\u0146u sporta feder\u0101cijas (FIL) olimpisk\u0101s kvalifik\u0101cijas rangu un LKSF valdes apstiprin\u0101tajiem iek\u0161\u0113jiem atlases krit\u0113rijiem. Situ\u0101cij\u0101s, kad sportistiem bija vien\u0101ds punktu skaits, tika \u0146emti v\u0113r\u0101 iepriek\u0161 defin\u0113ti papildu r\u0101d\u012bt\u0101ji, nodro\u0161inot caursp\u012bd\u012bgu un god\u012bgu l\u0113mumu pie\u0146em\u0161anu, teikts LKSF pazi\u0146ojum\u0101.<\/p>\n<p>K\u0101 v\u0113sta LKSF, ar\u012b Kaspars Rinks aizvad\u012bja \u013coti konkur\u0113tsp\u0113j\u012bgu kvalifik\u0101cijas ciklu, tom\u0113r l\u012bdz olimpisk\u0101s ce\u013caz\u012bmes izc\u012bn\u012b\u0161anai vi\u0146am pietr\u016bka 19 punktu.<\/p>\n<p>\u201cDal\u012bba olimpiskaj\u0101s sp\u0113l\u0113s vienm\u0113r ir augst\u0101kais nov\u0113rt\u0113jums sportista un visas sist\u0113mas darbam. \u0160\u012b kvalifik\u0101cija apliecina, ka Latvijas kamani\u0146u sports att\u012bst\u0101s m\u0113r\u0137tiec\u012bgi un konkur\u0113tsp\u0113j\u012bgi starptautisk\u0101 l\u012bmen\u012b,\u201d nor\u0101da LKSF prezidents Kl\u0101vs Vasks. \u201cMums ir gan pieredz\u0113ju\u0161i l\u012bderi, gan jaun\u0101 paaudze, kas jau tagad sp\u0113j c\u012bn\u012bties ar pasaules lab\u0101kajiem.\u201d<\/p>\n<p>Tikm\u0113r LKSF \u0123ener\u0101lsekret\u0101rs Kristaps Mauri\u0146\u0161 atkl\u0101ja, ka olimpiskais cikls \u0161oreiz bija \u012bpa\u0161i saspringts un katrs Pasaules kausa (PK) posms pras\u012bja maksim\u0101lu koncentr\u0113\u0161anos, jo konkurence par kvot\u0101m bija \u0101rk\u0101rt\u012bgi bl\u012bva. \u201cPriec\u0113, ka m\u016bsu sportisti sp\u0113ja demonstr\u0113t stabilu sniegumu visas sezonas garum\u0101 un izpild\u012bt gan starptautiskos, gan iek\u0161\u0113jos atlases krit\u0113rijus,\u201d sac\u012bja Mauri\u0146\u0161.<\/p>\n<p>L\u012bdz olimpiskaj\u0101m sp\u0113l\u0113m atliku\u0161aj\u0101 sagatavo\u0161an\u0101s posm\u0101 Latvijas kamani\u0146u sporta izlase koncentr\u0113sies uz treni\u0146iem, tehnikas pilnveido\u0161anu un sacens\u012bbu re\u017e\u012bma nosl\u012bp\u0113\u0161anu, \u012bpa\u0161u uzman\u012bbu piev\u0113r\u0161ot Mil\u0101nas-Kort\u012bnas olimpisk\u0101s trases specifikai.<\/p>\n<p>2026. gada Mil\u0101nas un Kort\u012bnas d\u2019Ampeco olimpisk\u0101s sp\u0113les norisin\u0101sies no 6. l\u012bdz 22. febru\u0101rim, bet kamani\u0146u brauc\u0113ju sacens\u012bbas notiks no 7. l\u012bdz 12. febru\u0101rim.<\/p>\n","protected":false},"excerpt":{"rendered":"M\u0101rti\u0146\u0161 Bots\/Roberts Pl\u016bme | Foto: IMAGO\/Michael Kristen \u0160\u012b gada Mil\u0101nas un Kort\u012bnas d\u2019Ampeco ziemas olimpiskaj\u0101s sp\u0113l\u0113s Latviju p\u0101rst\u0101v\u0113s&hellip;\n","protected":false},"author":2,"featured_media":104064,"comment_status":"","ping_status":"","sticky":false,"template":"","format":"standard","meta":{"footnotes":""},"categories":[17],"tags":[35,39,38,36,37,34,40,67],"class_list":{"0":"post-104063","1":"post","2":"type-post","3":"status-publish","4":"format-standard","5":"has-post-thumbnail","7":"category-sports","8":"tag-latvia","9":"tag-latvian","10":"tag-latviesu","11":"tag-latviesu-valoda","12":"tag-latviesuvaloda","13":"tag-latvija","14":"tag-lv","15":"tag-sports"},"share_on_mastodon":{"url":"https:\/\/pubeurope.com\/@lv\/115892689489658207","error":""},"_links":{"self":[{"href":"https:\/\/www.europesays.com\/lv\/wp-json\/wp\/v2\/posts\/104063","targetHints":{"allow":["GET"]}}],"collection":[{"href":"https:\/\/www.europesays.com\/lv\/wp-json\/wp\/v2\/posts"}],"about":[{"href":"https:\/\/www.europesays.com\/lv\/wp-json\/wp\/v2\/types\/post"}],"author":[{"embeddable":true,"href":"https:\/\/www.europesays.com\/lv\/wp-json\/wp\/v2\/users\/2"}],"replies":[{"embeddable":true,"href":"https:\/\/www.europesays.com\/lv\/wp-json\/wp\/v2\/comments?post=104063"}],"version-history":[{"count":0,"href":"https:\/\/www.europesays.com\/lv\/wp-json\/wp\/v2\/posts\/104063\/revisions"}],"wp:featuredmedia":[{"embeddable":true,"href":"https:\/\/www.europesays.com\/lv\/wp-json\/wp\/v2\/media\/104064"}],"wp:attachment":[{"href":"https:\/\/www.europesays.com\/lv\/wp-json\/wp\/v2\/media?parent=104063"}],"wp:term":[{"taxonomy":"category","embeddable":true,"href":"https:\/\/www.europesays.com\/lv\/wp-json\/wp\/v2\/categories?post=104063"},{"taxonomy":"post_tag","embeddable":true,"href":"https:\/\/www.europesays.com\/lv\/wp-json\/wp\/v2\/tags?post=104063"}],"curies":[{"name":"wp","href":"https:\/\/api.w.org\/{rel}","templated":true}]}}