{"id":104065,"date":"2026-01-14T09:16:07","date_gmt":"2026-01-14T09:16:07","guid":{"rendered":"https:\/\/www.europesays.com\/lv\/104065\/"},"modified":"2026-01-14T09:16:07","modified_gmt":"2026-01-14T09:16:07","slug":"muzeja-apskatama-talsu-makslinieku-darbu-izstade","status":"publish","type":"post","link":"https:\/\/www.europesays.com\/lv\/104065\/","title":{"rendered":"Muzej\u0101 apskat\u0101ma Talsu m\u0101kslinieku darbu izst\u0101de"},"content":{"rendered":"<p>J\u016brmalas muzej\u0101 no 14. janv\u0101ra l\u012bdz 1. martam skat\u0101ma\u00a0Talsu m\u0101kslinieku darbu izst\u0101de \u201cKr\u016bmu zvaigzn\u0101js\u201d, kur\u0101 izst\u0101d\u012bti 13 Talsu gleznot\u0101ju, grafi\u0137u, t\u0113lnieku un fotogr\u0101fu jaun\u0101kie darbi.<\/p>\n<p>Talsu m\u0101kslinieku grupa, kas sevi sauc par Talsu Kr\u016bmu m\u0101kslas grupu, veidojusies 20.\u00a0gs. 80.\u00a0gados, satiekoties domubiedriem m\u0101ksl\u0101. M\u0101kslinieku grupa k\u0101 stabila un atpaz\u012bstama vien\u012bba darbojas jau vair\u0101k nek\u0101 40 gadus,\u00a0 ap sevi uzturot intens\u012bvu un urdo\u0161u m\u0101kslas vidi, piesaistot grupai jaunus biedrus un veidojoties par sp\u0113c\u012bgu m\u0101ksliniecisku vien\u012bbu.<\/p>\n<blockquote>\n<p>Izst\u0101des kuratore gleznot\u0101ja Guna Millersone st\u0101sta: &#8220;No m\u016bsu m\u0101kslas v\u0113stures ir zin\u0101ms, ka 1932.\u00a0gad\u0101 Latvijas M\u0101kslas akad\u0113miju beigu\u0161ie, p\u0101rsvar\u0101 no Latvijas laukiem n\u0101ku\u0161ie akad\u0113mijas absolventi, dibin\u0101ju\u0161i m\u0101kslinieku vienotni \u201cZa\u013c\u0101 zeme\u201d. Man pat\u012bk v\u0101rds \u201cvienotne\u201d, kaut ar\u012b esam radu\u0161i, ka jau sen liel\u0101kas vai maz\u0101kas, \u012bslaic\u012bgas vai \u201cgarlaic\u012bgas\u201d m\u0101kslinieku apvien\u012bbas, organiz\u0101cijas un taml\u012bdz\u012bgi p\u0101rsvar\u0101 tiek sauktas par grup\u0101m: s\u0101kot jau ar odiozo R\u012bgas m\u0101kslinieku grupu (1920\u20131938) un beidzot kaut vai ar nesenaj\u0101m \u201cpadomju perioda\u201d Latvijas M\u0101kslinieku savien\u012bbas Liep\u0101jas, Latgales re\u0123iona, J\u016brmalas m\u0101kslinieku grup\u0101m un t\u0101 joproj\u0101m. Man pat\u012bk ar\u012b nosaukums \u201cZa\u013c\u0101 zeme\u201d \u2013 tik nopietns, tik vienk\u0101r\u0161s un tik atbilsto\u0161s t\u0101 laika m\u0101kslas m\u0113r\u0137u pietic\u012bbai, bet Talsu Kr\u016bmu m\u0101kslas grupa \u2013 tas jau ir nenopietni un neatgriezeniski, tom\u0113r vienalga gribas jaut\u0101t, vai m\u016bs var\u0113tu saukt par vienotni \u2013 t\u0101tad par m\u0101ksliniekiem, kuri k\u013cuvu\u0161i par stabilu un atpaz\u012bstamu sava laika m\u0101ksliniecisko veidojumu, kaut ko l\u012bdz\u012bgu or\u0137estrim, kur katram sava vieta un uzdevums, bet tom\u0113r nedomin\u0113 virsdiri\u0123enta briesm\u012bg\u0101 vara? Neticami, bet ar Talsiem viss ir laim\u012bgi noticis pats no sevis.&#8221;<\/p>\n<\/blockquote>\n<p>Izst\u0101des autori ir Uldis Balga \u2013 fotogr\u0101fs, uguns skulpt\u016bru veidot\u0101js, Talsu fotokluba vad\u012bt\u0101js, Andris Biezb\u0101rdis \u2013 glezniec\u012bba, objekti, Laura Feldberga \u2013 instal\u0101cijas, performances, grafiskie darbi, glezniec\u012bba, Oj\u0101rs Arv\u012bds Feldbergs \u2013 t\u0113lnieks, Pedv\u0101les m\u0101kslas parka vad\u012bt\u0101js, Gunta Kalsere \u2013 gleznot\u0101ja, Baiba Kalna \u2013 grafika, glezniec\u012bba, Ti\u0146\u0123eres mui\u017eas vad\u012bt\u0101ja, Dainis K\u0101rkluvalks \u2013 fotogr\u0101fs, Tatjana Krivenkova \u2013 gleznot\u0101ja, Guna Millersone \u2013 gleznot\u0101ja, Elm\u0101rs Orni\u0146\u0161 \u2013 gleznot\u0101js, arhitekts, Zigurds Po\u013cikovs \u2013 gleznot\u0101js, Modris Sapuns \u2013 gleznot\u0101js-naivists, Andris V\u012btols \u2013 glezniec\u012bba, objekti.<\/p>\n<p>\n      Laura Feldberga. Kr\u016bmu grupa. Instal\u0101cija. 2025.Polipropil\u0113na t\u012bkls, audums. (Fragments)\n    <\/p>\n<p>\n      Guna Millersone. Novakare II. 2019. Audekls, e\u013c\u013ca. 120 x150 cm\n    <\/p>\n<p>Izst\u0101de J\u016brmalas muzej\u0101 b\u016bs skat\u0101ma l\u012bdz 1.\u00a0martam.<\/p>\n","protected":false},"excerpt":{"rendered":"J\u016brmalas muzej\u0101 no 14. janv\u0101ra l\u012bdz 1. martam skat\u0101ma\u00a0Talsu m\u0101kslinieku darbu izst\u0101de \u201cKr\u016bmu zvaigzn\u0101js\u201d, kur\u0101 izst\u0101d\u012bti 13 Talsu&hellip;\n","protected":false},"author":2,"featured_media":104066,"comment_status":"","ping_status":"","sticky":false,"template":"","format":"standard","meta":{"footnotes":""},"categories":[12],"tags":[23,28,29,32,33,22,30,31,35,39,38,36,37,34,40,20,26,27,24,25,21],"class_list":{"0":"post-104065","1":"post","2":"type-post","3":"status-publish","4":"format-standard","5":"has-post-thumbnail","7":"category-latvija","8":"tag-aktualitates","9":"tag-breaking-news","10":"tag-breakingnews","11":"tag-featured-news","12":"tag-featurednews","13":"tag-headlines","14":"tag-latest-news","15":"tag-latestnews","16":"tag-latvia","17":"tag-latvian","18":"tag-latviesu","19":"tag-latviesu-valoda","20":"tag-latviesuvaloda","21":"tag-latvija","22":"tag-lv","23":"tag-news","24":"tag-popularakas-zinas","25":"tag-popularakaszinas","26":"tag-top-stories","27":"tag-topstories","28":"tag-zinas"},"share_on_mastodon":{"url":"https:\/\/pubeurope.com\/@lv\/115892701360450623","error":""},"_links":{"self":[{"href":"https:\/\/www.europesays.com\/lv\/wp-json\/wp\/v2\/posts\/104065","targetHints":{"allow":["GET"]}}],"collection":[{"href":"https:\/\/www.europesays.com\/lv\/wp-json\/wp\/v2\/posts"}],"about":[{"href":"https:\/\/www.europesays.com\/lv\/wp-json\/wp\/v2\/types\/post"}],"author":[{"embeddable":true,"href":"https:\/\/www.europesays.com\/lv\/wp-json\/wp\/v2\/users\/2"}],"replies":[{"embeddable":true,"href":"https:\/\/www.europesays.com\/lv\/wp-json\/wp\/v2\/comments?post=104065"}],"version-history":[{"count":0,"href":"https:\/\/www.europesays.com\/lv\/wp-json\/wp\/v2\/posts\/104065\/revisions"}],"wp:featuredmedia":[{"embeddable":true,"href":"https:\/\/www.europesays.com\/lv\/wp-json\/wp\/v2\/media\/104066"}],"wp:attachment":[{"href":"https:\/\/www.europesays.com\/lv\/wp-json\/wp\/v2\/media?parent=104065"}],"wp:term":[{"taxonomy":"category","embeddable":true,"href":"https:\/\/www.europesays.com\/lv\/wp-json\/wp\/v2\/categories?post=104065"},{"taxonomy":"post_tag","embeddable":true,"href":"https:\/\/www.europesays.com\/lv\/wp-json\/wp\/v2\/tags?post=104065"}],"curies":[{"name":"wp","href":"https:\/\/api.w.org\/{rel}","templated":true}]}}