{"id":104069,"date":"2026-01-14T09:19:07","date_gmt":"2026-01-14T09:19:07","guid":{"rendered":"https:\/\/www.europesays.com\/lv\/104069\/"},"modified":"2026-01-14T09:19:07","modified_gmt":"2026-01-14T09:19:07","slug":"rupoldingas-posms-saksies-ar-damu-stafeti-juniori-cinas-madona-ziemas-sports-sportacentrs-com","status":"publish","type":"post","link":"https:\/\/www.europesays.com\/lv\/104069\/","title":{"rendered":"R\u016bpoldingas posms s\u0101ksies ar d\u0101mu stafeti, juniori c\u012bn\u0101s Madon\u0101 \u2013 Ziemas sports \u2013 Sportacentrs.com"},"content":{"rendered":"<p>Iepriek\u0161\u0113j\u0101 d\u0101mu stafete norisin\u0101j\u0101s tikai pirms \u010detr\u0101m dien\u0101m Oberhof\u0101. Latvijas sast\u0101vs sal\u012bdzino\u0161i ar t\u0101m sac\u012bkst\u0113m ir izmain\u012bjies uz pusi, jo Estere Volfa un Elza Bleidele \u0161oned\u0113\u013c piedal\u0101s Madon\u0101 notieko\u0161aj\u0101 IBU junioru kausa sacens\u012bb\u0101s.<\/p>\n<p>Latvijas kvartetam R\u016bpolding\u0101 pirmaj\u0101 posm\u0101 dosies Sanita Buli\u0146a, kurai sekos nomin\u0101l\u0101 izlases l\u012bdere Baiba Bendika. Tre\u0161ais posms ir uztic\u0113ts olimpiskaj\u0101 sast\u0101v\u0101 iek\u013cautajai Annijai Sabulei, bet ceturtais posms b\u016bs j\u0101veic Sandrai Buli\u0146ai, kura l\u012bdz normat\u012bva izpild\u012b\u0161anai piecu ri\u0146\u0137u sacens\u012bb\u0101m netika.<\/p>\n<p>Latviet\u0113m b\u016bs 16. starta numurs, bet kopum\u0101 start\u0113s 19 komandas.<\/p>\n<p>Aizvad\u012btaj\u0101 ned\u0113\u013c\u0101 d\u0101mu stafet\u0113 par uzvar\u0113t\u0101j\u0101m k\u013cuva Francijas kvartets ar L\u016b \u017danmonno, Oseanu Mi\u0161elonu, \u017dist\u012bnu Brez\u0101-Bu\u0161\u0113 un \u017duliju Simonu sast\u0101v\u0101. Uzvar\u0113t\u0101jas sast\u0101vu nav main\u012bju\u0161as un ar \u0161iem pa\u0161iem sp\u0113kiem start\u0113s ar\u012b R\u016bpolding\u0101.<\/p>\n<p>Pasaules kausa piektais posms biatlon\u0101 R\u016bpolding\u0101<\/p>\n<tr>DatumsLaiksDiscipl\u012bna<\/tr>\n<tr class=\"even\">\n<td>14.01.<\/td>\n<td class=\"ralign\">15.30<\/td>\n<td>stafete sieviet\u0113m<\/td>\n<\/tr>\n<tr class=\"odd\">\n<td>15.01.<\/td>\n<td class=\"ralign\">15.30<\/td>\n<td>stafete v\u012brie\u0161iem<\/td>\n<\/tr>\n<tr class=\"even\">\n<td>16.01.<\/td>\n<td class=\"ralign\">15.30<\/td>\n<td>7.5 km sprints sieviet\u0113m<\/td>\n<\/tr>\n<tr class=\"odd\">\n<td>17.01.<\/td>\n<td class=\"ralign\">15.30<\/td>\n<td>10 km sprints v\u012brie\u0161iem<\/td>\n<\/tr>\n<tr class=\"even\">\n<td>18.01.<\/td>\n<td class=\"ralign\">13.30<\/td>\n<td>10 km iedz\u012b\u0161ana sieviet\u0113m<\/td>\n<\/tr>\n<tr class=\"odd\">\n<td\/>\n<td class=\"ralign\">16.00<\/td>\n<td>12.5 km iedz\u012b\u0161ana v\u012brie\u0161iem<\/td>\n<\/tr>\n<p>\u0160obr\u012bd Madon\u0101 jau ir s\u0101ku\u0161\u0101s IBU junioru kausa sac\u012bkstes, kur\u0101s \u0161odien notiek gan pui\u0161u, gan meite\u0146u sprinta sacens\u012bbas. Jaunie\u0161iem Latvija p\u0101rst\u0101v Rihards Lozbers, Kristi\u0101ns Karlsbergs, Adrians S\u0146ori\u0146\u0161, Daniels Koda\u013cevs, Ernests Solovjovs, Mat\u012bss Meir\u0101ns un R\u016bdolfs Rudz\u012btis. Savuk\u0101rt jauniet\u0113m piedal\u0101s Estere Volfa, Elza Bleidele, Laura Alzi\u0146a, Martine Djatkovi\u010da, Enia Kalni\u0146a, Keita Kolna un Jelizaveta Borone\u0146ko.<\/p>\n","protected":false},"excerpt":{"rendered":"Iepriek\u0161\u0113j\u0101 d\u0101mu stafete norisin\u0101j\u0101s tikai pirms \u010detr\u0101m dien\u0101m Oberhof\u0101. Latvijas sast\u0101vs sal\u012bdzino\u0161i ar t\u0101m sac\u012bkst\u0113m ir izmain\u012bjies uz&hellip;\n","protected":false},"author":2,"featured_media":104070,"comment_status":"","ping_status":"","sticky":false,"template":"","format":"standard","meta":{"footnotes":""},"categories":[17],"tags":[35,39,38,36,37,34,40,67,620],"class_list":{"0":"post-104069","1":"post","2":"type-post","3":"status-publish","4":"format-standard","5":"has-post-thumbnail","7":"category-sports","8":"tag-latvia","9":"tag-latvian","10":"tag-latviesu","11":"tag-latviesu-valoda","12":"tag-latviesuvaloda","13":"tag-latvija","14":"tag-lv","15":"tag-sports","16":"tag-ziemas-sports"},"share_on_mastodon":{"url":"https:\/\/pubeurope.com\/@lv\/115892713066040789","error":""},"_links":{"self":[{"href":"https:\/\/www.europesays.com\/lv\/wp-json\/wp\/v2\/posts\/104069","targetHints":{"allow":["GET"]}}],"collection":[{"href":"https:\/\/www.europesays.com\/lv\/wp-json\/wp\/v2\/posts"}],"about":[{"href":"https:\/\/www.europesays.com\/lv\/wp-json\/wp\/v2\/types\/post"}],"author":[{"embeddable":true,"href":"https:\/\/www.europesays.com\/lv\/wp-json\/wp\/v2\/users\/2"}],"replies":[{"embeddable":true,"href":"https:\/\/www.europesays.com\/lv\/wp-json\/wp\/v2\/comments?post=104069"}],"version-history":[{"count":0,"href":"https:\/\/www.europesays.com\/lv\/wp-json\/wp\/v2\/posts\/104069\/revisions"}],"wp:featuredmedia":[{"embeddable":true,"href":"https:\/\/www.europesays.com\/lv\/wp-json\/wp\/v2\/media\/104070"}],"wp:attachment":[{"href":"https:\/\/www.europesays.com\/lv\/wp-json\/wp\/v2\/media?parent=104069"}],"wp:term":[{"taxonomy":"category","embeddable":true,"href":"https:\/\/www.europesays.com\/lv\/wp-json\/wp\/v2\/categories?post=104069"},{"taxonomy":"post_tag","embeddable":true,"href":"https:\/\/www.europesays.com\/lv\/wp-json\/wp\/v2\/tags?post=104069"}],"curies":[{"name":"wp","href":"https:\/\/api.w.org\/{rel}","templated":true}]}}