{"id":104071,"date":"2026-01-14T09:21:07","date_gmt":"2026-01-14T09:21:07","guid":{"rendered":"https:\/\/www.europesays.com\/lv\/104071\/"},"modified":"2026-01-14T09:21:07","modified_gmt":"2026-01-14T09:21:07","slug":"2025-gads-bijis-tresais-siltakais-gads-merijumu-vesture-raksts","status":"publish","type":"post","link":"https:\/\/www.europesays.com\/lv\/104071\/","title":{"rendered":"2025. gads bijis tre\u0161ais silt\u0101kais gads m\u0113r\u012bjumu v\u0113stur\u0113 \/ Raksts"},"content":{"rendered":"<p>Kam\u0113r \u0101r\u0101 ziema un m\u012bnusi, uzman\u012bbas centr\u0101 ir ar\u012b karstums. ASV p\u0113tnieki un Eiropas Savien\u012bbas (ES) klimata zin\u0101tnieki n\u0101ku\u0161i klaj\u0101 ar datu apkopojumu par p\u0113rno gadu un secin\u0101ju\u0161i, ka 2025. gads bija tre\u0161ais silt\u0101kais gads m\u0113r\u012bjumu v\u0113stur\u0113.\u00a0<\/p>\n<p>Kopum\u0101 p\u0113d\u0113jie 11 gadi ir biju\u0161i silt\u0101kie v\u0113stur\u0113, no kuriem 2024. gads ie\u0146emot pirmo vietu, bet 2023. gads \u2014 otro vietu.\u00a0<\/p>\n<blockquote>\n<p>ES &#8220;Copernicus&#8221;\u00a0klimata p\u0101rmai\u0146u dienesta ikgad\u0113j\u0101 zi\u0146ojum\u0101 nor\u0101d\u012bts, ka p\u0113d\u0113jo tr\u012bs gadu laik\u0101 glob\u0101l\u0101 temperat\u016bra pirmo reizi p\u0101rsniegusi vid\u0113ji pusotru gr\u0101du p\u0113c Celsija sal\u012bdzin\u0101jum\u0101 ar pirmsindustri\u0101lo laiku.\u00a0<\/p>\n<\/blockquote>\n<p>Tikm\u0113r Kalifornij\u0101 b\u0101z\u0113t\u0101s bezpe\u013c\u0146as p\u0113tniec\u012bbas organiz\u0101cijas &#8220;Berkeley Earth&#8221;\u00a0dati liecina, ka sasil\u0161anas k\u0101pums, kas nov\u0113rots no 2023. l\u012bdz 2025. gadam, ir bijis \u0101rk\u0101rt\u0113js un liecina par Zemes sasil\u0161anas tempa pa\u0101trin\u0101\u0161anos.\u00a0<\/p>\n<p>V\u0113rt\u0113jot datus, zin\u0101tnieki m\u0113\u0123in\u0101ju\u0161i saprast, vai \u0161is gads sol\u0101s b\u016bt v\u0113s\u0101ks vai tom\u0113r turpin\u0101sies iepriek\u0161\u0113jos gados uz\u0146emtais kurss, un secin\u0101jums ir, ka 2026. gads nep\u0101rtrauks \u0161o tendenci un n\u0101kamajos gados tiks sasniegti jauni rekordi.<\/p>\n<p>                    Valodas k\u013c\u016bda rakst\u0101?<\/p>\n<p class=\"d-none d-md-block\">Iez\u012bm\u0113jiet tekstu un spiediet Ctrl+Enter, lai nos\u016bt\u012btu labojamo teksta fragmentu redaktoram! Par faktu k\u013c\u016bd\u0101m l\u016bdzam zi\u0146ot e-past\u0101 <a href=\"https:\/\/www.lsm.lv\/cdn-cgi\/l\/email-protection\" class=\"__cf_email__\" data-cfemail=\"56243332373d353f3c37163a253b783a20\" rel=\"nofollow noopener\" target=\"_blank\">[email\u00a0protected]<\/a>.<\/p>\n<p class=\"d-md-none\">Iez\u012bm\u0113jiet tekstu un spiediet uz Zi\u0146ot par k\u013c\u016bdu pogas, lai nos\u016bt\u012btu labojamo teksta fragmentu redaktoram!<\/p>\n<p>\n                    Zi\u0146ot par k\u013c\u016bdu\n                <\/p>\n","protected":false},"excerpt":{"rendered":"Kam\u0113r \u0101r\u0101 ziema un m\u012bnusi, uzman\u012bbas centr\u0101 ir ar\u012b karstums. ASV p\u0113tnieki un Eiropas Savien\u012bbas (ES) klimata zin\u0101tnieki&hellip;\n","protected":false},"author":2,"featured_media":104045,"comment_status":"","ping_status":"","sticky":false,"template":"","format":"standard","meta":{"footnotes":""},"categories":[14],"tags":[23,57,28,29,32,33,22,30,31,35,39,38,36,37,34,40,20,26,27,24,25,54,55,56,21,58],"class_list":{"0":"post-104071","1":"post","2":"type-post","3":"status-publish","4":"format-standard","5":"has-post-thumbnail","7":"category-zinas-no-arvalstim","8":"tag-aktualitates","9":"tag-arvalstim","10":"tag-breaking-news","11":"tag-breakingnews","12":"tag-featured-news","13":"tag-featurednews","14":"tag-headlines","15":"tag-latest-news","16":"tag-latestnews","17":"tag-latvia","18":"tag-latvian","19":"tag-latviesu","20":"tag-latviesu-valoda","21":"tag-latviesuvaloda","22":"tag-latvija","23":"tag-lv","24":"tag-news","25":"tag-popularakas-zinas","26":"tag-popularakaszinas","27":"tag-top-stories","28":"tag-topstories","29":"tag-world","30":"tag-world-news","31":"tag-worldnews","32":"tag-zinas","33":"tag-zinas-no-arvalstim"},"share_on_mastodon":{"url":"https:\/\/pubeurope.com\/@lv\/115892720932141439","error":""},"_links":{"self":[{"href":"https:\/\/www.europesays.com\/lv\/wp-json\/wp\/v2\/posts\/104071","targetHints":{"allow":["GET"]}}],"collection":[{"href":"https:\/\/www.europesays.com\/lv\/wp-json\/wp\/v2\/posts"}],"about":[{"href":"https:\/\/www.europesays.com\/lv\/wp-json\/wp\/v2\/types\/post"}],"author":[{"embeddable":true,"href":"https:\/\/www.europesays.com\/lv\/wp-json\/wp\/v2\/users\/2"}],"replies":[{"embeddable":true,"href":"https:\/\/www.europesays.com\/lv\/wp-json\/wp\/v2\/comments?post=104071"}],"version-history":[{"count":0,"href":"https:\/\/www.europesays.com\/lv\/wp-json\/wp\/v2\/posts\/104071\/revisions"}],"wp:featuredmedia":[{"embeddable":true,"href":"https:\/\/www.europesays.com\/lv\/wp-json\/wp\/v2\/media\/104045"}],"wp:attachment":[{"href":"https:\/\/www.europesays.com\/lv\/wp-json\/wp\/v2\/media?parent=104071"}],"wp:term":[{"taxonomy":"category","embeddable":true,"href":"https:\/\/www.europesays.com\/lv\/wp-json\/wp\/v2\/categories?post=104071"},{"taxonomy":"post_tag","embeddable":true,"href":"https:\/\/www.europesays.com\/lv\/wp-json\/wp\/v2\/tags?post=104071"}],"curies":[{"name":"wp","href":"https:\/\/api.w.org\/{rel}","templated":true}]}}