{"id":104072,"date":"2026-01-14T09:22:07","date_gmt":"2026-01-14T09:22:07","guid":{"rendered":"https:\/\/www.europesays.com\/lv\/104072\/"},"modified":"2026-01-14T09:22:07","modified_gmt":"2026-01-14T09:22:07","slug":"likvideta-daugavpils-regionalas-slimnicas-padome","status":"publish","type":"post","link":"https:\/\/www.europesays.com\/lv\/104072\/","title":{"rendered":"Likvid\u0113ta Daugavpils re\u0123ion\u0101l\u0101s slimn\u012bcas padome"},"content":{"rendered":"<p>Saist\u012bb\u0101 ar SIA \u201cDaugavpils re\u0123ion\u0101l\u0101 slimn\u012bca\u201d padomes likvid\u0113\u0161anu\u00a0 Vesel\u012bbas ministrija skaidro, ka, izv\u0113rt\u0113jot slimn\u012bcas darb\u012bbas specifiku, nekomerci\u0101lo raksturu un kapit\u0101la da\u013cu tur\u0113t\u0101ju strukt\u016bru, secin\u0101ts, ka padomes funkcijas var tikt nodro\u0161in\u0101tas efekt\u012bvi ar\u012b bez padomes past\u0101v\u0113\u0161anas. Kole\u0123i\u0101la p\u0101rraudz\u012bba visu \u010detru kapit\u0101la da\u013cu tur\u0113t\u0101ju l\u012bmen\u012b nodro\u0161in\u0101s nepiecie\u0161amo kompeten\u010du, pieredzes un institucion\u0101l\u0101s kapacit\u0101tes kopumu. Padomes likvid\u0113\u0161ana atbr\u012bvos ar\u012b finan\u0161u l\u012bdzek\u013cus, kas \u013caus stiprin\u0101t SIA \u201cDaugavpils re\u0123ion\u0101l\u0101 slimn\u012bca\u201d ikdienas vad\u012bbas kapacit\u0101ti, palielinot valdes locek\u013cu skaitu l\u012bdz trim.\u00a0At\u0161\u0137ir\u012bb\u0101 no padomes, kuras funkcijas tika \u012bstenotas strat\u0113\u0123isk\u0101s p\u0101rraudz\u012bbas ietvaros, valde nodro\u0161in\u0101s nep\u0101rtrauktu atbild\u012bbu par slimn\u012bcas operacion\u0101lo darb\u012bbu.\u00a0\u00a0<\/p>\n","protected":false},"excerpt":{"rendered":"Saist\u012bb\u0101 ar SIA \u201cDaugavpils re\u0123ion\u0101l\u0101 slimn\u012bca\u201d padomes likvid\u0113\u0161anu\u00a0 Vesel\u012bbas ministrija skaidro, ka, izv\u0113rt\u0113jot slimn\u012bcas darb\u012bbas specifiku, nekomerci\u0101lo raksturu&hellip;\n","protected":false},"author":2,"featured_media":104073,"comment_status":"","ping_status":"","sticky":false,"template":"","format":"standard","meta":{"footnotes":""},"categories":[12],"tags":[23,28,29,32,33,22,30,31,35,39,38,36,37,34,40,20,26,27,24,25,21],"class_list":{"0":"post-104072","1":"post","2":"type-post","3":"status-publish","4":"format-standard","5":"has-post-thumbnail","7":"category-latvija","8":"tag-aktualitates","9":"tag-breaking-news","10":"tag-breakingnews","11":"tag-featured-news","12":"tag-featurednews","13":"tag-headlines","14":"tag-latest-news","15":"tag-latestnews","16":"tag-latvia","17":"tag-latvian","18":"tag-latviesu","19":"tag-latviesu-valoda","20":"tag-latviesuvaloda","21":"tag-latvija","22":"tag-lv","23":"tag-news","24":"tag-popularakas-zinas","25":"tag-popularakaszinas","26":"tag-top-stories","27":"tag-topstories","28":"tag-zinas"},"share_on_mastodon":{"url":"https:\/\/pubeurope.com\/@lv\/115892724846376427","error":""},"_links":{"self":[{"href":"https:\/\/www.europesays.com\/lv\/wp-json\/wp\/v2\/posts\/104072","targetHints":{"allow":["GET"]}}],"collection":[{"href":"https:\/\/www.europesays.com\/lv\/wp-json\/wp\/v2\/posts"}],"about":[{"href":"https:\/\/www.europesays.com\/lv\/wp-json\/wp\/v2\/types\/post"}],"author":[{"embeddable":true,"href":"https:\/\/www.europesays.com\/lv\/wp-json\/wp\/v2\/users\/2"}],"replies":[{"embeddable":true,"href":"https:\/\/www.europesays.com\/lv\/wp-json\/wp\/v2\/comments?post=104072"}],"version-history":[{"count":0,"href":"https:\/\/www.europesays.com\/lv\/wp-json\/wp\/v2\/posts\/104072\/revisions"}],"wp:featuredmedia":[{"embeddable":true,"href":"https:\/\/www.europesays.com\/lv\/wp-json\/wp\/v2\/media\/104073"}],"wp:attachment":[{"href":"https:\/\/www.europesays.com\/lv\/wp-json\/wp\/v2\/media?parent=104072"}],"wp:term":[{"taxonomy":"category","embeddable":true,"href":"https:\/\/www.europesays.com\/lv\/wp-json\/wp\/v2\/categories?post=104072"},{"taxonomy":"post_tag","embeddable":true,"href":"https:\/\/www.europesays.com\/lv\/wp-json\/wp\/v2\/tags?post=104072"}],"curies":[{"name":"wp","href":"https:\/\/api.w.org\/{rel}","templated":true}]}}