{"id":104074,"date":"2026-01-14T09:24:06","date_gmt":"2026-01-14T09:24:06","guid":{"rendered":"https:\/\/www.europesays.com\/lv\/104074\/"},"modified":"2026-01-14T09:24:06","modified_gmt":"2026-01-14T09:24:06","slug":"par-uzbrukumu-un-draudiem-auto-vaditajam-aizturets-aktieris-kifers-saterlends","status":"publish","type":"post","link":"https:\/\/www.europesays.com\/lv\/104074\/","title":{"rendered":"Par uzbrukumu un draudiem auto vad\u012bt\u0101jam aiztur\u0113ts aktieris K\u012bfers Saterlends"},"content":{"rendered":"<p>Seri\u0101la &#8220;24&#8221; galven\u0101s lomas atveidot\u0101js aiztur\u0113ts p\u0113c tam, kad \u012bsi p\u0113c pusnakts policisti atsauc\u0101s uz izsaukumu Holivud\u0101.<\/p>\n<p>&#8220;Izmekl\u0113\u0161an\u0101 tika noskaidrots, ka aizdom\u0101s turamais, kas v\u0113l\u0101k tika identific\u0113ts k\u0101 <a href=\"https:\/\/sejas.tvnet.lv\/term\/850732\/kifers-saterlends\" class=\"topicLink\" target=\"_blank\" rel=\"nofollow noopener\">K\u012bfers Saterlends<\/a>,<\/p>\n<blockquote class=\"quote ck-widget\" contenteditable=\"false\">\n<p>iek\u013cuva kopbrauk\u0161anas transportl\u012bdzekl\u012b, fiziski uzbruka vad\u012bt\u0101jam (cietu\u0161ajam) un izteica noziedz\u012bgus draudus cietu\u0161ajam,&#8221; teikts policijas pazi\u0146ojum\u0101.<\/p>\n<\/blockquote>\n<p>P\u0113c da\u017e\u0101m stund\u0101m 59 gadus vecais aktieris tika atbr\u012bvots, iemaks\u0101jot 50 000 dol\u0101ru dro\u0161\u012bbas naudu, pazi\u0146oja ties\u012bbsarg\u0101jo\u0161\u0101s iest\u0101des.<\/p>\n<p>Policija pazi\u0146oja, ka autovad\u012bt\u0101js nav guvis ievainojumus, kam b\u016btu nepiecie\u0161ama medic\u012bnisk\u0101 pal\u012bdz\u012bba.<\/p>\n<p>Saterlends paz\u012bstams ar lom\u0101m seri\u0101l\u0101 &#8220;24&#8221;, film\u0101s &#8220;The Lost Boys&#8221; (&#8220;Pazudu\u0161ie z\u0113ni&#8221;), &#8220;Stand By Me&#8221; (&#8220;Paliec pie manis&#8221;) un &#8220;The Three Musketeers&#8221; (&#8220;Tr\u012bs musketieri&#8221;).<\/p>\n<p>K\u012bfers Saterlends ir 2024. gad\u0101 m\u016b\u017e\u012bb\u0101 aizg\u0101ju\u0161\u0101 aktiera Donalda Saterlenda d\u0113ls.<\/p>\n","protected":false},"excerpt":{"rendered":"Seri\u0101la &#8220;24&#8221; galven\u0101s lomas atveidot\u0101js aiztur\u0113ts p\u0113c tam, kad \u012bsi p\u0113c pusnakts policisti atsauc\u0101s uz izsaukumu Holivud\u0101. &#8220;Izmekl\u0113\u0161an\u0101&hellip;\n","protected":false},"author":2,"featured_media":104075,"comment_status":"","ping_status":"","sticky":false,"template":"","format":"standard","meta":{"footnotes":""},"categories":[19],"tags":[89,90,25076,35,39,38,36,37,34,40],"class_list":{"0":"post-104074","1":"post","2":"type-post","3":"status-publish","4":"format-standard","5":"has-post-thumbnail","7":"category-izklaide","8":"tag-entertainment","9":"tag-izklaide","10":"tag-kifers-saterlends","11":"tag-latvia","12":"tag-latvian","13":"tag-latviesu","14":"tag-latviesu-valoda","15":"tag-latviesuvaloda","16":"tag-latvija","17":"tag-lv"},"share_on_mastodon":{"url":"https:\/\/pubeurope.com\/@lv\/115892732769374248","error":""},"_links":{"self":[{"href":"https:\/\/www.europesays.com\/lv\/wp-json\/wp\/v2\/posts\/104074","targetHints":{"allow":["GET"]}}],"collection":[{"href":"https:\/\/www.europesays.com\/lv\/wp-json\/wp\/v2\/posts"}],"about":[{"href":"https:\/\/www.europesays.com\/lv\/wp-json\/wp\/v2\/types\/post"}],"author":[{"embeddable":true,"href":"https:\/\/www.europesays.com\/lv\/wp-json\/wp\/v2\/users\/2"}],"replies":[{"embeddable":true,"href":"https:\/\/www.europesays.com\/lv\/wp-json\/wp\/v2\/comments?post=104074"}],"version-history":[{"count":0,"href":"https:\/\/www.europesays.com\/lv\/wp-json\/wp\/v2\/posts\/104074\/revisions"}],"wp:featuredmedia":[{"embeddable":true,"href":"https:\/\/www.europesays.com\/lv\/wp-json\/wp\/v2\/media\/104075"}],"wp:attachment":[{"href":"https:\/\/www.europesays.com\/lv\/wp-json\/wp\/v2\/media?parent=104074"}],"wp:term":[{"taxonomy":"category","embeddable":true,"href":"https:\/\/www.europesays.com\/lv\/wp-json\/wp\/v2\/categories?post=104074"},{"taxonomy":"post_tag","embeddable":true,"href":"https:\/\/www.europesays.com\/lv\/wp-json\/wp\/v2\/tags?post=104074"}],"curies":[{"name":"wp","href":"https:\/\/api.w.org\/{rel}","templated":true}]}}