{"id":104078,"date":"2026-01-14T09:28:14","date_gmt":"2026-01-14T09:28:14","guid":{"rendered":"https:\/\/www.europesays.com\/lv\/104078\/"},"modified":"2026-01-14T09:28:14","modified_gmt":"2026-01-14T09:28:14","slug":"no-15-janvara-mainisies-brauksanas-maksas-tarifi-regionalajos-autobusu-marsrutos","status":"publish","type":"post","link":"https:\/\/www.europesays.com\/lv\/104078\/","title":{"rendered":"No 15. janv\u0101ra main\u012bsies brauk\u0161anas maksas tarifi re\u0123ion\u0101lajos autobusu mar\u0161rutos"},"content":{"rendered":"<p>\t\t        \t<a href=\"https:\/\/www.daugavpils.lv\/assets\/upload\/news\/2026\/01\/daugavpils-autoosta-12112126-15_max.jpg\" rel=\"nofollow noopener\" target=\"_blank\"><img decoding=\"async\" src=\"https:\/\/www.europesays.com\/lv\/wp-content\/uploads\/2026\/01\/daugavpils-autoosta-12112126-15_sml.jpg\" class=\"news-image\" title=\"No 15. janv\u0101ra main\u012bsies brauk\u0161anas maksas tarifi re\u0123ion\u0101lajos autobusu mar\u0161rutos\" alt=\"No 15. janv\u0101ra main\u012bsies brauk\u0161anas maksas tarifi re\u0123ion\u0101lajos autobusu mar\u0161rutos\"\/><\/a><\/p>\n<p>Ceturtdien, 15. janv\u0101r\u012b, st\u0101sies sp\u0113k\u0101 izmai\u0146as sabiedrisk\u0101 transporta brauk\u0161anas maksas tarifos. SIA \u201cDaugavpils autobusu parks\u201d inform\u0113, ka bi\u013ce\u0161u cenas braucieniem uz\u0146\u0113muma izpild\u012btajos re\u0123ion\u0101lo mar\u0161rutu autobusu reisos palielin\u0101sies par 0,20 eiro.<\/p>\n<p>&#13;<\/p>\n<p>Izmai\u0146as re\u0123ion\u0101l\u0101 sabiedrisk\u0101 transporta brauk\u0161anas maksas tarifos Sabiedrisk\u0101 transporta padome apstiprin\u0101ja jau 2025. gada 4. septembr\u012b, bet t\u0101s st\u0101sies sp\u0113k\u0101 ceturtdien, 15. janv\u0101r\u012b.<\/p>\n<p>&#13;<\/p>\n<p>Izmai\u0146as re\u0123ion\u0101l\u0101 sabiedrisk\u0101 transporta brauk\u0161anas maksas tarifos ir sabalans\u0113tas, lai saglab\u0101tu\u00a0pakalpojumu kvalit\u0101ti un nodro\u0161in\u0101tu\u00a0finansi\u0101lu ilgtsp\u0113ju. Tarifu izmai\u0146as ir orient\u0113tas uz p\u0101rvad\u0101jumu att\u0101lumiem, \u0146emot v\u0113r\u0101 re\u0123ionu pieejam\u012bbu. Zonu sist\u0113m\u0101 maksa palielin\u0101sies par\u00a00,30 eiro, savuk\u0101rt \u0101rpus zon\u0101m un gar\u0101kos braucienos pieaugums b\u016bs maz\u0101ks &#8211;\u00a00,20 eiro.<\/p>\n<p>&#13;<\/p>\n<p>SIA \u201cDaugavpils autobusu parks\u201d skaidroja, ka uz\u0146\u0113muma izpild\u012btajos re\u0123ion\u0101lajos autobusu reisos brauk\u0161anas maksas sad\u0101rdzin\u0101jums b\u016bs 0,20 centi.<\/p>\n<p>&#13;<\/p>\n<p>Vis\u0101m soci\u0101li aizsarg\u0101taj\u0101m pasa\u017eieru grup\u0101m\u00a0brauk\u0161anas maksas atvieglojumi re\u0123ion\u0101lajos mar\u0161rutos saglab\u0101jas 100% apm\u0113r\u0101, un\u00a0transporta izmanto\u0161anas k\u0101rt\u012bba nemain\u0101s.<\/p>\n<p>&#13;<\/p>\n<p>Visas bi\u013cetes, kas ieg\u0101d\u0101tas l\u012bdz 14. janv\u0101rim, b\u016bs der\u012bgas l\u012bdz to termi\u0146a beig\u0101m, bet no 15. janv\u0101ra bi\u013cetes tiks p\u0101rdotas tikai p\u0113c jaun\u0101 tarifa.<\/p>\n<p>&#13;<\/p>\n<p>Atvieglojumi attiecas uz:<\/p>\n<p>&#13;<\/p>\n<ul>&#13;<\/p>\n<li>b\u0113rniem, kas nav uzs\u0101ku\u0161i pamatizgl\u012bt\u012bbas apguvi;<\/li>\n<p>&#13;<\/p>\n<li>person\u0101m ar invalidit\u0101ti un vi\u0146u pavado\u0146iem;<\/li>\n<p>&#13;<\/p>\n<li>b\u0113rniem b\u0101re\u0146iem, aud\u017eu\u0123imen\u0113s un izgl\u012bt\u012bbas iest\u0101d\u0113s l\u012bdz 24 gadu vecumam un politiski repres\u0113t\u0101m person\u0101m;<\/li>\n<p>&#13;<\/p>\n<li>daudzb\u0113rnu \u0123imen\u0113m ar Latvijas Goda \u0123imenes apliec\u012bbu \u012bpa\u0161niekiem &#8211; vec\u0101kiem 50%, skol\u0113niem, studentiem, b\u0113rniem 90% apm\u0113r\u0101 no brauciena bi\u013cetes pilnas cenas, visiem 40% apm\u0113r\u0101 no abonementa bi\u013cetes cenas.<\/li>\n<p>&#13;\n<\/ul>\n<p>&#13;<\/p>\n<p>\u00a0<\/p>\n<p>&#13;<\/p>\n<p>Inform\u0101ciju apkopoja<\/p>\n<p>&#13;<\/p>\n<p>Daugavpils valstspils\u0113tas pa\u0161vald\u012bbas<\/p>\n<p>&#13;<\/p>\n<p>Sabiedrisko attiec\u012bbu noda\u013ca<\/p>\n","protected":false},"excerpt":{"rendered":"Ceturtdien, 15. janv\u0101r\u012b, st\u0101sies sp\u0113k\u0101 izmai\u0146as sabiedrisk\u0101 transporta brauk\u0161anas maksas tarifos. SIA \u201cDaugavpils autobusu parks\u201d inform\u0113, ka bi\u013ce\u0161u&hellip;\n","protected":false},"author":2,"featured_media":104079,"comment_status":"","ping_status":"","sticky":false,"template":"","format":"standard","meta":{"footnotes":""},"categories":[12],"tags":[23,28,29,32,33,22,30,31,35,39,38,36,37,34,40,20,26,27,24,25,21],"class_list":{"0":"post-104078","1":"post","2":"type-post","3":"status-publish","4":"format-standard","5":"has-post-thumbnail","7":"category-latvija","8":"tag-aktualitates","9":"tag-breaking-news","10":"tag-breakingnews","11":"tag-featured-news","12":"tag-featurednews","13":"tag-headlines","14":"tag-latest-news","15":"tag-latestnews","16":"tag-latvia","17":"tag-latvian","18":"tag-latviesu","19":"tag-latviesu-valoda","20":"tag-latviesuvaloda","21":"tag-latvija","22":"tag-lv","23":"tag-news","24":"tag-popularakas-zinas","25":"tag-popularakaszinas","26":"tag-top-stories","27":"tag-topstories","28":"tag-zinas"},"share_on_mastodon":{"url":"https:\/\/pubeurope.com\/@lv\/115892748496432423","error":""},"_links":{"self":[{"href":"https:\/\/www.europesays.com\/lv\/wp-json\/wp\/v2\/posts\/104078","targetHints":{"allow":["GET"]}}],"collection":[{"href":"https:\/\/www.europesays.com\/lv\/wp-json\/wp\/v2\/posts"}],"about":[{"href":"https:\/\/www.europesays.com\/lv\/wp-json\/wp\/v2\/types\/post"}],"author":[{"embeddable":true,"href":"https:\/\/www.europesays.com\/lv\/wp-json\/wp\/v2\/users\/2"}],"replies":[{"embeddable":true,"href":"https:\/\/www.europesays.com\/lv\/wp-json\/wp\/v2\/comments?post=104078"}],"version-history":[{"count":0,"href":"https:\/\/www.europesays.com\/lv\/wp-json\/wp\/v2\/posts\/104078\/revisions"}],"wp:featuredmedia":[{"embeddable":true,"href":"https:\/\/www.europesays.com\/lv\/wp-json\/wp\/v2\/media\/104079"}],"wp:attachment":[{"href":"https:\/\/www.europesays.com\/lv\/wp-json\/wp\/v2\/media?parent=104078"}],"wp:term":[{"taxonomy":"category","embeddable":true,"href":"https:\/\/www.europesays.com\/lv\/wp-json\/wp\/v2\/categories?post=104078"},{"taxonomy":"post_tag","embeddable":true,"href":"https:\/\/www.europesays.com\/lv\/wp-json\/wp\/v2\/tags?post=104078"}],"curies":[{"name":"wp","href":"https:\/\/api.w.org\/{rel}","templated":true}]}}