{"id":104114,"date":"2026-01-14T09:57:03","date_gmt":"2026-01-14T09:57:03","guid":{"rendered":"https:\/\/www.europesays.com\/lv\/104114\/"},"modified":"2026-01-14T09:57:03","modified_gmt":"2026-01-14T09:57:03","slug":"skumjs-notikums-baibas-sipenieces-gavares-gimene-muziba-devies-izcilais-zinatnieks-valdis-gavars-jauns-lv","status":"publish","type":"post","link":"https:\/\/www.europesays.com\/lv\/104114\/","title":{"rendered":"Skumj\u0161 notikums Baibas Sipenieces &#8211; Gavares \u0123imen\u0113 &#8211; m\u016b\u017e\u012bb\u0101 devies izcilais zin\u0101tnieks Valdis Gavars &#8211; Jauns.lv"},"content":{"rendered":"<ol>\n<li><a href=\"https:\/\/news.google.com\/rss\/articles\/CBMizgFBVV95cUxPVGh0NGVtOUtKZXFfclcxVHA3MG9kazZWTk1tdHF0dXVKaHhBeWJnc1RtWHNmVmo5cnhsbkZnUTRUZFRoNFlEUWthckI2VGg5czFnTFRJZ1AtR1R5Sk1VRGh5Sl93Vk9BdWdWVzktNk9RdXpabWxKYU5UMGxydkhvbDNqV29WbnZEVjdTNXRrTFZZRU9EcnpQVnA3aHhHdEtfa045WFh1V0Rxejl3RDJ6eUJHQWJJbklHeGZZY2dIazdaZllvQjJ3OXV1aDZrZw?oc=5\" target=\"_blank\" rel=\"nofollow noopener\">Skumj\u0161 notikums Baibas Sipenieces &#8211; Gavares \u0123imen\u0113 &#8211; m\u016b\u017e\u012bb\u0101 devies izcilais zin\u0101tnieks Valdis Gavars<\/a>&nbsp;&nbsp;Jauns.lv<\/li>\n<li><a href=\"https:\/\/news.google.com\/rss\/articles\/CBMipAFBVV95cUxQRVFqZEZuaG9WeU5WMnF6RUU0SE1mUlBrWGpNMS03ZG9paFlzRVFVRnRibHNJMHRmQUpGQm0ycEVfNFNXY1VMWURYakdXMlNMWEtCRXlNN1M1bndHTnc3dmxyWkRBVmRqX2R5Y1ZHSkJmTjlaVDg2aXphSWx0WXhzd1haYXhLZUl5ajBXb1hxLWQ5UzkzYURDTkh3TW5zdjV1aTFVYw?oc=5\" target=\"_blank\" rel=\"nofollow noopener\">\u201cLai gai\u0161s miers tavai dv\u0113selei!\u201d Baibas Sipenieces-Gavares v\u012brs dal\u012bjies ar s\u0113ru v\u0113sti<\/a>&nbsp;&nbsp;LA.LV<\/li>\n<li><a href=\"https:\/\/news.google.com\/rss\/articles\/CBMiiwFBVV95cUxPQXFqWmtZdzRJbWREd1ExU1NGa29BWk5IcDFTTHJ5Y0NxVFc4bTZKcWZaSUFzVHRuSE5IamxRczB5bGNXTXNSM1BDcDkzcnBEemtYU1RIb01oY2JxM2ZXWHAzNUFxMmFfMC1hd09CVlBKQk9kczNiR0pCUVBYRE9DakN0MEFpbDc1R1Zv?oc=5\" target=\"_blank\" rel=\"nofollow noopener\">Sipenieces-Gavares \u0123imene piedz\u012bvo s\u0101p\u012bgu zaud\u0113jumu<\/a>&nbsp;&nbsp;1188.lv<\/li>\n<li><a href=\"https:\/\/news.google.com\/rss\/articles\/CBMifkFVX3lxTFBnb0hWdEpjMFFjbkxLTlNxdlZFS1Y4eGNmM0w1bVdmVFh0VXI4VHFHUUltdHZtMGRCektUajRZdldGZDhpMGF6SlVLejdhUnUwclRCSTJUQ3E0MVFHMnRaN0Z2amJtZl9sblJWVWktcmZqdWNwY3Q3Y0YzczBUZw?oc=5\" target=\"_blank\" rel=\"nofollow noopener\">S\u0113ras Sipenieces-Gavares \u0123imen\u0113<\/a>&nbsp;&nbsp;Inbox.lv<\/li>\n<li><a href=\"https:\/\/news.google.com\/rss\/articles\/CBMidEFVX3lxTFBJUEpQNEFHQ3lEcEF0cTVtM3VGOVo3NHZYVXZfa2VGR1VqWjZpREJOUTRxUTUtZkV6N3BxbWVMcTdjT1Rwd1VjeEtaVWo1bGxES0NNX2VqQThjVVdlNXczaTZubUVJQnlHc2dCRXN1M25fdEJ3?oc=5\" target=\"_blank\" rel=\"nofollow noopener\">In Memoriam. Valdis Gavars (1934\u20132026)<\/a>&nbsp;&nbsp;J\u016brmalas valstspils\u0113tas pa\u0161vald\u012bba<\/li>\n<\/ol>\n","protected":false},"excerpt":{"rendered":"Skumj\u0161 notikums Baibas Sipenieces &#8211; Gavares \u0123imen\u0113 &#8211; m\u016b\u017e\u012bb\u0101 devies izcilais zin\u0101tnieks Valdis Gavars&nbsp;&nbsp;Jauns.lv \u201cLai gai\u0161s miers tavai&hellip;\n","protected":false},"author":2,"featured_media":104115,"comment_status":"","ping_status":"","sticky":false,"template":"","format":"standard","meta":{"footnotes":""},"categories":[12],"tags":[23,28,29,32,33,22,30,31,35,39,38,36,37,34,40,20,26,27,24,25,21],"class_list":{"0":"post-104114","1":"post","2":"type-post","3":"status-publish","4":"format-standard","5":"has-post-thumbnail","7":"category-latvija","8":"tag-aktualitates","9":"tag-breaking-news","10":"tag-breakingnews","11":"tag-featured-news","12":"tag-featurednews","13":"tag-headlines","14":"tag-latest-news","15":"tag-latestnews","16":"tag-latvia","17":"tag-latvian","18":"tag-latviesu","19":"tag-latviesu-valoda","20":"tag-latviesuvaloda","21":"tag-latvija","22":"tag-lv","23":"tag-news","24":"tag-popularakas-zinas","25":"tag-popularakaszinas","26":"tag-top-stories","27":"tag-topstories","28":"tag-zinas"},"share_on_mastodon":{"url":"https:\/\/pubeurope.com\/@lv\/115892862593636812","error":""},"_links":{"self":[{"href":"https:\/\/www.europesays.com\/lv\/wp-json\/wp\/v2\/posts\/104114","targetHints":{"allow":["GET"]}}],"collection":[{"href":"https:\/\/www.europesays.com\/lv\/wp-json\/wp\/v2\/posts"}],"about":[{"href":"https:\/\/www.europesays.com\/lv\/wp-json\/wp\/v2\/types\/post"}],"author":[{"embeddable":true,"href":"https:\/\/www.europesays.com\/lv\/wp-json\/wp\/v2\/users\/2"}],"replies":[{"embeddable":true,"href":"https:\/\/www.europesays.com\/lv\/wp-json\/wp\/v2\/comments?post=104114"}],"version-history":[{"count":0,"href":"https:\/\/www.europesays.com\/lv\/wp-json\/wp\/v2\/posts\/104114\/revisions"}],"wp:featuredmedia":[{"embeddable":true,"href":"https:\/\/www.europesays.com\/lv\/wp-json\/wp\/v2\/media\/104115"}],"wp:attachment":[{"href":"https:\/\/www.europesays.com\/lv\/wp-json\/wp\/v2\/media?parent=104114"}],"wp:term":[{"taxonomy":"category","embeddable":true,"href":"https:\/\/www.europesays.com\/lv\/wp-json\/wp\/v2\/categories?post=104114"},{"taxonomy":"post_tag","embeddable":true,"href":"https:\/\/www.europesays.com\/lv\/wp-json\/wp\/v2\/tags?post=104114"}],"curies":[{"name":"wp","href":"https:\/\/api.w.org\/{rel}","templated":true}]}}