{"id":104116,"date":"2026-01-14T09:58:09","date_gmt":"2026-01-14T09:58:09","guid":{"rendered":"https:\/\/www.europesays.com\/lv\/104116\/"},"modified":"2026-01-14T09:58:09","modified_gmt":"2026-01-14T09:58:09","slug":"tramps-reage-uz-apvainojumiem-ford-rupnica-detroita","status":"publish","type":"post","link":"https:\/\/www.europesays.com\/lv\/104116\/","title":{"rendered":"Tramps rea\u0123\u0113 uz apvainojumiem &#8220;Ford&#8221; r\u016bpn\u012bc\u0101 Detroit\u0101"},"content":{"rendered":"<p class=\"descr\">Tramps iesaist\u0101s as\u0101 str\u012bd\u0101 ar &#8220;Ford&#8221; r\u016bpn\u012bcas str\u0101dnieku, kas p\u0101rtop brut\u0101l\u0101 v\u0101rdu p\u0101rmai\u0146\u0101, zi\u0146o &#8220;Nexta&#8221; sav\u0101 &#8220;X&#8221; kont\u0101.<\/p>\n<p>Viens no &#8220;Ford&#8221; r\u016bpn\u012bcas str\u0101dniekiem Detroit\u0101 no p\u016b\u013ca kliedza, ka Tramps ir &#8220;pedofilu aizst\u0101vis&#8221;, atsaucoties uz Ep\u0161teina lietu.<\/p>\n<p>Reakcija bija t\u016bl\u012bt\u0113ja un brut\u0101li tie\u0161a: <a href=\"https:\/\/nra.lv\/pasaule\/511357-tramps-aicina-iranas-iedzivotajus-gazt-rezimu.htm\" data-item-link=\"true\" data-item-id=\"511357\" rel=\"nofollow noopener\" target=\"_blank\">Tramps <\/a>vi\u0146am lika &#8220;nov\u0101kties lej\u0101&#8221; un par\u0101d\u012bja vid\u0113jo pirkstu.<\/p>\n<p>Baltais nams nekav\u0113joties aizst\u0101v\u0113ja prezidenta r\u012bc\u012bbu.<\/p>\n<p>Administr\u0101cijas komunik\u0101cijas direktors St\u012bvens \u010cungs sac\u012bja, ka str\u0101dnieks &#8220;uzved\u0101s k\u0101 traks, dusmu l\u0113km\u0113 sita pa stie\u0146iem&#8221; un ka Trampa reakcija bija &#8220;atbilsto\u0161a un nep\u0101rprotama&#8221;.<\/p>\n<blockquote class=\"twitter-tweet\">\n<p lang=\"en\" dir=\"ltr\">New scandal: Trump gets into a heated exchange with a Ford factory worker<\/p>\n<p>One of the workers at a Ford plant in Detroit shouted from the crowd that Trump was a \u201cprotector of pedophiles\u201d, referring to the Epstein case.<\/p>\n<p>The response was instant and brutally direct: Trump told him\u2026 <a href=\"https:\/\/t.co\/UIwSsllZMY\" rel=\"nofollow\">pic.twitter.com\/UIwSsllZMY<\/a><\/p>\n<p>\u2014 NEXTA (@nexta_tv) <a href=\"https:\/\/twitter.com\/nexta_tv\/status\/2011314520560378044?ref_src=twsrc%5Etfw\" rel=\"nofollow noopener\" target=\"_blank\">January 14, 2026<\/a><\/p><\/blockquote>\n<p>\t\t\t\t\t\tinfo<\/p>\n<p>Uzzini pirmais<br \/>kas interesants noticis Latvij\u0101 un pasaul\u0113,<br \/>pievienojoties mums <a href=\"https:\/\/t.me\/neatkariga\" rel=\"nofollow\">Telegram<\/a> vai <a href=\"https:\/\/whatsapp.com\/channel\/0029VaMLFUH5K3zLU5s4wm3y\" rel=\"nofollow noopener\" target=\"_blank\">Whatsapp<\/a> kan\u0101l\u0101<\/p>\n<p>\t\t\t\t\t\t\t\t\t<script async src=\"https:\/\/platform.twitter.com\/widgets.js\" charset=\"utf-8\"><\/script><\/p>\n","protected":false},"excerpt":{"rendered":"Tramps iesaist\u0101s as\u0101 str\u012bd\u0101 ar &#8220;Ford&#8221; r\u016bpn\u012bcas str\u0101dnieku, kas p\u0101rtop brut\u0101l\u0101 v\u0101rdu p\u0101rmai\u0146\u0101, zi\u0146o &#8220;Nexta&#8221; sav\u0101 &#8220;X&#8221; kont\u0101.&hellip;\n","protected":false},"author":2,"featured_media":104117,"comment_status":"","ping_status":"","sticky":false,"template":"","format":"standard","meta":{"footnotes":""},"categories":[5],"tags":[23,28,29,32,33,22,30,31,35,39,38,36,37,34,40,20,26,27,24,25,21],"class_list":{"0":"post-104116","1":"post","2":"type-post","3":"status-publish","4":"format-standard","5":"has-post-thumbnail","7":"category-aktualitates","8":"tag-aktualitates","9":"tag-breaking-news","10":"tag-breakingnews","11":"tag-featured-news","12":"tag-featurednews","13":"tag-headlines","14":"tag-latest-news","15":"tag-latestnews","16":"tag-latvia","17":"tag-latvian","18":"tag-latviesu","19":"tag-latviesu-valoda","20":"tag-latviesuvaloda","21":"tag-latvija","22":"tag-lv","23":"tag-news","24":"tag-popularakas-zinas","25":"tag-popularakaszinas","26":"tag-top-stories","27":"tag-topstories","28":"tag-zinas"},"share_on_mastodon":{"url":"https:\/\/pubeurope.com\/@lv\/115892866495152287","error":""},"_links":{"self":[{"href":"https:\/\/www.europesays.com\/lv\/wp-json\/wp\/v2\/posts\/104116","targetHints":{"allow":["GET"]}}],"collection":[{"href":"https:\/\/www.europesays.com\/lv\/wp-json\/wp\/v2\/posts"}],"about":[{"href":"https:\/\/www.europesays.com\/lv\/wp-json\/wp\/v2\/types\/post"}],"author":[{"embeddable":true,"href":"https:\/\/www.europesays.com\/lv\/wp-json\/wp\/v2\/users\/2"}],"replies":[{"embeddable":true,"href":"https:\/\/www.europesays.com\/lv\/wp-json\/wp\/v2\/comments?post=104116"}],"version-history":[{"count":0,"href":"https:\/\/www.europesays.com\/lv\/wp-json\/wp\/v2\/posts\/104116\/revisions"}],"wp:featuredmedia":[{"embeddable":true,"href":"https:\/\/www.europesays.com\/lv\/wp-json\/wp\/v2\/media\/104117"}],"wp:attachment":[{"href":"https:\/\/www.europesays.com\/lv\/wp-json\/wp\/v2\/media?parent=104116"}],"wp:term":[{"taxonomy":"category","embeddable":true,"href":"https:\/\/www.europesays.com\/lv\/wp-json\/wp\/v2\/categories?post=104116"},{"taxonomy":"post_tag","embeddable":true,"href":"https:\/\/www.europesays.com\/lv\/wp-json\/wp\/v2\/tags?post=104116"}],"curies":[{"name":"wp","href":"https:\/\/api.w.org\/{rel}","templated":true}]}}