{"id":104122,"date":"2026-01-14T10:02:08","date_gmt":"2026-01-14T10:02:08","guid":{"rendered":"https:\/\/www.europesays.com\/lv\/104122\/"},"modified":"2026-01-14T10:02:08","modified_gmt":"2026-01-14T10:02:08","slug":"tramps-parada-videjo-pirkstu-protestetajam-kurs-vinu-nosauc-par-pedofilu-aizstavi","status":"publish","type":"post","link":"https:\/\/www.europesays.com\/lv\/104122\/","title":{"rendered":"Tramps par\u0101da vid\u0113jo pirkstu protest\u0113t\u0101jam, kur\u0161 vi\u0146u nosauc par &#8220;pedofilu aizst\u0101vi&#8221;"},"content":{"rendered":"<p data-path-to-node=\"5\">Saska\u0146\u0101 ar aculiecinieku zi\u0146oto, Tramps protest\u0113t\u0101ju rupji nolam\u0101jis un par\u0101d\u012bjis vid\u0113jo pirkstu. Balt\u0101 nama p\u0101rst\u0101vis St\u012bvens \u010cungs nav tie\u0161i apstiprin\u0101jis vid\u0113j\u0101 pirksta par\u0101d\u012b\u0161anu, ta\u010du pazi\u0146ojum\u0101 nor\u0101d\u012bjis, ka prezidents sniedzis &#8220;situ\u0101cijai atbilsto\u0161u un nep\u0101rprotamu atbildi&#8221;. \u010cungs uzsv\u0113ra, ka str\u0101dnieks uzvedies &#8220;k\u0101 \u0101rpr\u0101t\u012bgais&#8221; un &#8220;nekontrol\u0113jam\u0101 dusmu l\u0113km\u0113 kliedzis lamuv\u0101rdus&#8221;. Notiku\u0161ais da\u013c\u0113ji fiks\u0113ts port\u0101la &#8220;TMZ&#8221; public\u0113taj\u0101 videoierakst\u0101.<\/p>\n","protected":false},"excerpt":{"rendered":"Saska\u0146\u0101 ar aculiecinieku zi\u0146oto, Tramps protest\u0113t\u0101ju rupji nolam\u0101jis un par\u0101d\u012bjis vid\u0113jo pirkstu. Balt\u0101 nama p\u0101rst\u0101vis St\u012bvens \u010cungs nav&hellip;\n","protected":false},"author":2,"featured_media":104123,"comment_status":"","ping_status":"","sticky":false,"template":"","format":"standard","meta":{"footnotes":""},"categories":[14],"tags":[23,57,28,29,32,33,22,30,31,35,39,38,36,37,34,40,20,26,27,24,25,54,55,56,21,58],"class_list":{"0":"post-104122","1":"post","2":"type-post","3":"status-publish","4":"format-standard","5":"has-post-thumbnail","7":"category-zinas-no-arvalstim","8":"tag-aktualitates","9":"tag-arvalstim","10":"tag-breaking-news","11":"tag-breakingnews","12":"tag-featured-news","13":"tag-featurednews","14":"tag-headlines","15":"tag-latest-news","16":"tag-latestnews","17":"tag-latvia","18":"tag-latvian","19":"tag-latviesu","20":"tag-latviesu-valoda","21":"tag-latviesuvaloda","22":"tag-latvija","23":"tag-lv","24":"tag-news","25":"tag-popularakas-zinas","26":"tag-popularakaszinas","27":"tag-top-stories","28":"tag-topstories","29":"tag-world","30":"tag-world-news","31":"tag-worldnews","32":"tag-zinas","33":"tag-zinas-no-arvalstim"},"share_on_mastodon":{"url":"https:\/\/pubeurope.com\/@lv\/115892882133974003","error":""},"_links":{"self":[{"href":"https:\/\/www.europesays.com\/lv\/wp-json\/wp\/v2\/posts\/104122","targetHints":{"allow":["GET"]}}],"collection":[{"href":"https:\/\/www.europesays.com\/lv\/wp-json\/wp\/v2\/posts"}],"about":[{"href":"https:\/\/www.europesays.com\/lv\/wp-json\/wp\/v2\/types\/post"}],"author":[{"embeddable":true,"href":"https:\/\/www.europesays.com\/lv\/wp-json\/wp\/v2\/users\/2"}],"replies":[{"embeddable":true,"href":"https:\/\/www.europesays.com\/lv\/wp-json\/wp\/v2\/comments?post=104122"}],"version-history":[{"count":0,"href":"https:\/\/www.europesays.com\/lv\/wp-json\/wp\/v2\/posts\/104122\/revisions"}],"wp:featuredmedia":[{"embeddable":true,"href":"https:\/\/www.europesays.com\/lv\/wp-json\/wp\/v2\/media\/104123"}],"wp:attachment":[{"href":"https:\/\/www.europesays.com\/lv\/wp-json\/wp\/v2\/media?parent=104122"}],"wp:term":[{"taxonomy":"category","embeddable":true,"href":"https:\/\/www.europesays.com\/lv\/wp-json\/wp\/v2\/categories?post=104122"},{"taxonomy":"post_tag","embeddable":true,"href":"https:\/\/www.europesays.com\/lv\/wp-json\/wp\/v2\/tags?post=104122"}],"curies":[{"name":"wp","href":"https:\/\/api.w.org\/{rel}","templated":true}]}}