{"id":104132,"date":"2026-01-14T10:09:07","date_gmt":"2026-01-14T10:09:07","guid":{"rendered":"https:\/\/www.europesays.com\/lv\/104132\/"},"modified":"2026-01-14T10:09:07","modified_gmt":"2026-01-14T10:09:07","slug":"vai-janvari-latvija-gaidams-stiprs-sals-vai-atkusnis","status":"publish","type":"post","link":"https:\/\/www.europesays.com\/lv\/104132\/","title":{"rendered":"Vai janv\u0101r\u012b Latvij\u0101 gaid\u0101ms stiprs sals vai atkusnis?"},"content":{"rendered":"<p class=\"descr\">Run\u0101jot par laikapst\u0101k\u013ciem janv\u0101ra otraj\u0101 pus\u0113, Latvijai tiek prognoz\u0113ts gan atkusnis, gan m\u012bnus 30 gr\u0101du sals.<\/p>\n<p>Decembra p\u0113d\u0113j\u0101 dien\u0101 ar prognozi par laikapst\u0101k\u013ciem janv\u0101r\u012b n\u0101ca klaj\u0101 dabas v\u0113rot\u0101js <a href=\"https:\/\/nra.lv\/birka\/vilis-bukss\/\" target=\"_blank\" rel=\"noopener nofollow\">Vilis Buk\u0161s.<\/a><\/p>\n<p>Raksturojot laikapst\u0101k\u013cus kopum\u0101, Buk\u0161s rakst\u012bja, ka janv\u0101ris liel\u0101kaj\u0101 Latvijas da\u013c\u0101 b\u016bs ar nelielu un m\u0113renu salu. \u012aslaic\u012bgiem, bet bie\u017eiem nokri\u0161\u0146iem, kas p\u0101rsvar\u0101 b\u016bs sniegs. Dienas liel\u0101koties m\u0101ko\u0146ainas un apm\u0101ku\u0161\u0101s. Valdo\u0161ie dienvidu un rietumu v\u0113ji, kas pastiprinoties nereti ar\u012b veidos sniega sanesumus.<\/p>\n<p>Janv\u0101ra vid\u016b, tuv\u0101k j\u016brai atku\u0161\u0146i un da\u017e\u0101di nokri\u0161\u0146i. Sniegs, slapj\u0161 sniegs, lietus. V\u0113jains. Latvijas austrumos neliels sals un \u012bslaic\u012bgs sniegs. Temperat\u016bra robe\u017e\u0101s no m\u012bnus 7 gr\u0101diem nakt\u012bs l\u012bdz 0 gr\u0101diem dienas laik\u0101. V\u0113l\u0101k atkal var sekot neliels aukstuma viln\u012btis. Ce\u013ci \u0161aj\u0101 laik\u0101 apledos, slidens.<\/p>\n<p>Janv\u0101ra otr\u0101 puse r\u0101d\u0101s b\u016bt ar main\u012bgiem laikapst\u0101k\u013ciem, kad neliela, l\u012bdz m\u0113reni stipra sala periodiem sekos \u012bslaic\u012bgi atlaide\u0146i un nokri\u0161\u0146i. Laik\u0101 ap Ba\u0161\u0137i (20. janv\u0101ris), m\u0101ko\u0146iem izkl\u012bstot, temperat\u016bra nakts stund\u0101s atkal var pazemin\u0101ties l\u012bdz m\u012bnus 20 gr\u0101du atz\u012bmei. M\u0113ne\u0161a beig\u0101s m\u0101ko\u0146ains, vair\u0101k nokri\u0161\u0146u un temperat\u016bra dienas laik\u0101 tuvu 0. Ja nakt\u012bs piesals, tad dienas laik\u0101 atlaid\u012bs. Temperat\u016bra robe\u017e\u0101s no m\u012bnus 3 l\u012bdz plus 3 gr\u0101diem.<\/p>\n<p>Kopum\u0101 janv\u0101ris r\u0101d\u0101s b\u016bt ar nokri\u0161\u0146iem bag\u0101ts un temperat\u016bru zi\u0146\u0101 tuvu normai. Sniegs, atkala, tuv\u0101k j\u016brai ar\u012b lietus. M\u0113ne\u0161a beig\u0101s ar\u012b br\u0101zmaini v\u0113ji, rakst\u012bja Buk\u0161s.<\/p>\n<p>*** <\/p>\n<blockquote><p>Savuk\u0101rt tikko k\u0101 ar skarb\u0101ku prognozi dal\u012bjies Eiropas Vid\u0113ja termi\u0146a laika progno\u017eu centrs. <\/p><\/blockquote>\n<p>Proti, iesp\u0113jams, p\u0113c 20. janv\u0101ra Latvij\u0101 iepl\u016bd\u012bs liels sals no Sib\u012brijas &#8211; gaisa temperat\u016bra br\u012b\u017eiem var pazemin\u0101ties l\u012bdz -30 gr\u0101diem.<\/p>\n<p>Sagaid\u0101ms, ka janv\u0101ra otraj\u0101 pus\u0113 b\u016bs maz nokri\u0161\u0146u un bie\u017ei sp\u012bd\u0113s saule.<\/p>\n","protected":false},"excerpt":{"rendered":"Run\u0101jot par laikapst\u0101k\u013ciem janv\u0101ra otraj\u0101 pus\u0113, Latvijai tiek prognoz\u0113ts gan atkusnis, gan m\u012bnus 30 gr\u0101du sals. Decembra p\u0113d\u0113j\u0101&hellip;\n","protected":false},"author":2,"featured_media":104133,"comment_status":"","ping_status":"","sticky":false,"template":"","format":"standard","meta":{"footnotes":""},"categories":[12],"tags":[23,28,29,32,33,22,30,31,35,39,38,36,37,34,40,20,26,27,24,25,21],"class_list":{"0":"post-104132","1":"post","2":"type-post","3":"status-publish","4":"format-standard","5":"has-post-thumbnail","7":"category-latvija","8":"tag-aktualitates","9":"tag-breaking-news","10":"tag-breakingnews","11":"tag-featured-news","12":"tag-featurednews","13":"tag-headlines","14":"tag-latest-news","15":"tag-latestnews","16":"tag-latvia","17":"tag-latvian","18":"tag-latviesu","19":"tag-latviesu-valoda","20":"tag-latviesuvaloda","21":"tag-latvija","22":"tag-lv","23":"tag-news","24":"tag-popularakas-zinas","25":"tag-popularakaszinas","26":"tag-top-stories","27":"tag-topstories","28":"tag-zinas"},"share_on_mastodon":{"url":"https:\/\/pubeurope.com\/@lv\/115892909691563758","error":""},"_links":{"self":[{"href":"https:\/\/www.europesays.com\/lv\/wp-json\/wp\/v2\/posts\/104132","targetHints":{"allow":["GET"]}}],"collection":[{"href":"https:\/\/www.europesays.com\/lv\/wp-json\/wp\/v2\/posts"}],"about":[{"href":"https:\/\/www.europesays.com\/lv\/wp-json\/wp\/v2\/types\/post"}],"author":[{"embeddable":true,"href":"https:\/\/www.europesays.com\/lv\/wp-json\/wp\/v2\/users\/2"}],"replies":[{"embeddable":true,"href":"https:\/\/www.europesays.com\/lv\/wp-json\/wp\/v2\/comments?post=104132"}],"version-history":[{"count":0,"href":"https:\/\/www.europesays.com\/lv\/wp-json\/wp\/v2\/posts\/104132\/revisions"}],"wp:featuredmedia":[{"embeddable":true,"href":"https:\/\/www.europesays.com\/lv\/wp-json\/wp\/v2\/media\/104133"}],"wp:attachment":[{"href":"https:\/\/www.europesays.com\/lv\/wp-json\/wp\/v2\/media?parent=104132"}],"wp:term":[{"taxonomy":"category","embeddable":true,"href":"https:\/\/www.europesays.com\/lv\/wp-json\/wp\/v2\/categories?post=104132"},{"taxonomy":"post_tag","embeddable":true,"href":"https:\/\/www.europesays.com\/lv\/wp-json\/wp\/v2\/tags?post=104132"}],"curies":[{"name":"wp","href":"https:\/\/api.w.org\/{rel}","templated":true}]}}