{"id":10414,"date":"2025-10-02T09:31:07","date_gmt":"2025-10-02T09:31:07","guid":{"rendered":"https:\/\/www.europesays.com\/lv\/10414\/"},"modified":"2025-10-02T09:31:07","modified_gmt":"2025-10-02T09:31:07","slug":"foto-%e2%9f%a9-pie-saeimas-notiek-protests-pret-latvijas-izstasanos-no-stambulas-konvencijas","status":"publish","type":"post","link":"https:\/\/www.europesays.com\/lv\/10414\/","title":{"rendered":"FOTO \u27e9 Pie Saeimas notiek protests pret Latvijas izst\u0101\u0161anos no Stambulas konvencijas"},"content":{"rendered":"<p>K\u0101 atz\u012bm\u0113 organizatori, vi\u0146u m\u0113r\u0137is ir saglab\u0101t un stiprin\u0101t tiesiskumu, demokr\u0101tiju un dro\u0161\u012bbu, nodro\u0161inot, ka ikviens cilv\u0113ks valst\u012b var dz\u012bvot bez bail\u0113m no vardarb\u012bbas un diskrimin\u0101cijas.<\/p>\n<p>Vald\u012bbai j\u0101str\u0101d\u0101, lai veicin\u0101tu re\u0101lu dro\u0161\u012bbu un aizsarg\u0101tu visus sabiedr\u012bbas locek\u013cus, iev\u0113rojot starptautisk\u0101s saist\u012bbas un cilv\u0113kties\u012bbu principus, pau\u017e &#8220;Protests&#8221;.<\/p>\n<p>Jau v\u0113st\u012bts, ka Ministru prezidente Evika Sili\u0146a (JV) ir uzdevusi Za\u013co un zemnieku savien\u012bbu (ZZS) p\u0101rst\u0101vo\u0161ajam labkl\u0101j\u012bbas ministram Reinim Uzulniekam skaidrot, ko Labkl\u0101j\u012bbas ministrija (LM) paveikusi, lai \u012bstenotu Stambulas konvencijas ap\u0146em\u0161an\u0101s vardarb\u012bbas mazin\u0101\u0161anai.<\/p>\n<p>Premjeres rezol\u016bcij\u0101 Uzulniekam teikts, ka vi\u0146am paveiktais j\u0101skaidro Saeimas komisij\u0101s, k\u0101 ar\u012b n\u0101kam\u0101s ned\u0113\u013cas vald\u012bbas s\u0113d\u0113 7.oktobr\u012b.<\/p>\n<p>Ministru prezidente ir uzdevusi labkl\u0101j\u012bbas ministram p\u0101rst\u0101v\u0113t Ministru kabinetu Saeimas \u0100rlietu komisijas s\u0113d\u0113s, kur\u0101s tiks skat\u012bts likumprojekts &#8220;Par izst\u0101\u0161anos no Eiropas Padomes Konvencijas par vardarb\u012bbas pret sieviet\u0113m un vardarb\u012bbas \u0123imen\u0113 nov\u0113r\u0161anu un apkaro\u0161anu&#8221;, sniegt inform\u0101ciju Saeimas Cilv\u0113kties\u012bbu un sabiedrisko lietu komisijai, Soci\u0101lo un darba lietu komisijai un Juridiskajai komisijai par Konvencijas ievie\u0161an\u0101 paveikto un pl\u0101noto, k\u0101 ar\u012b tikties ar pilsonisk\u0101s sabiedr\u012bbas p\u0101rst\u0101vjiem, \u0146emot v\u0113r\u0101 pilsonisk\u0101s sabiedr\u012bbas p\u0101rst\u0101vju atkl\u0101to v\u0113stuli, skaidrojot paveikto vardarb\u012bbas pret sieviet\u0113m un vardarb\u012bbas \u0123imen\u0113 nov\u0113r\u0161an\u0101 un apkaro\u0161an\u0101.<\/p>\n<p>Premjere nor\u0101da, ka LM bija konvencijas virz\u012bt\u0101ja un ir vardarb\u012bbas pret sieviet\u0113m un b\u0113rniem nov\u0113r\u0161anas pl\u0101na koordin\u0113t\u0101ja un izpild\u012bt\u0101ja.<\/p>\n<p>Premjere Uzulniekam rezol\u016bciju pasniedza masu mediju kl\u0101tb\u016btn\u0113, piebilstot, ka Uzulnieka p\u0101rst\u0101v\u0113t\u0101 ministrija, ac\u012bmredzot, nav dar\u012bjusi pietiekami, lai savas partijas deput\u0101tiem skaidrotu Stambulas konvenciju.<\/p>\n","protected":false},"excerpt":{"rendered":"K\u0101 atz\u012bm\u0113 organizatori, vi\u0146u m\u0113r\u0137is ir saglab\u0101t un stiprin\u0101t tiesiskumu, demokr\u0101tiju un dro\u0161\u012bbu, nodro\u0161inot, ka ikviens cilv\u0113ks valst\u012b&hellip;\n","protected":false},"author":2,"featured_media":10415,"comment_status":"","ping_status":"","sticky":false,"template":"","format":"standard","meta":{"footnotes":""},"categories":[12],"tags":[23,28,29,32,33,22,30,31,35,39,38,36,37,34,40,20,26,27,3959,141,2023,24,25,21],"class_list":{"0":"post-10414","1":"post","2":"type-post","3":"status-publish","4":"format-standard","5":"has-post-thumbnail","7":"category-latvija","8":"tag-aktualitates","9":"tag-breaking-news","10":"tag-breakingnews","11":"tag-featured-news","12":"tag-featurednews","13":"tag-headlines","14":"tag-latest-news","15":"tag-latestnews","16":"tag-latvia","17":"tag-latvian","18":"tag-latviesu","19":"tag-latviesu-valoda","20":"tag-latviesuvaloda","21":"tag-latvija","22":"tag-lv","23":"tag-news","24":"tag-popularakas-zinas","25":"tag-popularakaszinas","26":"tag-protests","27":"tag-saeima","28":"tag-stambulas-konvencija","29":"tag-top-stories","30":"tag-topstories","31":"tag-zinas"},"share_on_mastodon":{"url":"","error":""},"_links":{"self":[{"href":"https:\/\/www.europesays.com\/lv\/wp-json\/wp\/v2\/posts\/10414","targetHints":{"allow":["GET"]}}],"collection":[{"href":"https:\/\/www.europesays.com\/lv\/wp-json\/wp\/v2\/posts"}],"about":[{"href":"https:\/\/www.europesays.com\/lv\/wp-json\/wp\/v2\/types\/post"}],"author":[{"embeddable":true,"href":"https:\/\/www.europesays.com\/lv\/wp-json\/wp\/v2\/users\/2"}],"replies":[{"embeddable":true,"href":"https:\/\/www.europesays.com\/lv\/wp-json\/wp\/v2\/comments?post=10414"}],"version-history":[{"count":0,"href":"https:\/\/www.europesays.com\/lv\/wp-json\/wp\/v2\/posts\/10414\/revisions"}],"wp:featuredmedia":[{"embeddable":true,"href":"https:\/\/www.europesays.com\/lv\/wp-json\/wp\/v2\/media\/10415"}],"wp:attachment":[{"href":"https:\/\/www.europesays.com\/lv\/wp-json\/wp\/v2\/media?parent=10414"}],"wp:term":[{"taxonomy":"category","embeddable":true,"href":"https:\/\/www.europesays.com\/lv\/wp-json\/wp\/v2\/categories?post=10414"},{"taxonomy":"post_tag","embeddable":true,"href":"https:\/\/www.europesays.com\/lv\/wp-json\/wp\/v2\/tags?post=10414"}],"curies":[{"name":"wp","href":"https:\/\/api.w.org\/{rel}","templated":true}]}}