{"id":104140,"date":"2026-01-14T10:14:07","date_gmt":"2026-01-14T10:14:07","guid":{"rendered":"https:\/\/www.europesays.com\/lv\/104140\/"},"modified":"2026-01-14T10:14:07","modified_gmt":"2026-01-14T10:14:07","slug":"irana-draud-ar-atru-tiesu-un-navessodu-protestetajiem-neraugoties-uz-trampa-bridinajumiem-raksts","status":"publish","type":"post","link":"https:\/\/www.europesays.com\/lv\/104140\/","title":{"rendered":"Ir\u0101na draud ar \u0101tru tiesu un n\u0101vessodu protest\u0113t\u0101jiem neraugoties uz Trampa br\u012bdin\u0101jumiem \/ Raksts"},"content":{"rendered":"<p>Ir\u0101nas tiesu varas vad\u012bt\u0101js Gulamhuseins Moseni-Ejei tre\u0161dien pazi\u0146oja, ka vis\u0101 valst\u012b notieko\u0161o protestu apcietin\u0101tos\u00a0dal\u012bbniekus sagaida \u0101tras tiesas pr\u0101vas un pl\u0101noti ar\u012b n\u0101vessodi. \u0160ie pazi\u0146ojumi izskan\u0113ju\u0161i, neraugoties uz ASV prezidenta Donalda Trampa br\u012bdin\u0101jumiem Ir\u0101nas amatperson\u0101m nev\u0113rsties pret demonstr\u0101ciju dal\u012bbniekiem.<\/p>\n<p>&#8220;Ja k\u0101ds ir sadedzin\u0101jis vai nogalin\u0101jis cilv\u0113ku, tad mums ir j\u0101r\u012bkojas \u0101tri,&#8221; Moseni-Ejei\u00a0pauda koment\u0101r\u0101 valsts telev\u012bzij\u0101.<\/p>\n<p>Ir\u0101nas zi\u0146u a\u0123ent\u016bras cit\u0113ja vi\u0146a teikto, ka tiesas pr\u0101vas ir j\u0101organiz\u0113 atkl\u0101ti un ka pats valsts\u00a0tiesu varas vad\u012bt\u0101js\u00a0piecas stundas pavad\u012bjis Teher\u0101nas cietum\u0101, lai izskat\u012btu apcietin\u0101to lietas.\u00a0<\/p>\n<blockquote>\n<p>ASV Valsts departaments sav\u0101 persie\u0161u valodas &#8220;X&#8221; kont\u0101 pazi\u0146oja, ka tre\u0161dien n\u0101vessoda izpilde paredz\u0113ta k\u0101dam 26 gadus vecam protestu dal\u012bbniekam Efranam Soltani.\u00a0<\/p>\n<\/blockquote>\n<p>&#8220;Erfans ir pirmais protest\u0113t\u0101js, kuram piespriests n\u0101vessods, bet vi\u0146\u0161 neb\u016bs p\u0113d\u0113jais,&#8221; br\u012bdin\u0101ja Valsts departaments, piebilstot, ka arest\u0113ti vair\u0101k nek\u0101 10 t\u016bksto\u0161i ir\u0101\u0146u.\u00a0<\/p>\n<p>Cilv\u0113kties\u012bbu organiz\u0101cija &#8220;Amnesty International&#8221; aicin\u0101jusi Ir\u0101nu nekav\u0113joties p\u0101rtraukt visas n\u0101vessodu izpildes, tostarp atcelt Soltani n\u0101vessodu.\u00a0<\/p>\n<p>Erfana m\u0101sa, kas ir juriste, m\u0113\u0123in\u0101jusi skat\u012bt\u00a0br\u0101\u013ca lietu, ta\u010du ties\u012bbsargi\u00a0vi\u0146ai pazi\u0146oja, ka nav pamata to dar\u012bt. Atbild\u012bg\u0101s amatpersonas sol\u012bju\u0161as \u0123imenei, ka pirms Erfana sod\u012b\u0161anas ar n\u0101vi \u013caus vi\u0146iem p\u0113d\u0113jo reizi satikties,\u00a0ta\u010du realit\u0101t\u0113 kop\u0161 v\u012brie\u0161a aresta vi\u0146am nebija at\u013cauts sazin\u0101ties ar \u0123imeni.\u00a0<\/p>\n<p>&#8220;Vi\u0146\u0161 ir vienk\u0101r\u0161s\u00a0cilv\u0113ks, kur\u0161 ir pret pa\u0161reiz\u0113jo situ\u0101ciju Ir\u0101n\u0101&#8230; tagad vi\u0146\u0161 ir sa\u0146\u0113mis n\u0101vessodu par sava viedok\u013ca pau\u0161anu,&#8221; Efrana m\u0101sas teikto cit\u0113 britu raidsabiedr\u012bba BBC.\u00a0<\/p>\n<p>ASV prezidents Donalds Tramps iepriek\u0161 aicin\u0101jis protest\u0113t\u0101jus valst\u012b turpin\u0101t ies\u0101kto, sakot, ka pal\u012bdz\u012bba ir ce\u013c\u0101. Valst\u012b aug boj\u0101g\u0101ju\u0161o skaits, ir zi\u0146as par vair\u0101k nek\u0101 2500 nogalin\u0101tajiem.\u00a0<\/p>\n<p>Par lielo upuru skaitu zi\u0146o ASV b\u0101z\u0113t\u0101 cilv\u0113kties\u012bbu akt\u012bvistu organiz\u0101cija &#8220;Human Rights Activists News Agency&#8221;. Boj\u0101g\u0101ju\u0161o skaits esot liel\u0101ks nek\u0101 jebkur\u0101 cit\u0101 protestu vai nemieru viln\u012b Ir\u0101n\u0101 desmitiem gadu laik\u0101 un atg\u0101dinot haosu 1979. gada isl\u0101ma revol\u016bcijas gait\u0101. Varas iest\u0101des ar\u012b aiztur\u0113ju\u0161as vair\u0101k nek\u0101 18 t\u016bksto\u0161us protest\u0113t\u0101ju.\u00a0<\/p>\n<blockquote>\n<p>Lielo n\u0101ves gad\u012bjumu skaitu pirmo reizi atzina Ir\u0101nas valsts telev\u012bzija, ta\u010du t\u0101s p\u0101rst\u0101vji nemin\u0113ja\u00a0konkr\u0113tu skaitli.\u00a0\u00a0<\/p>\n<\/blockquote>\n<p>Varas iest\u0101des ar\u012b zi\u0146oja, ka atguvu\u0161as kontroli p\u0101r valsti, ta\u010du re\u0101l\u0101 situ\u0101cija ir neskaidra. Eiropas Savien\u012bbas augst\u0101 \u0101rlietu p\u0101rst\u0101ve Kaja Kallasa otrdien diplom\u0101tiski nor\u0101d\u012bja, ka nav skaidrs, vai Ir\u0101nas vald\u012bba krit\u012bs, jo da\u017ek\u0101rt re\u017e\u012bmi esot \u013coti, \u013coti iztur\u012bgi.\u00a0<\/p>\n<p>Konkr\u0113t\u0101ks bijis ASV prezidents Donalds Tramps, kur\u0161 jau iepriek\u0161 pie\u013c\u0101va ASV milit\u0101ru oper\u0101ciju \u0161aj\u0101 Tuvo Austrumu valst\u012b un pazi\u0146oja, ka <a href=\"https:\/\/www.lsm.lv\/raksts\/zinas\/arzemes\/13.01.2026-asv-prezidents-tramps-aicina-iranas-iedzivotajus-gazt-rezimu-un-sola-palidzibu.a629824\/\" class=\"lsm-link\" data-type=\"article\" data-id=\"629824\" rel=\"nofollow noopener\" target=\"_blank\">pal\u012bdz\u012bba esot ce\u013c\u0101<\/a>. Otrdien vi\u0146\u0161 br\u012bdin\u0101ja par \u013coti stipru r\u012bc\u012bbu, ja Ir\u0101nas varas iest\u0101des \u012bstenos draudus par da\u017eu demonstrantu pak\u0101r\u0161anu, ta\u010du konkr\u0113t\u0101ku inform\u0101ciju nesniedza.<\/p>\n<p>Akt\u012bvistu organiz\u0101cija zi\u0146oja, ka 2403 no nogalin\u0101tajiem bija protest\u0113t\u0101ji, bet 147 bija saist\u012bti ar vald\u012bbu. Ir g\u0101ju\u0161i boj\u0101 12 b\u0113rni, k\u0101 ar\u012b devi\u0146i civiliedz\u012bvot\u0101ji, kuri nepiedal\u012bj\u0101s protestos.\u00a0<\/p>\n<p>Vair\u0101k nek\u0101 18 000 cilv\u0113ku ir aiztur\u0113ti, zi\u0146oja &#8220;Human Rights Activists News Agency&#8221;.\u00a0<\/p>\n<p>Ir\u0101n\u0101 pa\u0161laik ieviests nepieredz\u0113ti liels sakaru atsl\u0113gums, lai mazin\u0101tu protestus. Bet \u012alona Maska uz\u0146\u0113mums &#8220;SpaceX&#8221; s\u0101cis pied\u0101v\u0101t bezmaksas &#8220;Starlink&#8221; satel\u012bta pakalpojumus Ir\u0101n\u0101, atce\u013cot abon\u0113\u0161anas maksu valst\u012b. Lai gan &#8220;Starlink&#8221; uztv\u0113r\u0113ji Ir\u0101n\u0101 ir aizliegti, daudzi no tiem ir neleg\u0101li ievesti p\u0101ri valsts robe\u017e\u0101m.\u00a0<\/p>\n<p>Tikm\u0113r Eiropas Savien\u012bbas vad\u012bt\u0101ja Urzula fon der Leiena pazi\u0146oja, ka bloks strauji virz\u0101s uz turpm\u0101ku sankciju izstr\u0101di pret Ir\u0101nu. Ierosin\u0101t\u0101s sankcijas ietvertu akt\u012bvu iesald\u0113\u0161anu person\u0101m, kas iesaist\u012btas nesenaj\u0101 apspie\u0161an\u0101.<\/p>\n<p>KONTEKSTS:<\/p>\n<p>Ir\u0101na ar vair\u0101k nek\u0101 90 miljoniem iedz\u012bvot\u0101ju ir viena no liel\u0101kaj\u0101m un ietekm\u012bg\u0101kaj\u0101m valst\u012bm Tuvo Austrumu re\u0123ion\u0101. Gadsimtiem ilgi t\u0101 bijusi paz\u012bstama k\u0101 Persija. 1979. gad\u0101 isl\u0101ma fundament\u0101listi\u00a0<a href=\"https:\/\/lr1.lsm.lv\/lv\/raksts\/siis-dienas-aciim\/revolucija-irana-1979.gada-rodas-jauna-valsts-islama-republika.a119668\/\" target=\"_blank\" rel=\"nofollow noopener\">sar\u012bkoja revol\u016bciju<\/a>, kuras rezult\u0101t\u0101 tika g\u0101zta monarhija un izveidota Ir\u0101nas Isl\u0101ma Republika. Ir\u0101n\u0101 pie varas nostiprin\u0101j\u0101s teokr\u0101tisks re\u017e\u012bms, kur\u0101 galven\u0101 loma ir isl\u0101ma gar\u012bdzniekiem. \u0160is re\u017e\u012bms ir apspiedis opoz\u012bciju, ierobe\u017eojis sievie\u0161u ties\u012bbas un vaj\u0101jis da\u017e\u0101das minorit\u0101tes.\u00a0<\/p>\n<p>Ir\u0101nai ir vienas no liel\u0101kaj\u0101m naftas un g\u0101zes rezerv\u0113m pasaul\u0113, bet aizdomas rosin\u0101ju\u0161i t\u0101s centieni att\u012bst\u012bt\u00a0<a data-id=\"603474\" data-type=\"article\" href=\"https:\/\/www.lsm.lv\/raksts\/zinas\/arzemes\/17.06.2025-lsm-skaidro-kas-ir-iranas-kodolprogramma-un-kapec-izraela-nevelas-pielaut-tas-attistibu.a603474\/\" class=\"lsm-link\" rel=\"nofollow noopener\" target=\"_blank\">atomener\u0123ijas programmu<\/a>. Izra\u0113la un citi Ir\u0101nas pretinieki uzskata, ka Teher\u0101nas re\u017e\u012bma patiesais m\u0113r\u0137is ir ieg\u016bt kodoliero\u010dus.\u00a0<\/p>\n<p>Izra\u0113la un ASV ap\u0146\u0113mu\u0161\u0101s nepie\u013caut \u0161\u0101da scen\u0101rija \u012bsteno\u0161anu, t\u0101d\u0113\u013c 2025. gada j\u016bnij\u0101\u00a0<a data-id=\"604216\" data-type=\"article\" href=\"https:\/\/www.lsm.lv\/raksts\/zinas\/arzemes\/22.06.2025-asv-iesaistas-kara-pret-iranu-uzbruk-vairakiem-kodolprogrammas-objektiem.a604216\/\" class=\"lsm-link\" rel=\"nofollow noopener\" target=\"_blank\">veica triecienus<\/a>\u00a0pret Ir\u0101nas kodolprogrammas objektiem.\u00a0Izra\u0113la uzskata Ir\u0101nu par savu galveno ienaidnieci, jo Teher\u0101nas re\u017e\u012bms\u00a0<a data-id=\"541940\" data-type=\"article\" href=\"https:\/\/www.lsm.lv\/raksts\/zinas\/arzemes\/07.02.2024-izraelas-armija-publisko-pieradijumus-par-tiesu-iranas-finansejumu-hamas.a541940\/\" class=\"lsm-link\" rel=\"nofollow noopener\" target=\"_blank\">finans\u0113<\/a>\u00a0t\u0101das teroristu organiz\u0101cijas k\u0101 &#8220;Hizbull\u0101h&#8221; un &#8220;Ham\u0101s&#8221;.\u00a0<\/p>\n<p>Ir\u0101nu vair\u0101kk\u0101rt ir satricin\u0101ju\u0161i sabiedr\u012bbas protesti, it sevi\u0161\u0137i p\u0113c jaunietes\u00a0<a data-id=\"477040\" data-type=\"article\" href=\"https:\/\/www.lsm.lv\/raksts\/zinas\/arzemes\/protesti-pec-22-gadus-vecas-amini-naves-cik-tie-ir-nozimigi-un-vai-iespejams-iranas-maidans.a477040\/\" class=\"lsm-link\" rel=\"nofollow noopener\" target=\"_blank\">Mahsas Amini n\u0101ves 2022. gad\u0101<\/a>, bet valdo\u0161ais re\u017e\u012bms ir sp\u0113jis notur\u0113ties pie varas.\u00a0<\/p>\n<p>2025. gada nogal\u0113 un 2026. gada s\u0101kum\u0101 protesti\u00a0<a data-id=\"629073\" data-type=\"article\" href=\"https:\/\/www.lsm.lv\/raksts\/zinas\/arzemes\/08.01.2026-iedzivotaju-protesti-un-trampa-draudi-iebrukt-vai-iranas-rezims-notures-varas-grozus.a629073\/\" class=\"lsm-link\" rel=\"nofollow noopener\" target=\"_blank\">ats\u0101ku\u0161ies ar jaunu sparu<\/a>; \u0161oreiz iedz\u012bvot\u0101jus visvair\u0101k satrauc augst\u0101 infl\u0101cija un ekonomikas kr\u012bze. Valdo\u0161\u0101 re\u017e\u012bma pretinieki aicina g\u0101zt \u0101jatollu H\u0101menej\u012b\u00a0un\u00a0<a data-id=\"629228\" data-type=\"article\" href=\"https:\/\/www.lsm.lv\/raksts\/zinas\/arzemes\/09.01.2026-tukstosiem-protestetaju-irana-aicina-gazt-valdoso-rezimu-un-nodot-varu-pedeja-saha-delam-pahlavi.a629228\/\" class=\"lsm-link\" rel=\"nofollow noopener\" target=\"_blank\">nodot varu<\/a>\u00a0p\u0113d\u0113j\u0101 Ir\u0101nas monarha d\u0113lam Rezam Pehlavi.<\/p>\n<p>                    Valodas k\u013c\u016bda rakst\u0101?<\/p>\n<p class=\"d-none d-md-block\">Iez\u012bm\u0113jiet tekstu un spiediet Ctrl+Enter, lai nos\u016bt\u012btu labojamo teksta fragmentu redaktoram! Par faktu k\u013c\u016bd\u0101m l\u016bdzam zi\u0146ot e-past\u0101 <a href=\"https:\/\/www.lsm.lv\/cdn-cgi\/l\/email-protection\" class=\"__cf_email__\" data-cfemail=\"295b4c4d48424a40434869455a4407455f\" rel=\"nofollow noopener\" target=\"_blank\">[email\u00a0protected]<\/a>.<\/p>\n<p class=\"d-md-none\">Iez\u012bm\u0113jiet tekstu un spiediet uz Zi\u0146ot par k\u013c\u016bdu pogas, lai nos\u016bt\u012btu labojamo teksta fragmentu redaktoram!<\/p>\n<p>\n                    Zi\u0146ot par k\u013c\u016bdu\n                <\/p>\n","protected":false},"excerpt":{"rendered":"Ir\u0101nas tiesu varas vad\u012bt\u0101js Gulamhuseins Moseni-Ejei tre\u0161dien pazi\u0146oja, ka vis\u0101 valst\u012b notieko\u0161o protestu apcietin\u0101tos\u00a0dal\u012bbniekus sagaida \u0101tras tiesas pr\u0101vas&hellip;\n","protected":false},"author":2,"featured_media":100910,"comment_status":"","ping_status":"","sticky":false,"template":"","format":"standard","meta":{"footnotes":""},"categories":[14],"tags":[23,57,28,29,32,33,22,30,31,35,39,38,36,37,34,40,20,26,27,24,25,54,55,56,21,58],"class_list":{"0":"post-104140","1":"post","2":"type-post","3":"status-publish","4":"format-standard","5":"has-post-thumbnail","7":"category-zinas-no-arvalstim","8":"tag-aktualitates","9":"tag-arvalstim","10":"tag-breaking-news","11":"tag-breakingnews","12":"tag-featured-news","13":"tag-featurednews","14":"tag-headlines","15":"tag-latest-news","16":"tag-latestnews","17":"tag-latvia","18":"tag-latvian","19":"tag-latviesu","20":"tag-latviesu-valoda","21":"tag-latviesuvaloda","22":"tag-latvija","23":"tag-lv","24":"tag-news","25":"tag-popularakas-zinas","26":"tag-popularakaszinas","27":"tag-top-stories","28":"tag-topstories","29":"tag-world","30":"tag-world-news","31":"tag-worldnews","32":"tag-zinas","33":"tag-zinas-no-arvalstim"},"share_on_mastodon":{"url":"https:\/\/pubeurope.com\/@lv\/115892929405486094","error":""},"_links":{"self":[{"href":"https:\/\/www.europesays.com\/lv\/wp-json\/wp\/v2\/posts\/104140","targetHints":{"allow":["GET"]}}],"collection":[{"href":"https:\/\/www.europesays.com\/lv\/wp-json\/wp\/v2\/posts"}],"about":[{"href":"https:\/\/www.europesays.com\/lv\/wp-json\/wp\/v2\/types\/post"}],"author":[{"embeddable":true,"href":"https:\/\/www.europesays.com\/lv\/wp-json\/wp\/v2\/users\/2"}],"replies":[{"embeddable":true,"href":"https:\/\/www.europesays.com\/lv\/wp-json\/wp\/v2\/comments?post=104140"}],"version-history":[{"count":0,"href":"https:\/\/www.europesays.com\/lv\/wp-json\/wp\/v2\/posts\/104140\/revisions"}],"wp:featuredmedia":[{"embeddable":true,"href":"https:\/\/www.europesays.com\/lv\/wp-json\/wp\/v2\/media\/100910"}],"wp:attachment":[{"href":"https:\/\/www.europesays.com\/lv\/wp-json\/wp\/v2\/media?parent=104140"}],"wp:term":[{"taxonomy":"category","embeddable":true,"href":"https:\/\/www.europesays.com\/lv\/wp-json\/wp\/v2\/categories?post=104140"},{"taxonomy":"post_tag","embeddable":true,"href":"https:\/\/www.europesays.com\/lv\/wp-json\/wp\/v2\/tags?post=104140"}],"curies":[{"name":"wp","href":"https:\/\/api.w.org\/{rel}","templated":true}]}}