{"id":104141,"date":"2026-01-14T10:15:08","date_gmt":"2026-01-14T10:15:08","guid":{"rendered":"https:\/\/www.europesays.com\/lv\/104141\/"},"modified":"2026-01-14T10:15:08","modified_gmt":"2026-01-14T10:15:08","slug":"likvideta-sia-daugavpils-regionala-slimnica-padome","status":"publish","type":"post","link":"https:\/\/www.europesays.com\/lv\/104141\/","title":{"rendered":"Likvid\u0113ta SIA \u201cDaugavpils re\u0123ion\u0101l\u0101 slimn\u012bca\u201d padome"},"content":{"rendered":"<p>Otrdien, 13. janv\u0101r\u012b, p\u0113c Daugavpils valstspils\u0113tas pa\u0161vald\u012bbas ierosin\u0101juma vald\u012bba izskat\u012bja informat\u012bvo zi\u0146ojumu \u201cPar sabiedr\u012bbas ar ierobe\u017eotu atbild\u012bbu \u201cDaugavpils re\u0123ion\u0101l\u0101 slimn\u012bca\u201d padomi\u201d un atbalst\u012bja SIA \u201cDaugavpils re\u0123ion\u0101l\u0101 slimn\u012bca\u201d padomes likvid\u0113\u0161anu. Pl\u0101nots, ka padomes likvid\u0113\u0161ana tiks \u012bstenota l\u012bdz 2026. gada 30. j\u016bnijam. \u0160is l\u0113mums neietekm\u0113 iest\u0101des ikdienas darbu un funkciju nodro\u0161in\u0101\u0161anu. <\/p>\n<p>Pag\u0101ju\u0161\u0101 gada nogal\u0113 padomes likvid\u0113tas uz\u0146\u0113mum\u0101 SIA \u201cDaugavpils siltumt\u012bkli\u201d un SIA \u201cDaugavpils satiksme\u201d, ietaupot desmitiem t\u016bksto\u0161us eiro gad\u0101, kas iepriek\u0161 tika novirz\u012bti padomju locek\u013cu atl\u012bdz\u012bb\u0101m. \u0160is l\u0113mums ir v\u0113l viens solis pa\u0161vald\u012bbas m\u0113r\u0137tiec\u012bgaj\u0101 politik\u0101 \u2013 samazin\u0101t birokr\u0101tiju, mazin\u0101t administrat\u012bv\u0101s izmaksas un koncentr\u0113t resursus uz pakalpojuma kvalit\u0101tes uzlabo\u0161anu iedz\u012bvot\u0101jiem.<\/p>\n<p>Saist\u012bb\u0101 ar SIA \u201cDaugavpils re\u0123ion\u0101l\u0101 slimn\u012bca\u201d padomes likvid\u0113\u0161anu\u00a0 Vesel\u012bbas ministrija skaidro, ka, izv\u0113rt\u0113jot slimn\u012bcas darb\u012bbas specifiku, nekomerci\u0101lo raksturu un kapit\u0101la da\u013cu tur\u0113t\u0101ju strukt\u016bru, secin\u0101ts, ka padomes funkcijas var tikt nodro\u0161in\u0101tas efekt\u012bvi ar\u012b bez padomes past\u0101v\u0113\u0161anas. Kole\u0123i\u0101la p\u0101rraudz\u012bba visu \u010detru kapit\u0101la da\u013cu tur\u0113t\u0101ju l\u012bmen\u012b nodro\u0161in\u0101s nepiecie\u0161amo kompeten\u010du, pieredzes un institucion\u0101l\u0101s kapacit\u0101tes kopumu. Padomes likvid\u0113\u0161ana atbr\u012bvos ar\u012b finan\u0161u l\u012bdzek\u013cus, kas \u013caus stiprin\u0101t SIA \u201cDaugavpils re\u0123ion\u0101l\u0101 slimn\u012bca\u201d ikdienas vad\u012bbas kapacit\u0101ti, palielinot valdes locek\u013cu skaitu l\u012bdz trim.\u00a0At\u0161\u0137ir\u012bb\u0101 no padomes, kuras funkcijas tika \u012bstenotas strat\u0113\u0123isk\u0101s p\u0101rraudz\u012bbas ietvaros, valde nodro\u0161in\u0101s nep\u0101rtrauktu atbild\u012bbu par slimn\u012bcas operacion\u0101lo darb\u012bbu.\u00a0<\/p>\n<p>Jau iepriek\u0161 zi\u0146ots, ka 2024. gada nogal\u0113 valsts k\u013cuva par 80,5% slimn\u012bcas kapit\u0101lda\u013cu tur\u0113t\u0101ju un ieguld\u012bja 4,6 miljonus eiro slimn\u012bcas finan\u0161u situ\u0101cijas stabiliz\u0113\u0161anai.<\/p>\n<p>P\u0113c 2025. gada finan\u0161u p\u0101rskata izv\u0113rt\u0113\u0161anas tiks skat\u012bts l\u0113mums ar\u012b par SIA \u201cDaugavpils \u016bdens\u201d padomes likvid\u0113\u0161anu.<\/p>\n<p>          <img decoding=\"async\" src=\"https:\/\/www.europesays.com\/lv\/wp-content\/uploads\/2026\/01\/1767645852_487_logo-lv.png\" alt=\"\"\/><\/p>\n<p>                  \u0160\u012b inform\u0101cija ir publisks pazi\u0146ojums un neatspogu\u013co LV port\u0101la viedokli. Par t\u0101s saturu atbild ies\u016bt\u012bt\u0101js. <a data-popup=\"rules\">Public\u0113\u0161anas noteikumi<\/a><\/p>\n","protected":false},"excerpt":{"rendered":"Otrdien, 13. janv\u0101r\u012b, p\u0113c Daugavpils valstspils\u0113tas pa\u0161vald\u012bbas ierosin\u0101juma vald\u012bba izskat\u012bja informat\u012bvo zi\u0146ojumu \u201cPar sabiedr\u012bbas ar ierobe\u017eotu atbild\u012bbu \u201cDaugavpils&hellip;\n","protected":false},"author":2,"featured_media":104142,"comment_status":"","ping_status":"","sticky":false,"template":"","format":"standard","meta":{"footnotes":""},"categories":[12],"tags":[23,28,29,32,33,22,30,31,35,39,38,36,37,34,40,20,26,27,24,25,21],"class_list":{"0":"post-104141","1":"post","2":"type-post","3":"status-publish","4":"format-standard","5":"has-post-thumbnail","7":"category-latvija","8":"tag-aktualitates","9":"tag-breaking-news","10":"tag-breakingnews","11":"tag-featured-news","12":"tag-featurednews","13":"tag-headlines","14":"tag-latest-news","15":"tag-latestnews","16":"tag-latvia","17":"tag-latvian","18":"tag-latviesu","19":"tag-latviesu-valoda","20":"tag-latviesuvaloda","21":"tag-latvija","22":"tag-lv","23":"tag-news","24":"tag-popularakas-zinas","25":"tag-popularakaszinas","26":"tag-top-stories","27":"tag-topstories","28":"tag-zinas"},"share_on_mastodon":{"url":"https:\/\/pubeurope.com\/@lv\/115892933395684773","error":""},"_links":{"self":[{"href":"https:\/\/www.europesays.com\/lv\/wp-json\/wp\/v2\/posts\/104141","targetHints":{"allow":["GET"]}}],"collection":[{"href":"https:\/\/www.europesays.com\/lv\/wp-json\/wp\/v2\/posts"}],"about":[{"href":"https:\/\/www.europesays.com\/lv\/wp-json\/wp\/v2\/types\/post"}],"author":[{"embeddable":true,"href":"https:\/\/www.europesays.com\/lv\/wp-json\/wp\/v2\/users\/2"}],"replies":[{"embeddable":true,"href":"https:\/\/www.europesays.com\/lv\/wp-json\/wp\/v2\/comments?post=104141"}],"version-history":[{"count":0,"href":"https:\/\/www.europesays.com\/lv\/wp-json\/wp\/v2\/posts\/104141\/revisions"}],"wp:featuredmedia":[{"embeddable":true,"href":"https:\/\/www.europesays.com\/lv\/wp-json\/wp\/v2\/media\/104142"}],"wp:attachment":[{"href":"https:\/\/www.europesays.com\/lv\/wp-json\/wp\/v2\/media?parent=104141"}],"wp:term":[{"taxonomy":"category","embeddable":true,"href":"https:\/\/www.europesays.com\/lv\/wp-json\/wp\/v2\/categories?post=104141"},{"taxonomy":"post_tag","embeddable":true,"href":"https:\/\/www.europesays.com\/lv\/wp-json\/wp\/v2\/tags?post=104141"}],"curies":[{"name":"wp","href":"https:\/\/api.w.org\/{rel}","templated":true}]}}