{"id":104157,"date":"2026-01-14T10:24:08","date_gmt":"2026-01-14T10:24:08","guid":{"rendered":"https:\/\/www.europesays.com\/lv\/104157\/"},"modified":"2026-01-14T10:24:08","modified_gmt":"2026-01-14T10:24:08","slug":"sporta-izcilibas-italija-asi-kritize-milanas-kortinas-olimpiskas-uguns-lapnesu-izraudzisanos-raksts","status":"publish","type":"post","link":"https:\/\/www.europesays.com\/lv\/104157\/","title":{"rendered":"Sporta izcil\u012bbas It\u0101lij\u0101 asi kritiz\u0113 Mil\u0101nas\u2013Kort\u012bnas olimpisk\u0101s uguns l\u0101pne\u0161u izraudz\u012b\u0161anos \/ Raksts"},"content":{"rendered":"<p>Vair\u0101ki It\u0101lijas olimpiskie meda\u013cnieki asi nosod\u012bja\u00a0r\u012bkot\u0101ju praksi\u00a0Mil\u0101nas\u2013Kort\u012bnas olimpisko\u00a0sp\u0113\u013cu uguns stafet\u0113 pieaicin\u0101t\u00a0da\u017e\u0101d\u0101s jom\u0101s popul\u0101ras personas, bet aizmirstot l\u0101pne\u0161u godu pied\u0101v\u0101t izciliem pa\u0161m\u0101ju ziemas sportistiem. Kritikai pievienoj\u0101s ar\u012b vair\u0101ki It\u0101lijas politi\u0137i.\u00a0<\/p>\n<p>Piecas olimpisk\u0101s meda\u013cas izc\u012bn\u012bju\u0161ais distan\u010du sl\u0113pot\u0101js Silvio Fauners nop\u0113la organizatoru izv\u0113li par labu telev\u012bzijas person\u012bbai Gabrielai Sbatellai un uzsv\u0113ra, ka run\u0101 ne tikai sav\u0101 v\u0101rd\u0101, bet p\u0101rst\u0101vot ar\u012b 2006. gada Tur\u012bnas ziemas olimpisko sp\u0113\u013cu \u010dempionus D\u017eord\u017eio di \u010centu, Kristianu Dzordzi un Pjetro Pilleru Kotreru.\u00a0<\/p>\n<p>&#8220;Es uzskatu to par milzu apvainojumu,&#8221; izdevumam &#8220;Gazzetta dello Sport&#8221; teica 1994. gada Lilehammeres ziemas olimpisko sp\u0113\u013cu \u010dempions\u00a0Fauners. &#8220;M\u0113s visi esam dusm\u012bgi. M\u0113s neesam iesaist\u012bti nevien\u0101 [Mil\u0101nas\u2013Kort\u012bnas] ziemas olimpisko sp\u0113\u013cu iniciat\u012bv\u0101 ne k\u0101 l\u0101pne\u0161i, ne\u00a0 s\u016bt\u0146i vai k\u0101 sav\u0101d\u0101k. Vi\u0146i [r\u012bkot\u0101ji] izv\u0113l\u0113j\u0101s cilv\u0113kus no izklaides pasaules un dzied\u0101t\u0101jus, kas neiemieso olimpisko sportu.&#8221;\u00a0<\/p>\n<p>Savuk\u0101rt\u00a0Mil\u0101nas\u2013Kort\u012bnas sp\u0113\u013cu r\u012bkot\u0101ji v\u0113l\u0101k kl\u0101st\u012bja, ka olimpisk\u0101s uguns stafet\u0113 iesaist\u012bja daudzus sportistus, bet Fauners ir vi\u0146a dzimt\u0101s pils\u0113tas Sapadas padomes loceklis, un politisko funkciju d\u0113\u013c nevar tikt piesaist\u012bts k\u0101 l\u0101pnesis.\u00a0<\/p>\n<p class=\"note__heading\">Nepalaid gar\u0101m svar\u012bgo sport\u0101!<\/p>\n<p>                <img decoding=\"async\" src=\"https:\/\/www.europesays.com\/lv\/wp-content\/uploads\/2025\/10\/1761676629_620_6807733971a3b.png\" alt=\"Nepalaid gar\u0101m svar\u012bgo sport\u0101!\"\/><\/p>\n<p><a href=\"https:\/\/www.lsm.lv\/wa-sports\" rel=\"nofollow noopener\" target=\"_blank\">Spied \u0161eit<\/a> vai sken\u0113 kvadr\u0101tkodu un pievienojies LSM Sporta &#8220;WhatsApp&#8221; kan\u0101lam.<\/p>\n<p>Un neaizmirsti iesl\u0113gt pazi\u0146ojumus (\ud83d\udd14zvani\u0146a poga)! Svar\u012bg\u0101k\u0101s sporta aktualit\u0101tes, tie\u0161raides un anal\u012bze vienuviet.<\/p>\n<p>Tikm\u0113r It\u0101lijas sporta ministrs\u00a0Andrea Abodi aicin\u0101ja olimpisko sp\u0113\u013cu r\u012bc\u012bbas komiteju un It\u0101lijas Olimpisko komiteju paskaidrot l\u0101pne\u0161u izv\u0113les krit\u0113rijus.\u00a0\u00a0<\/p>\n<p>&#8220;B\u016bt\u012bb\u0101 ir pa\u0161saprotami, ka v\u0113sturi rakst\u012bju\u0161\u0101s sporta le\u0123endas b\u016btu j\u0101v\u0113rt\u0113 \u013coti augstu. Es ar\u012b biju mazliet p\u0101rsteigts,&#8221; atzina Abodi.\u00a0<\/p>\n<p>Jau iepriek\u0161 Mil\u0101nas\u2013Kort\u012bnas ziemas olimpisko sp\u0113\u013cu l\u0101pne\u0161u izv\u0113l\u0113\u0161an\u0101s principus nosod\u012bja It\u0101lijas kalnu sl\u0113po\u0161anas izcil\u012bba Kristians Gedina.\u00a0\u00a0<\/p>\n<p>Olimpisk\u0101s uguns stafetes 10 001 dal\u012bbnieks It\u0101lij\u0101 divos m\u0113ne\u0161os veiks 12 000 kilometru\u00a0l\u012bdz fini\u0161am 6.\u00a0febru\u0101r\u012b Mil\u0101n\u0101 &#8220;San Siro&#8221; stadion\u0101 sp\u0113\u013cu atkl\u0101\u0161an\u0101.<\/p>\n<p>KONTEKSTS:<\/p>\n<p>Ziemas olimpisk\u0101s sp\u0113les It\u0101lij\u0101 notiks\u00a0jau tre\u0161o reizi un pirmoreiz Rietumeirop\u0101 kop\u0161 2006. gada, kad r\u012bkot\u0101ju god\u0101 bija Tur\u012bna. Sp\u0113les pla\u0161\u0101 teritorij\u0101 Zieme\u013cit\u0101lij\u0101 risin\u0101sies no 6. l\u012bdz 22. febru\u0101rim\u00a0se\u0161os puduros \u2013 Mil\u0101n\u0101, Anterselv\u0101, Kort\u012bn\u0101, Bormio, Livinjo un Predaco\u2013Tesero.\u00a0<\/p>\n<p>                    Valodas k\u013c\u016bda rakst\u0101?<\/p>\n<p class=\"d-none d-md-block\">Iez\u012bm\u0113jiet tekstu un spiediet Ctrl+Enter, lai nos\u016bt\u012btu labojamo teksta fragmentu redaktoram! Par faktu k\u013c\u016bd\u0101m l\u016bdzam zi\u0146ot e-past\u0101 <a href=\"https:\/\/www.lsm.lv\/cdn-cgi\/l\/email-protection\" class=\"__cf_email__\" data-cfemail=\"1b697e7f7a707872717a5b77687635776d\" rel=\"nofollow noopener\" target=\"_blank\">[email\u00a0protected]<\/a>.<\/p>\n<p class=\"d-md-none\">Iez\u012bm\u0113jiet tekstu un spiediet uz Zi\u0146ot par k\u013c\u016bdu pogas, lai nos\u016bt\u012btu labojamo teksta fragmentu redaktoram!<\/p>\n<p>\n                    Zi\u0146ot par k\u013c\u016bdu\n                <\/p>\n","protected":false},"excerpt":{"rendered":"Vair\u0101ki It\u0101lijas olimpiskie meda\u013cnieki asi nosod\u012bja\u00a0r\u012bkot\u0101ju praksi\u00a0Mil\u0101nas\u2013Kort\u012bnas olimpisko\u00a0sp\u0113\u013cu uguns stafet\u0113 pieaicin\u0101t\u00a0da\u017e\u0101d\u0101s jom\u0101s popul\u0101ras personas, bet aizmirstot l\u0101pne\u0161u godu&hellip;\n","protected":false},"author":2,"featured_media":104158,"comment_status":"","ping_status":"","sticky":false,"template":"","format":"standard","meta":{"footnotes":""},"categories":[17],"tags":[35,39,38,36,37,34,40,67],"class_list":{"0":"post-104157","1":"post","2":"type-post","3":"status-publish","4":"format-standard","5":"has-post-thumbnail","7":"category-sports","8":"tag-latvia","9":"tag-latvian","10":"tag-latviesu","11":"tag-latviesu-valoda","12":"tag-latviesuvaloda","13":"tag-latvija","14":"tag-lv","15":"tag-sports"},"share_on_mastodon":{"url":"https:\/\/pubeurope.com\/@lv\/115892968679257175","error":""},"_links":{"self":[{"href":"https:\/\/www.europesays.com\/lv\/wp-json\/wp\/v2\/posts\/104157","targetHints":{"allow":["GET"]}}],"collection":[{"href":"https:\/\/www.europesays.com\/lv\/wp-json\/wp\/v2\/posts"}],"about":[{"href":"https:\/\/www.europesays.com\/lv\/wp-json\/wp\/v2\/types\/post"}],"author":[{"embeddable":true,"href":"https:\/\/www.europesays.com\/lv\/wp-json\/wp\/v2\/users\/2"}],"replies":[{"embeddable":true,"href":"https:\/\/www.europesays.com\/lv\/wp-json\/wp\/v2\/comments?post=104157"}],"version-history":[{"count":0,"href":"https:\/\/www.europesays.com\/lv\/wp-json\/wp\/v2\/posts\/104157\/revisions"}],"wp:featuredmedia":[{"embeddable":true,"href":"https:\/\/www.europesays.com\/lv\/wp-json\/wp\/v2\/media\/104158"}],"wp:attachment":[{"href":"https:\/\/www.europesays.com\/lv\/wp-json\/wp\/v2\/media?parent=104157"}],"wp:term":[{"taxonomy":"category","embeddable":true,"href":"https:\/\/www.europesays.com\/lv\/wp-json\/wp\/v2\/categories?post=104157"},{"taxonomy":"post_tag","embeddable":true,"href":"https:\/\/www.europesays.com\/lv\/wp-json\/wp\/v2\/tags?post=104157"}],"curies":[{"name":"wp","href":"https:\/\/api.w.org\/{rel}","templated":true}]}}