{"id":104163,"date":"2026-01-14T10:28:06","date_gmt":"2026-01-14T10:28:06","guid":{"rendered":"https:\/\/www.europesays.com\/lv\/104163\/"},"modified":"2026-01-14T10:28:06","modified_gmt":"2026-01-14T10:28:06","slug":"grutakais-tagad-ir-tikai-prieksa-raksts","status":"publish","type":"post","link":"https:\/\/www.europesays.com\/lv\/104163\/","title":{"rendered":"Gr\u016bt\u0101kais tagad ir tikai priek\u0161\u0101 \/ Raksts"},"content":{"rendered":"<p>D\u0101nijas \u0101rlietu ministrs Larss Loke Rasmusens un Grenlandes \u0101rlietu ministre Viviana Mocfelta \u0161odien Va\u0161ington\u0101 tiksies ar Amerikas Savienoto Valstu (ASV) viceprezidentu D\u017eeimsu Deividu Vensu un valsts sekret\u0101ru Marko Rubio, lai run\u0101tu par ASV prezidenta Donalda Trampa pl\u0101niem ieg\u016bt sav\u0101 \u012bpa\u0161um\u0101 Grenlandi.<\/p>\n<p>D\u0101nijas un Grenlandes \u0101rlietu ministri apmekl\u0113s ASV, lai run\u0101tu par Grenlandes n\u0101kotni<\/p>\n<p>T\u0101 b\u016bs pirm\u0101 \u0161\u0101da form\u0101ta tik\u0161an\u0101s.\u00a0Tik\u0161an\u0101s notiks p\u0113c D\u0101nijas un Grenlandes l\u016bguma. Rasmusens sac\u012bja, ka Kopenh\u0101gena un N\u016bka v\u0113las, lai diskusija par Grenlandes n\u0101kotni notiktu kl\u0101tien\u0113, nevis ar mediju starpniec\u012bbu.\u00a0<\/p>\n<p>Nojaust to, cik gr\u016bta var\u0113tu b\u016bt \u0161\u012bs dienas tik\u0161an\u0101s Baltaj\u0101 nam\u0101, var p\u0113c amatpersonu p\u0113d\u0113jiem izteikumiem.<\/p>\n<blockquote>\n<p>D\u0101nijas premjere Mete Frederiksena atz\u012bst, ka ba\u017eas nav saist\u012btas tikai un vien\u012bgi ar D\u0101niju un Grenlandi.<\/p>\n<\/blockquote>\n<p>Runa esot par to, lai nodro\u0161in\u0101tu, ka robe\u017eas nevar main\u012bt ar varu, ka nevar nopirkt citu tautu, un par to, lai maz\u0101m valst\u012bm neb\u016btu j\u0101baid\u0101s no liel\u0101m valst\u012bm:<\/p>\n<p>&#8220;Nav bijis viegli pretoties piln\u012bgi nepie\u0146emamajam spiedienam no m\u016bsu tuv\u0101kajiem sabiedrotajiem, kas t\u0101di ir jau veselu paaudzi, ta\u010du vienlaikus daudz kas liecina, ka gr\u016bt\u0101kais tagad ir tikai priek\u0161\u0101.&#8221;<\/p>\n<p>Blakus D\u0101nijas vald\u012bbas vad\u012bt\u0101jai st\u0101v\u0113ja ar\u012b Grenlandes premjers Jenss Frederiks N\u012blsens, \u012bsi un konkr\u0113ti nor\u0101dot to, k\u0101da ir grenlandie\u0161u nost\u0101ja:\u00a0<\/p>\n<p>&#8220;\u0160obr\u012bd m\u0113s saskaramies ar \u0123eopolitisku kr\u012bzi, un, ja mums \u0161eit un tagad j\u0101izv\u0113las starp ASV un D\u0101niju, m\u0113s izv\u0113lamies D\u0101niju. M\u0113s izv\u0113lamies NATO, m\u0113s izv\u0113lamies D\u0101nijas Karalisti. M\u0113s izv\u0113lamies Eiropas Savien\u012bbu.&#8221;<\/p>\n<p>Tikm\u0113r uz ASV prezidentu Donaldu Trampu D\u0101nijas un Grenlandes amatpersonu izteikumi \u0161\u0137ietami nek\u0101du ietekmi neatst\u0101j. T\u0101 var spriest p\u0113c amatpersonas reakcijas uz N\u012blsena teikto, ka grenlandie\u0161i v\u0113las palikt kop\u0101 ar D\u0101niju:<\/p>\n<p>&#8220;T\u0101 ir vi\u0146u probl\u0113ma.\u00a0Es nepiekr\u012btu vi\u0146am. Es nezinu, kas vi\u0146\u0161 ir. Es neko par vi\u0146u nezinu. Bet t\u0101 vi\u0146am b\u016bs liela probl\u0113ma.&#8221;<\/p>\n<blockquote>\n<p>ASV prezidents iepriek\u0161 ar\u012b uzst\u0101jis, ka pan\u0101ks savu m\u0113r\u0137i, neizsl\u0113dzot ar\u012b iesp\u0113ju lietot milit\u0101ru sp\u0113ku.\u00a0<\/p>\n<\/blockquote>\n<p>Ne tikai Eirop\u0101, bet ar\u012b Savienotaj\u0101s valst\u012bs netr\u016bkst to, kas uzskata, ka Trampa draudi nav pie\u0146emami. Tamd\u0113\u013c ASV Kongresa deleg\u0101cija, kur\u0101 ietilpst gan republik\u0101\u0146u, gan demokr\u0101tu locek\u013ci, \u0161oned\u0113\u013c dosies uz Kopenh\u0101genu, cen\u0161oties par\u0101d\u012bt atbalstu D\u0101nijai un nor\u0101d\u012bt, ka vienot\u012bba starp ASV un D\u0101niju joproj\u0101m past\u0101v.\u00a0Vi\u0146upr\u0101t, Trampa draudi sagr\u0101bt Grenlandi v\u0101jina NATO.<\/p>\n<p>Kontakti starp amerik\u0101\u0146iem un eiropie\u0161iem Grenlandes jaut\u0101jum\u0101 ir k\u013cuvu\u0161i intens\u012bv\u0101ki, un v\u0113l pirms \u0161\u012bs dienas sarun\u0101m ar\u012b<\/p>\n<blockquote>\n<p>V\u0101cijas kanclera Fr\u012bdriha Merca kabineta locek\u013ci pabija Va\u0161ington\u0101. M\u0113r\u0137is bija noskaidrot, k\u0101di ir patiesie mot\u012bvi Trampa draudiem p\u0101r\u0146emt Grenlandi un ko v\u0101rds &#8220;p\u0101r\u0146emt\u2019 visp\u0101r noz\u012bm\u0113.<\/p>\n<\/blockquote>\n<p>Ta\u010du, k\u0101 v\u0113sta a\u0123ent\u016bra &#8220;Bloomberg&#8221;, vi\u0146i devu\u0161ies m\u0101j\u0101s tuk\u0161\u0101m rok\u0101m un satraukti. Tik\u0161an\u0101s starp abu pu\u0161u \u0101rlietu ministriem ilgusi 90 min\u016btes, un to laik\u0101 Rubio centies p\u0101rliecin\u0101t, ka ASV negras\u0101s uzbrukt Grenlandei.<\/p>\n<p>Skaidr\u012bbas par amerik\u0101\u0146u pl\u0101niem t\u0101 ar\u012b gan nav, un iesp\u0113jams t\u0101du nes\u012bs \u0161\u012bs dienas tik\u0161an\u0101s. Tikm\u0113r neatkar\u012bgi no \u0161\u012bm sarun\u0101m, turpin\u0101s darbs pie eiropie\u0161u pl\u0101niem stiprin\u0101t milit\u0101ro kl\u0101tb\u016btni sal\u0101, lai potenci\u0101li mazin\u0101tu Trampa satraukumu, ka Grenlande nav pietiekami aizsarg\u0101ta.<\/p>\n<p>Sarunas par k\u0101du NATO valsts vai valstu grupa sp\u0113ku izvieto\u0161anu Grenland\u0113 v\u0113l ir s\u0101kuma stadij\u0101, ta\u010du jau ir viens konkr\u0113ts ierosin\u0101jums. Un tas ir izveidot pie salas NATO j\u016bras sp\u0113kus jeb NATO &#8220;Arktikas sardzi&#8221;, kas b\u016btu kas l\u012bdz\u012bgs misijai &#8220;Baltijas sardze&#8221;, ko alianse izveidoja Baltijas j\u016br\u0101 p\u0113c Krievijas pilna m\u0113roga iebrukuma Ukrain\u0101.<\/p>\n<p>KONTEKSTS:<\/p>\n<p>Grenlande p\u0113c plat\u012bbas ir liel\u0101k\u0101 sala pasaul\u0113, bet uz t\u0101s ir tikai aptuveni\u00a056 000 iedz\u012bvot\u0101ju. T\u0101 pieder D\u0101nijai, bet salai ir pla\u0161as autonomijas ties\u012bbas.<\/p>\n<p>Grenlandes galvaspils\u0113ta N\u016bka \u0123eogr\u0101fiski ir tuv\u0101k \u0145ujorkai nek\u0101 Kopenh\u0101genai, un ASV vald\u012bba jau vair\u0101kk\u0101rt izr\u0101d\u012bjusi interesi par Grenlandes ieg\u0101d\u0101\u0161anos. Grenland\u0113 ir izvietota ASV milit\u0101r\u0101 b\u0101ze.<\/p>\n<p>ASV dr\u012bz p\u0113c Otr\u0101 pasaules kara pied\u0101v\u0101ja nopirkt Grenlandi par 100 miljoniem dol\u0101ru, bet D\u0101nija noraid\u012bja \u0161o pied\u0101v\u0101jumu.<\/p>\n<p>ASV prezidents Donalds Tramps jau sava pirm\u0101 prezident\u016bras termi\u0146a laik\u0101\u00a0<a data-id=\"328990\" data-type=\"article\" href=\"https:\/\/www.lsm.lv\/raksts\/zinas\/arzemes\/mediji-tramps-interesejies-par-grenlandes-iegadi-danija-to-uztver-ka-joku.a328990\/\" class=\"lsm-link\" rel=\"nofollow noopener\" target=\"_blank\">atdz\u012bvin\u0101ja ideju<\/a>\u00a0par Grenlandes pirk\u0161anu, bet tagad p\u0113c atgrie\u0161an\u0101s Balt\u0101 nama saimnieka amat\u0101 vi\u0146\u0161 ar jaunu sparu\u00a0<a data-id=\"582653\" data-type=\"article\" href=\"https:\/\/www.lsm.lv\/raksts\/zinas\/arzemes\/07.01.2025-tramps-pirms-stasanas-amata-signalize-par-ekspansionisma-tieksmem.a582653\/\" class=\"lsm-link\" rel=\"nofollow noopener\" target=\"_blank\">\u0137\u0113ries<\/a>\u00a0pie \u0161\u012bs idejas populariz\u0113\u0161anas.<\/p>\n<p>Starptautisk\u0101s politikas eksperti\u00a0<a data-id=\"582674\" data-type=\"article\" href=\"https:\/\/www.lsm.lv\/raksts\/zinas\/arzemes\/08.01.2025-lsm-skaidro-kapec-tramps-tik-loti-velas-iegadaties-grenlandi.a582674\/\" class=\"lsm-link\" rel=\"nofollow noopener\" target=\"_blank\">sprie\u017e<\/a>, ka ASV interes\u0113 Grenlandes strat\u0113\u0123iski svar\u012bgais izvietojums un pieeja Arktikai, k\u0101 ar\u012b der\u012bgo izrakte\u0146u kr\u0101jumi.<\/p>\n<p>D\u0101nijas un Grenlandes amatpersonas gan\u00a0<a data-id=\"582821\" data-type=\"article\" href=\"https:\/\/www.lsm.lv\/raksts\/zinas\/arzemes\/08.01.2025-grenlandes-deputate-par-trampa-velmi-nopirkt-salu-ne-jau-asv-izlems-musu-nakotni.a582821\/\" class=\"lsm-link\" rel=\"nofollow noopener\" target=\"_blank\">uzsv\u0113ru\u0161as<\/a>, ka Grenlande netiek p\u0101rdota.<\/p>\n<p>2026. gada janv\u0101r\u012b Baltais nams\u00a0<a data-id=\"628859\" data-type=\"article\" href=\"https:\/\/www.lsm.lv\/raksts\/zinas\/arzemes\/06.01.2026-tramps-apsver-vairakus-variantus-grenlandes-iegusanai-neizsledz-militaru-ricibu.a628859\/\" class=\"lsm-link\" rel=\"nofollow noopener\" target=\"_blank\">pav\u0113st\u012bja<\/a>, ka Tramps izskata da\u017e\u0101das iesp\u0113jas, k\u0101 p\u0101r\u0146emt Grenlandi sav\u0101 kontrol\u0113, tai skait\u0101 netiek izsl\u0113gts ar\u012b milit\u0101rs risin\u0101jums. \u0160\u0101ds scen\u0101rijs izrais\u012btu smagu kr\u012bzi NATO, jo gan D\u0101nija, gan ASV ir NATO dal\u012bbvalstis.<\/p>\n","protected":false},"excerpt":{"rendered":"D\u0101nijas \u0101rlietu ministrs Larss Loke Rasmusens un Grenlandes \u0101rlietu ministre Viviana Mocfelta \u0161odien Va\u0161ington\u0101 tiksies ar Amerikas Savienoto&hellip;\n","protected":false},"author":2,"featured_media":103765,"comment_status":"","ping_status":"","sticky":false,"template":"","format":"standard","meta":{"footnotes":""},"categories":[5],"tags":[23,28,29,32,33,22,30,31,35,39,38,36,37,34,40,20,26,27,24,25,21],"class_list":{"0":"post-104163","1":"post","2":"type-post","3":"status-publish","4":"format-standard","5":"has-post-thumbnail","7":"category-aktualitates","8":"tag-aktualitates","9":"tag-breaking-news","10":"tag-breakingnews","11":"tag-featured-news","12":"tag-featurednews","13":"tag-headlines","14":"tag-latest-news","15":"tag-latestnews","16":"tag-latvia","17":"tag-latvian","18":"tag-latviesu","19":"tag-latviesu-valoda","20":"tag-latviesuvaloda","21":"tag-latvija","22":"tag-lv","23":"tag-news","24":"tag-popularakas-zinas","25":"tag-popularakaszinas","26":"tag-top-stories","27":"tag-topstories","28":"tag-zinas"},"share_on_mastodon":{"url":"https:\/\/pubeurope.com\/@lv\/115892984396289538","error":""},"_links":{"self":[{"href":"https:\/\/www.europesays.com\/lv\/wp-json\/wp\/v2\/posts\/104163","targetHints":{"allow":["GET"]}}],"collection":[{"href":"https:\/\/www.europesays.com\/lv\/wp-json\/wp\/v2\/posts"}],"about":[{"href":"https:\/\/www.europesays.com\/lv\/wp-json\/wp\/v2\/types\/post"}],"author":[{"embeddable":true,"href":"https:\/\/www.europesays.com\/lv\/wp-json\/wp\/v2\/users\/2"}],"replies":[{"embeddable":true,"href":"https:\/\/www.europesays.com\/lv\/wp-json\/wp\/v2\/comments?post=104163"}],"version-history":[{"count":0,"href":"https:\/\/www.europesays.com\/lv\/wp-json\/wp\/v2\/posts\/104163\/revisions"}],"wp:featuredmedia":[{"embeddable":true,"href":"https:\/\/www.europesays.com\/lv\/wp-json\/wp\/v2\/media\/103765"}],"wp:attachment":[{"href":"https:\/\/www.europesays.com\/lv\/wp-json\/wp\/v2\/media?parent=104163"}],"wp:term":[{"taxonomy":"category","embeddable":true,"href":"https:\/\/www.europesays.com\/lv\/wp-json\/wp\/v2\/categories?post=104163"},{"taxonomy":"post_tag","embeddable":true,"href":"https:\/\/www.europesays.com\/lv\/wp-json\/wp\/v2\/tags?post=104163"}],"curies":[{"name":"wp","href":"https:\/\/api.w.org\/{rel}","templated":true}]}}