{"id":104164,"date":"2026-01-14T10:29:08","date_gmt":"2026-01-14T10:29:08","guid":{"rendered":"https:\/\/www.europesays.com\/lv\/104164\/"},"modified":"2026-01-14T10:29:08","modified_gmt":"2026-01-14T10:29:08","slug":"karaliskas-kazas-kas-gaidamas-2026-gada","status":"publish","type":"post","link":"https:\/\/www.europesays.com\/lv\/104164\/","title":{"rendered":"Karalisk\u0101s k\u0101zas, kas gaid\u0101mas 2026. gad\u0101"},"content":{"rendered":"<p>Alb\u0101nijas prin\u010da Lekas II gaid\u0101m\u0101s k\u0101zas<\/p>\n<p>Alb\u0101nijas tro\u0146mantnieks Leka II 2025. gada oktobr\u012b ofici\u0101li pazi\u0146oja par saderin\u0101\u0161anos ar Blertu Celiba\u0161i, un kara\u013cnams apstiprin\u0101ja, ka p\u0101ris gatavojas k\u0101z\u0101m.<\/p>\n<p>Alb\u0101nijas tro\u0146mantnieka saderin\u0101\u0161an\u0101s notika 2025. gada 11. oktobr\u012b \u2013 18 m\u0113ne\u0161us p\u0113c Lekas \u0161\u0137ir\u0161an\u0101s no pirm\u0101s sievas Elijas Zaharias, ar kuru laul\u012bba tika \u0161\u0137irta 2024. gad\u0101.<\/p>\n<p>Blerta Celiba\u0161i publiski dal\u012bj\u0101s ar aizkuli\u0161u fotogr\u0101fij\u0101m no saderin\u0101\u0161an\u0101s fotosesijas, kas piesaist\u012bja pla\u0161u uzman\u012bbu Alb\u0101nij\u0101 un \u0101rpus t\u0101s.<\/p>\n<blockquote class=\"instagram-media\" data-instgrm-captioned=\"\" data-instgrm-permalink=\"https:\/\/www.instagram.com\/p\/DPs7Y0zjVlO\/?utm_source=ig_embed&amp;utm_campaign=loading\" data-instgrm-version=\"14\" style=\" background:#FFF; border:0; border-radius:3px; box-shadow:0 0 1px 0 rgba(0,0,0,0.5),0 1px 10px 0 rgba(0,0,0,0.15); margin: 1px; max-width:658px; min-width:326px; padding:0; width:99.375%; width:-webkit-calc(100% - 2px); width:calc(100% - 2px);\">\n<\/blockquote>\n<p>Ofici\u0101ls k\u0101zu datums v\u0113l nav izzi\u0146ots. \u0145emot v\u0113r\u0101 kara\u013cnamu trad\u012bcijas, datums parasti tiek pazi\u0146ots tuv\u0101k ceremonijai. Ta\u010du sagaid\u0101ms, ka k\u0101zas notiks 2026. gad\u0101.<\/p>\n<p class=\"ad-desc ad-desc-main\">Saturs turpin\u0101s p\u0113c rekl\u0101mas<\/p>\n<p class=\"ad-desc ad-desc-sec\">Rekl\u0101ma<\/p>\n<p>Ierasti Karalisk\u0101s k\u0101zas Alb\u0101nij\u0101 k\u013c\u016bst par lielu sabiedrisku notikumu, piesaistot starptautisku presi.<\/p>\n<p>\u201cN\u0101kam\u0101s kara\u013cnama k\u0101zas\u201d<\/p>\n<p>2025. gada 1. august\u0101 tika pazi\u0146ots par Lielbrit\u0101nijas karalienes Elizabetes II vec\u0101k\u0101 mazd\u0113la P\u012btera Filipa saderin\u0101\u0161anos ar Harietu Sperlingu.<\/p>\n<p>P\u012btera Filipa izredz\u0113t\u0101 Harieta Sperlinga ir pediatrijas m\u0101sa. Vi\u0146a 45 gadus veca, \u0161\u0137\u012brusies un audzina vienu b\u0113rnu. Pla\u0161\u0101ka sabiedr\u012bba par p\u0101ra attiec\u012bb\u0101m pirmo reizi uzzin\u0101ja 2024. gada maij\u0101.<\/p>\n<p>P\u012btera Filipa m\u012b\u013cotajai pasniegt\u0101 saderin\u0101\u0161an\u0101s gredzena aptuven\u0101 v\u0113rt\u012bba ir 42 000 ASV dol\u0101ri, un rotaslietu eksperti to raksturoju\u0161i k\u0101 \u201claikmet\u012bgu un elegantu\u201d.<\/p>\n<p>Mediji prognoz\u0113, ka k\u0101zas var\u0113tu notikt 2026. gad\u0101, un t\u0101s jau tiek d\u0113v\u0113ts par \u201cn\u0101kamaj\u0101m kara\u013cnama k\u0101z\u0101m\u201d.<\/p>\n<p>            <img loading=\"lazy\" decoding=\"async\" class=\"size-full wp-image-3722271 skaties-content-image\" title=\"20250709_zaa_ap2_103.jpg\" src=\"https:\/\/www.europesays.com\/lv\/wp-content\/uploads\/2026\/01\/6256-69675362c3224-scaled.jpg\" alt=\"20250709_zaa_ap2_103.jpg\" width=\"1330\" height=\"2000\"  \/><\/p>\n<p>                P\u012bters Filips un vi\u0146a l\u012bgava Harieta Sperlinga. FOTO: Stephen Lock \/ i-Images, ZUMAPRESS.com<\/p>\n<p>\u0160\u012b b\u016bs 48 gadus vec\u0101 Filipa otr\u0101 laul\u012bba. Pirm\u0101 laul\u012bba ar kan\u0101dieti Otumu Kelliju tika \u0161\u0137irta 2021. gad\u0101.<\/p>\n<p>Prec\u0113sies karalienes Elizabetes II br\u0101\u013cameitas mazmeita<\/p>\n<p>K\u0101z\u0101m po\u0161as ar\u012b l\u0113dija Marina Vindzora \u2013 Karalienes Elizabetes II br\u0101\u013cameitas mazmeita. 33 gadus vec\u0101 karalisk\u0101s \u0123imenes radiniece par saderin\u0101\u0161anos pazi\u0146oja 2025. gada 8. j\u016bnij\u0101.<\/p>\n<p><script async src=\"\/\/www.instagram.com\/embed.js\"><\/script><\/p>\n","protected":false},"excerpt":{"rendered":"Alb\u0101nijas prin\u010da Lekas II gaid\u0101m\u0101s k\u0101zas Alb\u0101nijas tro\u0146mantnieks Leka II 2025. gada oktobr\u012b ofici\u0101li pazi\u0146oja par saderin\u0101\u0161anos ar&hellip;\n","protected":false},"author":2,"featured_media":104165,"comment_status":"","ping_status":"","sticky":false,"template":"","format":"standard","meta":{"footnotes":""},"categories":[19],"tags":[25081,89,90,35,39,38,36,37,34,40],"class_list":{"0":"post-104164","1":"post","2":"type-post","3":"status-publish","4":"format-standard","5":"has-post-thumbnail","7":"category-izklaide","8":"tag-britu-karaliska-gimenebritu-karalnamseliza-spenserekaraliskas-kazas","9":"tag-entertainment","10":"tag-izklaide","11":"tag-latvia","12":"tag-latvian","13":"tag-latviesu","14":"tag-latviesu-valoda","15":"tag-latviesuvaloda","16":"tag-latvija","17":"tag-lv"},"share_on_mastodon":{"url":"","error":""},"_links":{"self":[{"href":"https:\/\/www.europesays.com\/lv\/wp-json\/wp\/v2\/posts\/104164","targetHints":{"allow":["GET"]}}],"collection":[{"href":"https:\/\/www.europesays.com\/lv\/wp-json\/wp\/v2\/posts"}],"about":[{"href":"https:\/\/www.europesays.com\/lv\/wp-json\/wp\/v2\/types\/post"}],"author":[{"embeddable":true,"href":"https:\/\/www.europesays.com\/lv\/wp-json\/wp\/v2\/users\/2"}],"replies":[{"embeddable":true,"href":"https:\/\/www.europesays.com\/lv\/wp-json\/wp\/v2\/comments?post=104164"}],"version-history":[{"count":0,"href":"https:\/\/www.europesays.com\/lv\/wp-json\/wp\/v2\/posts\/104164\/revisions"}],"wp:featuredmedia":[{"embeddable":true,"href":"https:\/\/www.europesays.com\/lv\/wp-json\/wp\/v2\/media\/104165"}],"wp:attachment":[{"href":"https:\/\/www.europesays.com\/lv\/wp-json\/wp\/v2\/media?parent=104164"}],"wp:term":[{"taxonomy":"category","embeddable":true,"href":"https:\/\/www.europesays.com\/lv\/wp-json\/wp\/v2\/categories?post=104164"},{"taxonomy":"post_tag","embeddable":true,"href":"https:\/\/www.europesays.com\/lv\/wp-json\/wp\/v2\/tags?post=104164"}],"curies":[{"name":"wp","href":"https:\/\/api.w.org\/{rel}","templated":true}]}}