{"id":104168,"date":"2026-01-14T10:32:06","date_gmt":"2026-01-14T10:32:06","guid":{"rendered":"https:\/\/www.europesays.com\/lv\/104168\/"},"modified":"2026-01-14T10:32:06","modified_gmt":"2026-01-14T10:32:06","slug":"tramps-beidzot-skaidri-pasaka-kapec-par-katru-cenu-velas-parnemt-grenlandi-jauns-lv","status":"publish","type":"post","link":"https:\/\/www.europesays.com\/lv\/104168\/","title":{"rendered":"Tramps beidzot skaidri pasaka, k\u0101p\u0113c par katru cenu v\u0113las p\u0101r\u0146emt Grenlandi &#8211; Jauns.lv"},"content":{"rendered":"<ol>\n<li><a href=\"https:\/\/news.google.com\/rss\/articles\/CBMiswFBVV95cUxOUExjX0hYYVlwSWhRNDNDY3p0VFFvZDU3bjcxOUJSQ0p3WWhvMDA5czUyMXZKaWZFbFNDb3dfWFg4a29HZnBMVjNpbzRadlJ4RnBmM3JwWHdxVWRIcWd0SHZGamk2elFpa2ZkZk5JNDV0OHVtUmd3QlYzUDZzeU10Z25VUUQ3UUpJUFB5ZTNPLUVjRFQzUGItejVSM1dPdlR0QmZBdlJtaVpGRjFYMmJoOFRmaw?oc=5\" target=\"_blank\" rel=\"nofollow noopener\">Tramps beidzot skaidri pasaka, k\u0101p\u0113c par katru cenu v\u0113las p\u0101r\u0146emt Grenlandi<\/a>&nbsp;&nbsp;Jauns.lv<\/li>\n<li><a href=\"https:\/\/news.google.com\/rss\/articles\/CBMi8gFBVV95cUxPeVJXbVQtUU5TRUxCX19pck0zVno0S1BwUy00N1FTcGdaYWVRS3RYc1FoQ1p5QWRnUmZIV3dmaTZfMVdhSHZibUJGY3JIcmxSUnY1b0g1aVQycFk1U25pOTdFOGlfeEdDWWE0WGxfYjhmLXBhdW9fYXk2dlVzdTlud3o5NnZlSEQ3cFMydnBMNFRybFB2cXZ2N2lpQmhkWWs0cWNJNl9WMk91NFdFWnZWamt1REJMU0Uyci13cGlrSU9SdHNZMHh4SDZHQVVYVFlCWFZYMXFrRHRwcG1RZE5SMklkMmFuSGt1VVNycUdwU2hYUQ?oc=5\" target=\"_blank\" rel=\"nofollow noopener\">D\u0101nijas un Grenlandes attiec\u012bbas joproj\u0101m ietekm\u0113 savulaik \u012bstenot\u0101 piespiedu kontracepcijas kampa\u0146a<\/a>&nbsp;&nbsp;LSM<\/li>\n<li><a href=\"https:\/\/news.google.com\/rss\/articles\/CBMiuAFBVV95cUxPd3czSEV2ckFiU1B3Wll5d1FGOHZva1pmZ2pDcVZzSW5jSHNVNHA5Zlc3blRua1AzSWtpZWVfTC1jMFlpN2hDbG9KWXJNSGlQUFpwbkxHb1pEZ3UyREhZY1BJTEF5cjRHZGo0OEdLcm43OFJqTmxFQ1kzTngyblRZYVlIUGI3SWJvVXB5bEpKNmlKelF6NGFVREVkQWlreVhGZDh4YnByMEVKRUg2LU1YNC0xcWF1cHNV?oc=5\" target=\"_blank\" rel=\"nofollow noopener\">\u201cRe\u0101l\u0101 paties\u012bba ir t\u0101da, ka \u013coti maz kuram Grenlande ir noz\u012bm\u012bga\u2026\u201d Vai \u0161\u012b sala ir liel\u0101ks drauds NATO sabrukumam nek\u0101 Ukraina?<\/a>&nbsp;&nbsp;LA.LV<\/li>\n<li><a href=\"https:\/\/news.google.com\/rss\/articles\/CBMiuwFBVV95cUxOT04yMnI1TzE3ZElQeHFOaHJtYjRxUU1ZU1d0LWJ4bGd0ZC1mODZwa3RRanlFTFRwV0VtQkdaNzhoWF90TFR3MjlINXRuQ1hZdjBjXzdFeVB3VGh1QllUclppUVVhbWlBWFRWOW1nX1ZjWTdxLTBoUUE3TjQzZ280dVB0dDVDbWRLdmlTVWwtYXBSV1RuVWExazZWWWdsbDF2TXpubnV3RGVHUkJUUTJBZnNkVE9RSUxRem9Z?oc=5\" target=\"_blank\" rel=\"nofollow noopener\">Grenlandes vald\u012bba sola att\u012bst\u012bt salas aizsardz\u012bbu NATO ietvaros un noraida Trampa ieceres<\/a>&nbsp;&nbsp;TVNET<\/li>\n<li><a href=\"https:\/\/news.google.com\/rss\/articles\/CBMikwFBVV95cUxOd3ozUnNuUUNOT2d3UmJjZjcwVG1mQ0V1QVNTMlJKNTdFTFVrTXprUjJqamJFOFBNVzViUXc4Y3V0N3FQMXdZbGhzdVJVQmw2U2t6TTlaaUNxVTNlWDFxc1RiRlYxZFZhQnVpOTNrTXVZZ0VKNlNtYS1BcExhOWFPX29OSlJKMkpWZGJ0UnJ5UktwaFU?oc=5\" target=\"_blank\" rel=\"nofollow noopener\">Medijs: Tramps pav\u0113l\u0113ja izstr\u0101d\u0101t pl\u0101nu iebrukumam Grenland\u0113<\/a>&nbsp;&nbsp;Apollo.lv<\/li>\n<\/ol>\n","protected":false},"excerpt":{"rendered":"Tramps beidzot skaidri pasaka, k\u0101p\u0113c par katru cenu v\u0113las p\u0101r\u0146emt Grenlandi&nbsp;&nbsp;Jauns.lv D\u0101nijas un Grenlandes attiec\u012bbas joproj\u0101m ietekm\u0113 savulaik&hellip;\n","protected":false},"author":2,"featured_media":104169,"comment_status":"","ping_status":"","sticky":false,"template":"","format":"standard","meta":{"footnotes":""},"categories":[14],"tags":[23,57,28,29,32,33,22,30,31,35,39,38,36,37,34,40,20,26,27,24,25,54,55,56,21,58],"class_list":{"0":"post-104168","1":"post","2":"type-post","3":"status-publish","4":"format-standard","5":"has-post-thumbnail","7":"category-zinas-no-arvalstim","8":"tag-aktualitates","9":"tag-arvalstim","10":"tag-breaking-news","11":"tag-breakingnews","12":"tag-featured-news","13":"tag-featurednews","14":"tag-headlines","15":"tag-latest-news","16":"tag-latestnews","17":"tag-latvia","18":"tag-latvian","19":"tag-latviesu","20":"tag-latviesu-valoda","21":"tag-latviesuvaloda","22":"tag-latvija","23":"tag-lv","24":"tag-news","25":"tag-popularakas-zinas","26":"tag-popularakaszinas","27":"tag-top-stories","28":"tag-topstories","29":"tag-world","30":"tag-world-news","31":"tag-worldnews","32":"tag-zinas","33":"tag-zinas-no-arvalstim"},"share_on_mastodon":{"url":"https:\/\/pubeurope.com\/@lv\/115893000225717287","error":""},"_links":{"self":[{"href":"https:\/\/www.europesays.com\/lv\/wp-json\/wp\/v2\/posts\/104168","targetHints":{"allow":["GET"]}}],"collection":[{"href":"https:\/\/www.europesays.com\/lv\/wp-json\/wp\/v2\/posts"}],"about":[{"href":"https:\/\/www.europesays.com\/lv\/wp-json\/wp\/v2\/types\/post"}],"author":[{"embeddable":true,"href":"https:\/\/www.europesays.com\/lv\/wp-json\/wp\/v2\/users\/2"}],"replies":[{"embeddable":true,"href":"https:\/\/www.europesays.com\/lv\/wp-json\/wp\/v2\/comments?post=104168"}],"version-history":[{"count":0,"href":"https:\/\/www.europesays.com\/lv\/wp-json\/wp\/v2\/posts\/104168\/revisions"}],"wp:featuredmedia":[{"embeddable":true,"href":"https:\/\/www.europesays.com\/lv\/wp-json\/wp\/v2\/media\/104169"}],"wp:attachment":[{"href":"https:\/\/www.europesays.com\/lv\/wp-json\/wp\/v2\/media?parent=104168"}],"wp:term":[{"taxonomy":"category","embeddable":true,"href":"https:\/\/www.europesays.com\/lv\/wp-json\/wp\/v2\/categories?post=104168"},{"taxonomy":"post_tag","embeddable":true,"href":"https:\/\/www.europesays.com\/lv\/wp-json\/wp\/v2\/tags?post=104168"}],"curies":[{"name":"wp","href":"https:\/\/api.w.org\/{rel}","templated":true}]}}