{"id":104175,"date":"2026-01-14T10:38:13","date_gmt":"2026-01-14T10:38:13","guid":{"rendered":"https:\/\/www.europesays.com\/lv\/104175\/"},"modified":"2026-01-14T10:38:13","modified_gmt":"2026-01-14T10:38:13","slug":"yit-latvija-attistis-jaunu-kvartalu-plavniekos-dienas-bizness","status":"publish","type":"post","link":"https:\/\/www.europesays.com\/lv\/104175\/","title":{"rendered":"YIT LATVIJA att\u012bst\u012bs jaunu kvart\u0101lu P\u013cavniekos :: Dienas Bizness"},"content":{"rendered":"<p class=\"text-font font-size--text-xlarge margin-3--bottom font-weight--bold padding-1--top\">B\u016bvkomp\u0101nija un nekustamo \u012bpa\u0161umu att\u012bst\u012bt\u0101js SIA \u201cYIT LATVIJA\u201d (YIT) 2026. gad\u0101 uzs\u0101ks jauna dz\u012bvojam\u0101 kvart\u0101la \u201cSmilgas\u201d att\u012bst\u012bbu P\u013cavniekos. Projekt\u0101 paredz\u0113tas \u010detras se\u0161st\u0101vu dz\u012bvojam\u0101s \u0113kas ar kopum\u0101 228 dz\u012bvok\u013ciem.<\/p>\n<p class=\"text-font font-size--text-xlarge margin-3--bottom\">\u0160obr\u012bd norit sagatavo\u0161an\u0101s darbi, lai pavasar\u012b uzs\u0101ktu projekta pirm\u0101s \u0113kas b\u016bvniec\u012bbu, jau tagad uzs\u0101kot dz\u012bvok\u013cu pirmsrezerv\u0101ciju.<\/p>\n<p class=\"text-font font-size--text-xlarge margin-3--bottom\">Projekta \u201cSmilgas\u201d pirmaj\u0101 dz\u012bvojamaj\u0101 \u0113k\u0101 atrad\u012bsies 57 dz\u012bvok\u013ci, un nama nodo\u0161ana ekspluat\u0101cij\u0101 paredz\u0113ta 2027. gada vasar\u0101.<\/p>\n<p class=\"text-font font-size--text-xlarge margin-3--bottom\">Dz\u012bvok\u013cu cenas projekta \u201cSmilgas\u201d pirmaj\u0101 \u0113k\u0101 b\u016bs, s\u0101kot no 96 600 eiro, kas atbilst 2330 eiro par kvadr\u0101tmetru.<\/p>\n<p class=\"text-font font-size--text-xlarge margin-3--bottom\">&#8220;YIT Latvija&#8221; apgroz\u012bjums 2024. gad\u0101 bija 35,246 miljoni eiro, kas ir 2,4 reizes vair\u0101k nek\u0101 2023. gad\u0101, bet uz\u0146\u0113muma pe\u013c\u0146a palielin\u0101j\u0101s par 47% un bija 2,83 miljoni eiro.<\/p>\n<p class=\"text-font font-size--text-xlarge margin-3--bottom\">&#8220;YIT Latvija&#8221; re\u0123istr\u0113ta 1998. gad\u0101, un uz\u0146\u0113muma pamatkapit\u0101ls ir 47 429 278 eiro. &#8220;YIT Latvija&#8221; \u012bpa\u0161nieks ir Somijas uz\u0146\u0113mums &#8220;YIT Housing&#8221;.<\/p>\n<p class=\"text-font font-size--text-xlarge margin-3--bottom\">&#8220;YIT&#8221; str\u0101d\u0101 asto\u0146\u0101s valst\u012bs &#8211; Latvij\u0101, Lietuv\u0101, Igaunij\u0101, Somij\u0101, \u010cehij\u0101, Slov\u0101kij\u0101, Zviedrij\u0101 un Polij\u0101. Uz\u0146\u0113muma apgroz\u012bjums 2024. gad\u0101 sasniedza 1,8 miljardus eiro. &#8220;YIT Corporation&#8221; akcijas tiek kot\u0113tas &#8220;Nasdaq Helsinki&#8221; bir\u017e\u0101.<\/p>\n","protected":false},"excerpt":{"rendered":"B\u016bvkomp\u0101nija un nekustamo \u012bpa\u0161umu att\u012bst\u012bt\u0101js SIA \u201cYIT LATVIJA\u201d (YIT) 2026. gad\u0101 uzs\u0101ks jauna dz\u012bvojam\u0101 kvart\u0101la \u201cSmilgas\u201d att\u012bst\u012bbu P\u013cavniekos.&hellip;\n","protected":false},"author":2,"featured_media":104176,"comment_status":"","ping_status":"","sticky":false,"template":"","format":"standard","meta":{"footnotes":""},"categories":[14],"tags":[23,57,869,77,870,28,29,867,32,33,22,30,31,35,39,38,36,37,34,871,868,40,20,26,27,24,25,54,55,56,21,58],"class_list":{"0":"post-104175","1":"post","2":"type-post","3":"status-publish","4":"format-standard","5":"has-post-thumbnail","7":"category-zinas-no-arvalstim","8":"tag-aktualitates","9":"tag-arvalstim","10":"tag-biznesa-zinas","11":"tag-bizness","12":"tag-bizness-latvija","13":"tag-breaking-news","14":"tag-breakingnews","15":"tag-dienas-zinas","16":"tag-featured-news","17":"tag-featurednews","18":"tag-headlines","19":"tag-latest-news","20":"tag-latestnews","21":"tag-latvia","22":"tag-latvian","23":"tag-latviesu","24":"tag-latviesu-valoda","25":"tag-latviesuvaloda","26":"tag-latvija","27":"tag-latvijas-biznesa-zinas","28":"tag-latvijas-zinas","29":"tag-lv","30":"tag-news","31":"tag-popularakas-zinas","32":"tag-popularakaszinas","33":"tag-top-stories","34":"tag-topstories","35":"tag-world","36":"tag-world-news","37":"tag-worldnews","38":"tag-zinas","39":"tag-zinas-no-arvalstim"},"share_on_mastodon":{"url":"https:\/\/pubeurope.com\/@lv\/115893023771106511","error":""},"_links":{"self":[{"href":"https:\/\/www.europesays.com\/lv\/wp-json\/wp\/v2\/posts\/104175","targetHints":{"allow":["GET"]}}],"collection":[{"href":"https:\/\/www.europesays.com\/lv\/wp-json\/wp\/v2\/posts"}],"about":[{"href":"https:\/\/www.europesays.com\/lv\/wp-json\/wp\/v2\/types\/post"}],"author":[{"embeddable":true,"href":"https:\/\/www.europesays.com\/lv\/wp-json\/wp\/v2\/users\/2"}],"replies":[{"embeddable":true,"href":"https:\/\/www.europesays.com\/lv\/wp-json\/wp\/v2\/comments?post=104175"}],"version-history":[{"count":0,"href":"https:\/\/www.europesays.com\/lv\/wp-json\/wp\/v2\/posts\/104175\/revisions"}],"wp:featuredmedia":[{"embeddable":true,"href":"https:\/\/www.europesays.com\/lv\/wp-json\/wp\/v2\/media\/104176"}],"wp:attachment":[{"href":"https:\/\/www.europesays.com\/lv\/wp-json\/wp\/v2\/media?parent=104175"}],"wp:term":[{"taxonomy":"category","embeddable":true,"href":"https:\/\/www.europesays.com\/lv\/wp-json\/wp\/v2\/categories?post=104175"},{"taxonomy":"post_tag","embeddable":true,"href":"https:\/\/www.europesays.com\/lv\/wp-json\/wp\/v2\/tags?post=104175"}],"curies":[{"name":"wp","href":"https:\/\/api.w.org\/{rel}","templated":true}]}}