{"id":104177,"date":"2026-01-14T10:39:10","date_gmt":"2026-01-14T10:39:10","guid":{"rendered":"https:\/\/www.europesays.com\/lv\/104177\/"},"modified":"2026-01-14T10:39:10","modified_gmt":"2026-01-14T10:39:10","slug":"valdiba-apstiprina-pakapeniskas-parmainas-slimnicu-tikla-attistiba-2","status":"publish","type":"post","link":"https:\/\/www.europesays.com\/lv\/104177\/","title":{"rendered":"Vald\u012bba apstiprina pak\u0101peniskas p\u0101rmai\u0146as slimn\u012bcu t\u012bkla att\u012bst\u012bb\u0101"},"content":{"rendered":"<p>Ministru kabinets otrdien izskat\u012bja Informat\u012bvo zi\u0146ojumu \u201cPar slimn\u012bcu t\u012bklu\u201d un atbalst\u012bja pak\u0101peniskas p\u0101rmai\u0146as slimn\u012bcu t\u012bkl\u0101 l\u012bdz 2029. gadam. Pl\u0101not\u0101s izmai\u0146as paredz vesel\u012bbas apr\u016bpes pakalpojumu kvalit\u0101tes uzlabo\u0161anu, pacientu dro\u0161\u012bbas stiprin\u0101\u0161anu un resursu efekt\u012bv\u0101ku izmanto\u0161anu, vienlaikus nodro\u0161inot pakalpojumu pieejam\u012bbu vis\u0101 Latvijas teritorij\u0101.<\/p>\n<blockquote>\n<p>Slimn\u012bcu t\u012bkla att\u012bst\u012bbas m\u0113r\u0137is ir nodro\u0161in\u0101t, ka ikvien\u0101 \u0101rstniec\u012bbas iest\u0101d\u0113, kur tiek sniegti noteikti \u0101rstnieciskie profili, pacienti sa\u0146em sav\u0101m vesel\u012bbas vajadz\u012bb\u0101m atbilsto\u0161u un kvalitat\u012bvu \u0101rstniec\u012bbu un apr\u016bpi, t\u0101d\u0113j\u0101di slimn\u012bc\u0101m veidojot savstarp\u0113ji koordin\u0113tu stacion\u0101ro vesel\u012bbas apr\u016bpes sist\u0113mu ar vienotu kvalit\u0101tes standartu vis\u0101 valst\u012b.<\/p>\n<\/blockquote>\n<p>Pl\u0101nots noteikt skaidru slimn\u012bcu pakalpojumu strukt\u016bru un savstarp\u0113jo sadarb\u012bbu, p\u0101rejot uz tr\u012bs l\u012bme\u0146u slimn\u012bcu modeli \u2013 lok\u0101laj\u0101m, re\u0123ion\u0101laj\u0101m un daudzprofilu slimn\u012bc\u0101m. L\u012bdz\u0161in\u0113jais piecu l\u012bme\u0146u dal\u012bjums ir bijis sadrumstalots un ne vienm\u0113r atbilsto\u0161s slimn\u012bcu faktiskajai kapacit\u0101tei un person\u0101la nodro\u0161in\u0101jumam. Jaunaj\u0101 model\u012b slimn\u012bcu l\u012bme\u0146i tiks noteikti, \u0146emot v\u0113r\u0101 \u0101rstniec\u012bbas iest\u0101\u017eu kapacit\u0101ti, pieejamo \u0101rstniec\u012bbas person\u0101lu, infrastrukt\u016bru un sniegto pakalpojumu sare\u017e\u0123\u012bt\u012bbu. <\/p>\n<p>Visas slimn\u012bcas turpin\u0101s darbu, un katr\u0101 no t\u0101m b\u016bs pieejama pal\u012bdz\u012bba \u00a0traumu vai ak\u016btu saslim\u0161anu gad\u012bjum\u0101. Starp \u0101rstniec\u012bbas iest\u0101d\u0113m b\u016bs at\u0161\u0137ir\u012bgs pieejam\u0101s pal\u012bdz\u012bbas apjoms un iesaist\u012bt\u0101 person\u0101la skaits, ta\u010du vis\u0101s slimn\u012bc\u0101s tiks nodro\u0161in\u0101ta \u0101rstu un atbalsta person\u0101la pieejam\u012bba, k\u0101 ar\u012b ak\u016bt\u0101s pal\u012bdz\u012bbas snieg\u0161anai nepiecie\u0161amie laboratoriskie un diagnostiskie izmekl\u0113jumi diennakts re\u017e\u012bm\u0101. Sare\u017e\u0123\u012bt\u0101ku pakalpojumu snieg\u0161ana tiks koncentr\u0113ta sist\u0113miski noz\u012bm\u012bg\u0101kaj\u0101s slimn\u012bc\u0101s. Sadarb\u012bbas t\u012bkls nodro\u0161in\u0101s nep\u0101rtrauktu apr\u016bpi un efekt\u012bvu pacientu pl\u016bsmu, un pacienti pal\u012bdz\u012bbu sa\u0146ems atbilsto\u0161\u0101 l\u012bme\u0146a stacion\u0101r\u0101.<\/p>\n<p>P\u0101rskatot stacion\u0101r\u0101s vesel\u012bbas apr\u016bpes pakalpojumu profilus \u0101rstniec\u012bbas iest\u0101d\u0113s, tiks \u0146emts v\u0113r\u0101 iedz\u012bvot\u0101ju skaits\u00a0 slimn\u012bcas apkalpo\u0161anas teritorij\u0101, piek\u013cuves laiks, sniegto pakalpojumu apjoms,\u00a0 k\u0101 ar\u012b \u0101rstniec\u012bbas iest\u0101\u017eu iesp\u0113jas piesaist\u012bt atbilsto\u0161us speci\u0101listus. Pilotprojekts par pacientu nog\u0101d\u0101\u0161anas k\u0101rt\u012bbu par\u0101d\u012bja, ka jau \u0161obr\u012bd ir slimn\u012bcas, kuras nenodro\u0161ina neatliekamo medic\u012bnisko pal\u012bdz\u012bbu atbilsto\u0161\u0101 apm\u0113r\u0101 person\u0101la tr\u016bkuma d\u0113\u013c. Turpm\u0101kaj\u0101 laik\u0101 tiks analiz\u0113ts NMPD brig\u0101\u017eu izvietojums un iesp\u0113jama brig\u0101\u017eu t\u012bkla papla\u0161in\u0101\u0161ana. T\u0101pat pl\u0101nots ieviest vienotus krit\u0113rijus pacientu observ\u0101cijai, lai samazin\u0101tu nepamatotu stacion\u0113\u0161anu un uzlabotu apr\u016bpes efektivit\u0101ti.<\/p>\n<p>B\u016btiska sast\u0101vda\u013ca b\u016bs vienotas stacion\u0101r\u0101s vesel\u012bbas apr\u016bpes kvalit\u0101tes r\u0101d\u012bt\u0101ju sist\u0113mas ievie\u0161ana, kas \u013caus objekt\u012bvi v\u0113rt\u0113t slimn\u012bcu sniegumu un sasaist\u012bt to ar finans\u0113jumu.<\/p>\n<p>Sabiedr\u012bbas noveco\u0161an\u0101s un dzimst\u012bbas samazin\u0101jums prasa piel\u0101got vesel\u012bbas apr\u016bpes pakalpojumus, \u012bpa\u0161i hronisko slim\u012bbu apr\u016bp\u0113. <\/p>\n<blockquote>\n<p>Vienlaikus nozares izaicin\u0101jums ir \u0101rstniec\u012bbas person\u0101la tr\u016bkums &#8211; slimn\u012bcu sp\u0113ja nodro\u0161in\u0101t pakalpojumus ir tie\u0161i atkar\u012bga no \u0101rstniec\u012bbas person\u0101la pieejam\u012bbas. Eso\u0161\u0101 situ\u0101cija r\u0101da, ka person\u0101la nepietiekam\u012bba b\u016btiski ietekm\u0113 iesp\u0113jas nodro\u0161in\u0101t paredz\u0113to \u0101rstniec\u012bbu un pacientu dro\u0161\u012bbu.<\/p>\n<\/blockquote>\n<p>Slimn\u012bcas jau \u0161obr\u012bd akt\u012bvi sadarbojas pacientu p\u0101rve\u0161an\u0101 un telemedic\u012bnas konsult\u0101cij\u0101s, un vair\u0101k nek\u0101 70% gad\u012bjumu \u0161o sadarb\u012bbu v\u0113rt\u0113 k\u0101 labu. Lai turpm\u0101k stiprin\u0101tu slimn\u012bcu sadarb\u012bbu un nodro\u0161in\u0101tu vienm\u0113r\u012bg\u0101ku pakalpojumu pieejam\u012bbu, pl\u0101nots p\u0101rskat\u012bt ar\u012b sadarb\u012bbas teritoriju finans\u0113\u0161anas principus.<\/p>\n<p>Turpm\u0101k\u0101 r\u012bc\u012bba paredz:<\/p>\n<ul>\n<li>p\u0101rskat\u012bt stacion\u0101ro \u0101rstniec\u012bbas iest\u0101\u017eu dal\u012bjumu l\u012bme\u0146os un sniedzamo neatliekam\u0101s medic\u012bnisk\u0101s pal\u012bdz\u012bbas apjomu un nodro\u0161in\u0101mos pakalpojumu profilus, \u0146emot v\u0113r\u0101 pacientu pl\u016bsmu, iedz\u012bvot\u0101ju skaitu un piek\u013cuves iesp\u0113jas;\u00a0<\/li>\n<li>noteikt pras\u012bbas \u0101rstniec\u012bbas iest\u0101d\u0113m neatliekam\u0101s medic\u012bnisk\u0101s pal\u012bdz\u012bba nodro\u0161in\u0101\u0161anai un stacion\u0101r\u0101s vesel\u012bbas apr\u016bpes pakalpojumu pamatprofilu nodro\u0161in\u0101\u0161anai, un sagatavot priek\u0161likumus normat\u012bvo aktu groz\u012bjumiem;\u00a0<\/li>\n<li>ieviest vienotus pacientu observ\u0101cijas krit\u0113rijus \u0101rstniec\u012bbas iest\u0101d\u0113s, kas nodro\u0161ina neatliekamo medic\u012bnisk\u0101s pal\u012bdz\u012bbas snieg\u0161anu;\u00a0<\/li>\n<li>noteikt stacion\u0101r\u0101s vesel\u012bbas apr\u016bpes pakalpojumu kvalit\u0101tes rad\u012bt\u0101jus un uzs\u0101kt \u0161o r\u0101d\u012bt\u0101ju v\u0113rt\u0113\u0161anu;\u00a0<\/li>\n<li>izstr\u0101d\u0101t slimn\u012bcu sadarb\u012bbas modeli un principus;<\/li>\n<li>p\u0101rskat\u012bt stacion\u0101r\u0101s vesel\u012bbas apr\u016bpes pakalpojumu finans\u0113\u0161anas modeli.<\/li>\n<\/ul>\n<p class=\"paragraph\">Pl\u0101notie pas\u0101kumi tiks \u012bstenoti pak\u0101peniski l\u012bdz 2029. gadam.\u00a0<\/p>\n","protected":false},"excerpt":{"rendered":"Ministru kabinets otrdien izskat\u012bja Informat\u012bvo zi\u0146ojumu \u201cPar slimn\u012bcu t\u012bklu\u201d un atbalst\u012bja pak\u0101peniskas p\u0101rmai\u0146as slimn\u012bcu t\u012bkl\u0101 l\u012bdz 2029. gadam.&hellip;\n","protected":false},"author":2,"featured_media":104178,"comment_status":"","ping_status":"","sticky":false,"template":"","format":"standard","meta":{"footnotes":""},"categories":[12],"tags":[23,28,29,32,33,22,30,31,35,39,38,36,37,34,40,20,26,27,24,25,21],"class_list":{"0":"post-104177","1":"post","2":"type-post","3":"status-publish","4":"format-standard","5":"has-post-thumbnail","7":"category-latvija","8":"tag-aktualitates","9":"tag-breaking-news","10":"tag-breakingnews","11":"tag-featured-news","12":"tag-featurednews","13":"tag-headlines","14":"tag-latest-news","15":"tag-latestnews","16":"tag-latvia","17":"tag-latvian","18":"tag-latviesu","19":"tag-latviesu-valoda","20":"tag-latviesuvaloda","21":"tag-latvija","22":"tag-lv","23":"tag-news","24":"tag-popularakas-zinas","25":"tag-popularakaszinas","26":"tag-top-stories","27":"tag-topstories","28":"tag-zinas"},"share_on_mastodon":{"url":"https:\/\/pubeurope.com\/@lv\/115893027832711251","error":""},"_links":{"self":[{"href":"https:\/\/www.europesays.com\/lv\/wp-json\/wp\/v2\/posts\/104177","targetHints":{"allow":["GET"]}}],"collection":[{"href":"https:\/\/www.europesays.com\/lv\/wp-json\/wp\/v2\/posts"}],"about":[{"href":"https:\/\/www.europesays.com\/lv\/wp-json\/wp\/v2\/types\/post"}],"author":[{"embeddable":true,"href":"https:\/\/www.europesays.com\/lv\/wp-json\/wp\/v2\/users\/2"}],"replies":[{"embeddable":true,"href":"https:\/\/www.europesays.com\/lv\/wp-json\/wp\/v2\/comments?post=104177"}],"version-history":[{"count":0,"href":"https:\/\/www.europesays.com\/lv\/wp-json\/wp\/v2\/posts\/104177\/revisions"}],"wp:featuredmedia":[{"embeddable":true,"href":"https:\/\/www.europesays.com\/lv\/wp-json\/wp\/v2\/media\/104178"}],"wp:attachment":[{"href":"https:\/\/www.europesays.com\/lv\/wp-json\/wp\/v2\/media?parent=104177"}],"wp:term":[{"taxonomy":"category","embeddable":true,"href":"https:\/\/www.europesays.com\/lv\/wp-json\/wp\/v2\/categories?post=104177"},{"taxonomy":"post_tag","embeddable":true,"href":"https:\/\/www.europesays.com\/lv\/wp-json\/wp\/v2\/tags?post=104177"}],"curies":[{"name":"wp","href":"https:\/\/api.w.org\/{rel}","templated":true}]}}