{"id":104179,"date":"2026-01-14T10:40:14","date_gmt":"2026-01-14T10:40:14","guid":{"rendered":"https:\/\/www.europesays.com\/lv\/104179\/"},"modified":"2026-01-14T10:40:14","modified_gmt":"2026-01-14T10:40:14","slug":"lietotu-precu-platforma-vinted-sper-nakamo-soli-attistiba","status":"publish","type":"post","link":"https:\/\/www.europesays.com\/lv\/104179\/","title":{"rendered":"Lietotu pre\u010du platforma &#8220;Vinted&#8221; sper n\u0101kamo soli att\u012bst\u012bb\u0101"},"content":{"rendered":"<p>Lietuvas lietotu ap\u0123\u0113rbu platforma &#8220;Vinted&#8221; ar komp\u0101nijas &#8220;Vinted Pay&#8221; starpniec\u012bbu laidusi klaj\u0101 savu e-maci\u0146u, raksta &#8220;Delfi.lt&#8221;.<\/p>\n<p>Maks\u0101jumus, izmantojot &#8220;Vinted Pay&#8221;, jau var veikt Lietuv\u0101, Latvij\u0101, Igaunij\u0101, Somij\u0101, Grie\u0137ij\u0101, Slov\u0101kij\u0101, Slov\u0113nij\u0101 un Horv\u0101tij\u0101, un tuv\u0101kaj\u0101 n\u0101kotn\u0113 ir pl\u0101nota papla\u0161in\u0101\u0161an\u0101s uz cit\u0101m valst\u012bm.<\/p>\n<p class=\"m-0\">Seko &#8220;Delfi&#8221; ar\u012b  <a target=\"_blank\" href=\"https:\/\/www.instagram.com\/delfi.lv\/\" rel=\"nofollow noopener\">Instagram<\/a>  un <a target=\"_blank\" href=\"https:\/\/www.youtube.com\/channel\/UCw5foWtcJvAbUm64rv7jwUQ\" rel=\"nofollow noopener\">YouTube<\/a>  profil\u0101 \u2013 pievienojies, lai uzzin\u0101tu svar\u012bg\u0101ko un interesant\u0101ko pirmais!<\/p>\n<p>Publik\u0101cijas saturs vai t\u0101s jebk\u0101da apjoma da\u013ca ir aizsarg\u0101ts autorties\u012bbu objekts Autorties\u012bbu likuma izpratn\u0113, un t\u0101 izmanto\u0161ana bez izdev\u0113ja at\u013caujas ir aizliegta. Vair\u0101k lasi  <a target=\"_blank\" href=\"https:\/\/www.delfi.lv\/noteikumi#autortiesibas\" rel=\"nofollow noopener\">\u0161eit<\/a><script async src=\"\/\/www.instagram.com\/embed.js\"><\/script><\/p>\n","protected":false},"excerpt":{"rendered":"Lietuvas lietotu ap\u0123\u0113rbu platforma &#8220;Vinted&#8221; ar komp\u0101nijas &#8220;Vinted Pay&#8221; starpniec\u012bbu laidusi klaj\u0101 savu e-maci\u0146u, raksta &#8220;Delfi.lt&#8221;. Maks\u0101jumus, izmantojot&hellip;\n","protected":false},"author":2,"featured_media":104180,"comment_status":"","ping_status":"","sticky":false,"template":"","format":"standard","meta":{"footnotes":""},"categories":[5],"tags":[23,28,29,32,33,22,30,31,35,39,38,36,37,34,40,20,26,27,24,25,21],"class_list":{"0":"post-104179","1":"post","2":"type-post","3":"status-publish","4":"format-standard","5":"has-post-thumbnail","7":"category-aktualitates","8":"tag-aktualitates","9":"tag-breaking-news","10":"tag-breakingnews","11":"tag-featured-news","12":"tag-featurednews","13":"tag-headlines","14":"tag-latest-news","15":"tag-latestnews","16":"tag-latvia","17":"tag-latvian","18":"tag-latviesu","19":"tag-latviesu-valoda","20":"tag-latviesuvaloda","21":"tag-latvija","22":"tag-lv","23":"tag-news","24":"tag-popularakas-zinas","25":"tag-popularakaszinas","26":"tag-top-stories","27":"tag-topstories","28":"tag-zinas"},"share_on_mastodon":{"url":"https:\/\/pubeurope.com\/@lv\/115893031551474592","error":""},"_links":{"self":[{"href":"https:\/\/www.europesays.com\/lv\/wp-json\/wp\/v2\/posts\/104179","targetHints":{"allow":["GET"]}}],"collection":[{"href":"https:\/\/www.europesays.com\/lv\/wp-json\/wp\/v2\/posts"}],"about":[{"href":"https:\/\/www.europesays.com\/lv\/wp-json\/wp\/v2\/types\/post"}],"author":[{"embeddable":true,"href":"https:\/\/www.europesays.com\/lv\/wp-json\/wp\/v2\/users\/2"}],"replies":[{"embeddable":true,"href":"https:\/\/www.europesays.com\/lv\/wp-json\/wp\/v2\/comments?post=104179"}],"version-history":[{"count":0,"href":"https:\/\/www.europesays.com\/lv\/wp-json\/wp\/v2\/posts\/104179\/revisions"}],"wp:featuredmedia":[{"embeddable":true,"href":"https:\/\/www.europesays.com\/lv\/wp-json\/wp\/v2\/media\/104180"}],"wp:attachment":[{"href":"https:\/\/www.europesays.com\/lv\/wp-json\/wp\/v2\/media?parent=104179"}],"wp:term":[{"taxonomy":"category","embeddable":true,"href":"https:\/\/www.europesays.com\/lv\/wp-json\/wp\/v2\/categories?post=104179"},{"taxonomy":"post_tag","embeddable":true,"href":"https:\/\/www.europesays.com\/lv\/wp-json\/wp\/v2\/tags?post=104179"}],"curies":[{"name":"wp","href":"https:\/\/api.w.org\/{rel}","templated":true}]}}