{"id":104185,"date":"2026-01-14T10:44:07","date_gmt":"2026-01-14T10:44:07","guid":{"rendered":"https:\/\/www.europesays.com\/lv\/104185\/"},"modified":"2026-01-14T10:44:07","modified_gmt":"2026-01-14T10:44:07","slug":"militarais-eksperts-putina-trumpis-var-nostradat-pret-vinu-pasu-tas-krieviju-nogremdes-nevis-glabs","status":"publish","type":"post","link":"https:\/\/www.europesays.com\/lv\/104185\/","title":{"rendered":"Milit\u0101rais eksperts: Putina \u201ctrumpis\u201d var nostr\u0101d\u0101t pret vi\u0146u pa\u0161u \u2013 tas Krieviju nogremd\u0113s, nevis gl\u0101bs"},"content":{"rendered":"<p>    <img decoding=\"async\" src=\"https:\/\/www.europesays.com\/lv\/wp-content\/uploads\/2026\/01\/79puhh3cuig-1024x682.jpg\" alt=\"&#10;\"\/><\/p>\n<p>FOTO: Scanpix\/AFP\/LETA\n<\/p>\n<p>12:00, 14. janv\u0101ris 2026<\/p>\n<p>Kam\u0113r Krem\u013ca propagandisti gadiem idealiz\u0113ju\u0161i Krievijas \u201ctrumpi\u201d \u2013 sp\u0113ju uzvar\u0113t aukstum\u0101 \u2013, milit\u0101rais eksperts Oleksandrs Musijenko n\u0101cis klaj\u0101 ar asu pretargumentu: ziema Krievijai nav priek\u0161roc\u012bba. Turkl\u0101t \u0161oreiz t\u0101 var k\u013c\u016bt par faktoru, kas Krieviju nogremd\u0113s, nevis izgl\u0101bs.<\/p>\n<p>        Las\u012bt\u0101kie<br \/>\n        <a data-imagesrc=\"{&quot;300&quot;:&quot;https:\\\/\\\/lastatic.ams3.cdn.digitaloceanspaces.com\\\/2026\\\/01\\\/FotoJet-5-300x200.jpg&quot;,&quot;1024&quot;:&quot;https:\\\/\\\/lastatic.ams3.cdn.digitaloceanspaces.com\\\/2026\\\/01\\\/FotoJet-5-1024x683.jpg&quot;,&quot;1536&quot;:&quot;https:\\\/\\\/lastatic.ams3.cdn.digitaloceanspaces.com\\\/2026\\\/01\\\/FotoJet-5-1536x1024.jpg&quot;,&quot;500&quot;:&quot;https:\\\/\\\/lastatic.ams3.cdn.digitaloceanspaces.com\\\/2026\\\/01\\\/FotoJet-5-500x333.jpg&quot;,&quot;800&quot;:&quot;https:\\\/\\\/lastatic.ams3.cdn.digitaloceanspaces.com\\\/2026\\\/01\\\/FotoJet-5-800x533.jpg&quot;,&quot;1800&quot;:&quot;https:\\\/\\\/lastatic.ams3.cdn.digitaloceanspaces.com\\\/2026\\\/01\\\/FotoJet-5.jpg&quot;}\" data-focuspoint=\"&quot;&quot;\" data-p=\"2491277\" href=\"https:\/\/www.la.lv\/vecums-nav-spriedums-5-pazimes-kas-liecina-ka-jus-novecojat-loti-veiksmigi\" class=\"content-item lazy-load\" wp_automatic_readability=\"27\" rel=\"nofollow noopener\" target=\"_blank\"><\/p>\n<p>                                <img decoding=\"async\" src=\"\" alt=\"\" style=\"\" data-imageid=\"\"\/><\/p>\n<p>\n                                                Vecums nav spriedums: 5 paz\u012bmes, kas liecina, ka j\u016bs novecojat \u013coti veiksm\u012bgi\n                            <\/p>\n<p><\/a><a data-imagesrc=\"{&quot;300&quot;:&quot;https:\\\/\\\/lastatic.ams3.cdn.digitaloceanspaces.com\\\/2026\\\/01\\\/LET_21079616-300x196.jpg&quot;,&quot;1024&quot;:&quot;https:\\\/\\\/lastatic.ams3.cdn.digitaloceanspaces.com\\\/2026\\\/01\\\/LET_21079616-1024x670.jpg&quot;,&quot;1536&quot;:&quot;https:\\\/\\\/lastatic.ams3.cdn.digitaloceanspaces.com\\\/2026\\\/01\\\/LET_21079616-1536x1005.jpg&quot;,&quot;500&quot;:&quot;https:\\\/\\\/lastatic.ams3.cdn.digitaloceanspaces.com\\\/2026\\\/01\\\/LET_21079616-500x327.jpg&quot;,&quot;800&quot;:&quot;https:\\\/\\\/lastatic.ams3.cdn.digitaloceanspaces.com\\\/2026\\\/01\\\/LET_21079616-800x523.jpg&quot;,&quot;2560&quot;:&quot;https:\\\/\\\/lastatic.ams3.cdn.digitaloceanspaces.com\\\/2026\\\/01\\\/LET_21079616-scaled.jpg&quot;}\" data-focuspoint=\"&quot;&quot;\" data-p=\"2489693\" href=\"https:\/\/www.la.lv\/nebija-nekadu-bridinajuma-zimju-kamer-gimene-meza-bauda-ziemas-priekus-mednieki-blakus-sauj\" class=\"content-item lazy-load\" wp_automatic_readability=\"27\" rel=\"nofollow noopener\" target=\"_blank\"><\/p>\n<p>                                <img decoding=\"async\" src=\"\" alt=\"\" style=\"\" data-imageid=\"\"\/><\/p>\n<p>\n                                                \u201cNebija nek\u0101du br\u012bdin\u0101juma z\u012bmju!\u201d Kam\u0113r \u0123imene me\u017e\u0101 bauda ziemas priekus, mednieki blakus \u0161auj\n                            <\/p>\n<p><\/a><a data-imagesrc=\"{&quot;300&quot;:&quot;https:\\\/\\\/lastatic.ams3.cdn.digitaloceanspaces.com\\\/2026\\\/01\\\/pexels-andrew-hewitt-24040512-7595577-300x169.jpg&quot;,&quot;1024&quot;:&quot;https:\\\/\\\/lastatic.ams3.cdn.digitaloceanspaces.com\\\/2026\\\/01\\\/pexels-andrew-hewitt-24040512-7595577-1024x576.jpg&quot;,&quot;1536&quot;:&quot;https:\\\/\\\/lastatic.ams3.cdn.digitaloceanspaces.com\\\/2026\\\/01\\\/pexels-andrew-hewitt-24040512-7595577-1536x864.jpg&quot;,&quot;500&quot;:&quot;https:\\\/\\\/lastatic.ams3.cdn.digitaloceanspaces.com\\\/2026\\\/01\\\/pexels-andrew-hewitt-24040512-7595577-500x281.jpg&quot;,&quot;800&quot;:&quot;https:\\\/\\\/lastatic.ams3.cdn.digitaloceanspaces.com\\\/2026\\\/01\\\/pexels-andrew-hewitt-24040512-7595577-800x450.jpg&quot;,&quot;2560&quot;:&quot;https:\\\/\\\/lastatic.ams3.cdn.digitaloceanspaces.com\\\/2026\\\/01\\\/pexels-andrew-hewitt-24040512-7595577-scaled.jpg&quot;}\" data-focuspoint=\"&quot;&quot;\" data-p=\"2493671\" href=\"https:\/\/www.la.lv\/sis-zodiaka-zimes-saskaras-ar-pagrieziena-punktu-dzive-tam-nekad-vairs-nebus-tada-ka-lidz-sim\" class=\"content-item lazy-load\" wp_automatic_readability=\"27\" rel=\"nofollow noopener\" target=\"_blank\"><\/p>\n<p>                                <img decoding=\"async\" src=\"\" alt=\"\" style=\"\" data-imageid=\"\"\/><\/p>\n<p>                                Kokteilis<\/p>\n<p>\n                                                \u0160\u012bs zodiaka z\u012bmes saskaras ar pagrieziena punktu: dz\u012bve t\u0101m nekad vairs neb\u016bs t\u0101da, k\u0101 l\u012bdz \u0161im\n                            <\/p>\n<p><\/a><br \/>\n        <a class=\"read-more\" href=\"https:\/\/www.la.lv\/top\" rel=\"nofollow noopener\" target=\"_blank\">Las\u012bt citas zi\u0146as<\/a><\/p>\n<p>K\u0101 zi\u0146o Dialog.ua, milit\u0101rais eksperts nosaucis karus, kuros Krievijai tie\u0161i ziema ir trauc\u0113jusi uzvar\u0113t. Vi\u0146apr\u0101t, ar\u012b tagad t\u0101 Krievijai nepal\u012bdz\u0113s.<\/p>\n<p>\u201cKrievija ziem\u0101 uzvar\u0113jusi tikai tajos gad\u012bjumos, kad pretinieks nebija sagatavots,\u201d uzsver eksperts. \u201cUkraina turas jau ne pirmo ziemu, un tas noz\u012bm\u0113 \u2013 m\u016bsu tauta iztur\u0113s ar\u012b n\u0101kamo. Stiprums un drosme pal\u012bdz\u0113s ukrai\u0146iem uzvar\u0113t ienaidnieku, kur\u0161 ir p\u0101r\u0101ks sp\u0113kos.\u201d<\/p>\n<p>    CITI \u0160OBR\u012aD LASA<\/p>\n<p>Lai uzmundrin\u0101tu ukrai\u0146us, Musijenko par to run\u0101ja vien\u0101 no saviem anal\u012btiskajiem video \u201cYouTube\u201d kan\u0101l\u0101.<\/p>\n<p>\u201cZelenskis nor\u0101d\u012bja, ka Krievijai aukstums nepal\u012bdz\u0113s. Un t\u0101 ar\u012b ir. Es veicu nelielu v\u0113sturisku ieskatu un varu apgalvot \u2013 Krievijai sals nekad nav pal\u012bdz\u0113jis. T\u0101 zaud\u0113ja Krievijas\u2013Jap\u0101nas kar\u0101 \u2013 sals nepal\u012bdz\u0113ja. T\u0101 zaud\u0113ja Krimas kar\u0101 \u2013 ziema nepal\u012bdz\u0113ja. T\u0101 zaud\u0113ja ar\u012b Pirmo pasaules karu un izst\u0101j\u0101s no t\u0101, pied\u0101v\u0101jot separ\u0101tu mieru V\u0101cijai, un ar\u012b tur sals nepal\u012bdz\u0113ja. \u0160\u0137ita, ka vi\u0146iem vajadz\u0113ja b\u016bt sagatavotiem un iztur\u012bgiem, bet \u2013 n\u0113,\u201d skaidro Musijenko.<\/p>\n<p>Vi\u0146\u0161 ar\u012b piev\u0113rsa uzman\u012bbu svar\u012bgam aspektam: \u201cKad Krievija uzvar\u0113ja ziemas karos, tas bija tikai t\u0101p\u0113c, ka pretinieks nebija gatavs: neizv\u0113rt\u0113ja situ\u0101ciju, nenov\u0113rt\u0113ja salu, pa\u013c\u0101v\u0101s uz citiem scen\u0101rijiem. V\u0101cie\u0161i cer\u0113ja uz ziben\u012bgu uzvaru pie Maskavas un nebija gatavi ziemot, t\u0101p\u0113c vi\u0146i zaud\u0113ja. Bet zaud\u0113ja ar\u012b t\u0101p\u0113c, ka ukrai\u0146u tauta tolaik iesaist\u012bj\u0101s c\u012b\u0146\u0101, k\u0101 j\u016bs, draugi, pareizi rakst\u0101t koment\u0101ros.<\/p>\n<p>Bez Ukrainas, iesp\u0113jams, tad ar\u012b neb\u016btu uzvaras. T\u0101p\u0113c j\u0101atceras \u2013 ziema nen\u0101ks Krievijai par labu. T\u0101 nostr\u0101d\u0101s pret vi\u0146iem, ja m\u0113s b\u016bsim iztur\u012bgi. Un tie\u0161i tas mums tagad visvair\u0101k ir vajadz\u012bgs.\u201d<\/p>\n<p>T\u0113mas<\/p>\n<p>    SAIST\u012aTIE RAKSTI<\/p>\n","protected":false},"excerpt":{"rendered":"FOTO: Scanpix\/AFP\/LETA 12:00, 14. janv\u0101ris 2026 Kam\u0113r Krem\u013ca propagandisti gadiem idealiz\u0113ju\u0161i Krievijas \u201ctrumpi\u201d \u2013 sp\u0113ju uzvar\u0113t aukstum\u0101 \u2013,&hellip;\n","protected":false},"author":2,"featured_media":104186,"comment_status":"","ping_status":"","sticky":false,"template":"","format":"standard","meta":{"footnotes":""},"categories":[14],"tags":[23,57,28,29,32,33,22,30,31,35,39,38,36,37,34,40,20,26,27,24,25,54,55,56,21,58],"class_list":{"0":"post-104185","1":"post","2":"type-post","3":"status-publish","4":"format-standard","5":"has-post-thumbnail","7":"category-zinas-no-arvalstim","8":"tag-aktualitates","9":"tag-arvalstim","10":"tag-breaking-news","11":"tag-breakingnews","12":"tag-featured-news","13":"tag-featurednews","14":"tag-headlines","15":"tag-latest-news","16":"tag-latestnews","17":"tag-latvia","18":"tag-latvian","19":"tag-latviesu","20":"tag-latviesu-valoda","21":"tag-latviesuvaloda","22":"tag-latvija","23":"tag-lv","24":"tag-news","25":"tag-popularakas-zinas","26":"tag-popularakaszinas","27":"tag-top-stories","28":"tag-topstories","29":"tag-world","30":"tag-world-news","31":"tag-worldnews","32":"tag-zinas","33":"tag-zinas-no-arvalstim"},"share_on_mastodon":{"url":"https:\/\/pubeurope.com\/@lv\/115893047382583192","error":""},"_links":{"self":[{"href":"https:\/\/www.europesays.com\/lv\/wp-json\/wp\/v2\/posts\/104185","targetHints":{"allow":["GET"]}}],"collection":[{"href":"https:\/\/www.europesays.com\/lv\/wp-json\/wp\/v2\/posts"}],"about":[{"href":"https:\/\/www.europesays.com\/lv\/wp-json\/wp\/v2\/types\/post"}],"author":[{"embeddable":true,"href":"https:\/\/www.europesays.com\/lv\/wp-json\/wp\/v2\/users\/2"}],"replies":[{"embeddable":true,"href":"https:\/\/www.europesays.com\/lv\/wp-json\/wp\/v2\/comments?post=104185"}],"version-history":[{"count":0,"href":"https:\/\/www.europesays.com\/lv\/wp-json\/wp\/v2\/posts\/104185\/revisions"}],"wp:featuredmedia":[{"embeddable":true,"href":"https:\/\/www.europesays.com\/lv\/wp-json\/wp\/v2\/media\/104186"}],"wp:attachment":[{"href":"https:\/\/www.europesays.com\/lv\/wp-json\/wp\/v2\/media?parent=104185"}],"wp:term":[{"taxonomy":"category","embeddable":true,"href":"https:\/\/www.europesays.com\/lv\/wp-json\/wp\/v2\/categories?post=104185"},{"taxonomy":"post_tag","embeddable":true,"href":"https:\/\/www.europesays.com\/lv\/wp-json\/wp\/v2\/tags?post=104185"}],"curies":[{"name":"wp","href":"https:\/\/api.w.org\/{rel}","templated":true}]}}