{"id":104187,"date":"2026-01-14T10:45:12","date_gmt":"2026-01-14T10:45:12","guid":{"rendered":"https:\/\/www.europesays.com\/lv\/104187\/"},"modified":"2026-01-14T10:45:12","modified_gmt":"2026-01-14T10:45:12","slug":"klusa-krize-rigas-civilaja-aizsardziba-par-kuru-neruna","status":"publish","type":"post","link":"https:\/\/www.europesays.com\/lv\/104187\/","title":{"rendered":"Klus\u0101 kr\u012bze R\u012bgas civilaj\u0101 aizsardz\u012bb\u0101, par kuru nerun\u0101"},"content":{"rendered":"<p>Kam\u0113r Eiropas dro\u0161\u012bbas dienesti br\u012bdina par iesp\u0113jamu konfliktu ar Krieviju tuv\u0101ko gadu laik\u0101, R\u012bgas civil\u0101 aizsardz\u012bba piedz\u012bvo klusu, bet \u013coti konkr\u0113tu kr\u012bzi. T\u0101 nav teor\u0113tiska \u2013 t\u0101 ir institucion\u0101la, person\u0101la un vad\u012bbas kr\u012bze, saist\u012bta ar konkr\u0113tiem cilv\u0113kiem un to l\u0113mumiem.<\/p>\n<p>Kop\u0161 politisko atbild\u012bbu par dro\u0161\u012bbu un k\u0101rt\u012bbu R\u012bg\u0101 uz\u0146\u0113musies Nacion\u0101l\u0101 apvien\u012bba (NA), civil\u0101s aizsardz\u012bbas sist\u0113ma s\u0101kusi buks\u0113t tik \u013coti, ka bija nepiecie\u0161ama tie\u0161a m\u0113ra iejauk\u0161an\u0101s, lai t\u0101 nesabruktu pavisam.<\/p>\n<p>Profesion\u0101\u013ci aiziet, sist\u0113ma plais\u0101<\/p>\n<p>Vasar\u0101, neilgi p\u0113c jaun\u0101s R\u012bgas domes koal\u012bcijas izveido\u0161anas, no amata aizg\u0101ja viens no vado\u0161ajiem civil\u0101s aizsardz\u012bbas ekspertiem valst\u012b \u2013 R\u012bgas Civil\u0101s aizsardz\u012bbas p\u0101rvaldes vad\u012bt\u0101js Gints Reinsons. N\u0101kamo se\u0161u m\u0113ne\u0161u laik\u0101 darbu pameta v\u0113l aptuveni puse p\u0101rvaldes darbinieku.<\/p>\n<p>\u0160\u0101ds profesion\u0101\u013cu aizpl\u016b\u0161anas apjoms R\u012bgas pa\u0161vald\u012bb\u0101 ir bezprecedenta. Tas nepalika nepaman\u012bts ar\u012b m\u0113ra biroj\u0101, kur k\u013cuva skaidrs, ka situ\u0101cija ir kritiska.<\/p>\n<p>P\u0113c nesekm\u012bgiem m\u0113\u0123in\u0101jumiem konkursa k\u0101rt\u012bb\u0101 atrast jaunu p\u0101rvaldes vad\u012bt\u0101ju, decembr\u012b par vad\u012bt\u0101ja pien\u0101kumu izpild\u012bt\u0101ju bez konkursa tika iecelts P\u0113teris Gr\u016bbe \u2013 biju\u0161ais R\u012bgas atbalsta centra Ukrainas civiliedz\u012bvot\u0101jiem vad\u012bt\u0101js. Z\u012bm\u012bgi, ka \u0161aj\u0101s pa\u0161vald\u012bbu v\u0113l\u0113\u0161an\u0101s vi\u0146\u0161 kandid\u0113ja no partijas &#8220;Progres\u012bvie&#8221; R\u012bgas saraksta \u2013 t\u0101tad ir m\u0113ra uztic\u012bbas persona.<\/p>\n<p>Tie, kuri p\u0101rzina NA kadru politiku t\u0101s p\u0101rraudz\u012bbas strukt\u016br\u0101s, saprot, cik netipisks un pat \u0101rk\u0101rt\u0113js ir \u0161\u0101ds solis. Tas skaidri par\u0101da situ\u0101cijas nopietn\u012bbu.<\/p>\n<p>Politisk\u0101 lojalit\u0101te pret ekspert\u012bzi<\/p>\n<p>Civil\u0101s aizsardz\u012bbas eksperti \u0161obr\u012bd ir \u013coti piepras\u012bti, un profesion\u0101laj\u0101 vid\u0113 inform\u0101cija izplat\u0101s raiti. Neviens nev\u0113las str\u0101d\u0101t toksiskos apst\u0101k\u013cos ar soci\u0101lajos t\u012bklos \u0101tru slavu alksto\u0161u politisko vad\u012bbu, kura foto mirk\u013ca d\u0113\u013c ir gatava iet br\u016bko\u0161\u0101 m\u0101j\u0101 un p\u0101rk\u0101pt av\u0101rijas dienestu nor\u0101des, bet nav gatava sistem\u0101tiskam neredzamajam darbam jomas att\u012bst\u012bbas lab\u0101.<\/p>\n<p>To spilgti ilustr\u0113 par civilo aizsardz\u012bbu R\u012bg\u0101 atbild\u012bg\u0101s komitejas vad\u012bt\u0101ja, NA deput\u0101ta \u0122irta Lapi\u0146a publiskie izteikumi. Piem\u0113ram, vi\u0146\u0161 ap\u0161aub\u012bjis 72 stundu somas j\u0113gu \u2013 pret\u0113ji Nacion\u0101lo bru\u0146oto sp\u0113ku un dro\u0161\u012bbas ekspertu rekomend\u0101cij\u0101m. Priek\u0161v\u0113l\u0113\u0161anu laik\u0101 vi\u0146\u0161 asi kritiz\u0113ja civil\u0101s aizsardz\u012bbas praktiskos semin\u0101rus R\u012bgas apkaim\u0113s, bet v\u0113l\u0101k pats nesm\u0101d\u0113ja piedal\u012bties tajos ar uzrunu.<\/p>\n<p>Tikm\u0113r Latvijas Strat\u0113\u0123ijas un ekonomikas risin\u0101jumu instit\u016bta &#8220;LaSER&#8221; secin\u0101jumi ir nep\u0101rprotami \u2013 iedz\u012bvot\u0101ju sagatavot\u012bba kr\u012bz\u0113m Latvij\u0101 ir \u013coti zema, un viens no efekt\u012bv\u0101kajiem risin\u0101jumiem ir tie\u0161i regul\u0101ras praktiskas m\u0101c\u012bbas. Vai R\u012bga t\u0101s turpin\u0101s? Tas \u0161obr\u012bd nav skaidrs.<\/p>\n<p>R\u012bgas civil\u0101 aizsardz\u012bba bez 24\/7<\/p>\n<p>P\u0113rn R\u012bgas vienotais zvanu centrs 1201 tika p\u0101rcelts no Civil\u0101s aizsardz\u012bbas p\u0101rvaldes uz R\u012bgas Apkaimju iedz\u012bvot\u0101ju centru. T\u0101 bija neliela organizatoriska izmai\u0146a, ta\u010du t\u0101s sekas izr\u0101d\u012bj\u0101s b\u016btiskas. Gada nogal\u0113 no Civil\u0101s aizsardz\u012bbas p\u0101rvaldes reglamenta iz\u0146emta pras\u012bba nodro\u0161in\u0101t rea\u0123\u0113\u0161anu 24\/7 re\u017e\u012bm\u0101.<\/p>\n<p>Tas ir \u013coti netipiski iest\u0101dei, kuras nosaukum\u0101 un funkcij\u0101s ir civil\u0101 aizsardz\u012bba un katastrofu p\u0101rvald\u012bba. Realit\u0101te paliek nemain\u012bga \u2013 \u0113kas var sabrukt ar\u012b nakt\u012b, spr\u0101dzieni nenotiek tikai darba laik\u0101 un droni nelido p\u0113c biroja grafika.<\/p>\n<p>\u0160obr\u012bd reglament\u0101 paredz\u0113ts, ka rea\u0123\u0113\u0161ana \u0101rpus darba laika ir br\u012bvpr\u0101t\u012bga un atkar\u012bga no darbinieku person\u012bg\u0101s gatav\u012bbas ziedot savu naktsmieru. Kr\u012bzes gad\u012bjum\u0101 tas noz\u012bm\u0113 cer\u012bbu uz pa\u0161aizliedz\u012bbu, nevis sist\u0113mu.<\/p>\n<p>Praktiski tas var noz\u012bm\u0113t ar\u012b to, ka kr\u012bzes vad\u012bbu atkal uz\u0146emsies politi\u0137i, nevis eksperti \u2013 l\u012bdz\u012bgi k\u0101 tas bija pirms Civil\u0101s aizsardz\u012bbas p\u0101rvaldes izveido\u0161anas. Tie\u0161i no \u0161\u0101das situ\u0101cijas R\u012bga cent\u0101s aiziet. Atgrie\u0161an\u0101s pie \u0161\u0101da mode\u013ca ir solis atpaka\u013c laik\u0101.<\/p>\n<p>Miljoni ir, rezult\u0101tu nav<\/p>\n<p>Par sp\u012bti \u0161\u0101 br\u012b\u017ea v\u0101jumam, civilajai aizsardz\u012bbai R\u012bg\u0101 ir pieejami iev\u0113rojami finan\u0161u resursi. Pag\u0101ju\u0161\u0101 gada bud\u017eet\u0101 patvert\u0146u labiek\u0101rto\u0161anai tika novirz\u012bti 1,5 miljoni eiro. Papildus tam vald\u012bba 2025. gada pirmaj\u0101 pus\u0113 pie\u0161\u0137\u012bra R\u012bgai 5,7 miljonus eiro no Eiropas Re\u0123ion\u0101l\u0101s att\u012bst\u012bbas fonda. Jaunaj\u0101 RD bud\u017eet\u0101 ir rasts ar\u012b nepiecie\u0161amais pa\u0161vald\u012bbas l\u012bdzfinans\u0113jums. Kopum\u0101 m\u016bsu r\u012bc\u012bb\u0101 tagad ir vair\u0101k nek\u0101 11 miljoni eiro.<\/p>\n<p>Ta\u010du ar invest\u0113\u0161anu re\u0101los objektos sokas v\u0101ji. Lai gan R\u012bgas domes \u012apa\u0161umu departament\u0101 jau no 2025. gada s\u0101kuma tika izveidotas \u010detras jaunas \u0161tata vietas patvert\u0146u projektu \u012bsteno\u0161anai, l\u012bdz \u0161im nav atkl\u0101ta neviena atjaunota patvertne, pat ne no augstas gatav\u012bbas projektiem.<\/p>\n<p>Svar\u012bgi atg\u0101din\u0101t \u2013 par patvert\u0146u b\u016bvprojektiem un remontiem neatbild Civil\u0101s aizsardz\u012bbas p\u0101rvalde, bet gan \u012apa\u0161umu departaments, kas jau vair\u0101k nek\u0101 piecus gadus atrodas NA politiskaj\u0101 p\u0101rraudz\u012bb\u0101. Neskatoties uz NA publiskiem pazi\u0146ojumiem par nepietiekamu r\u012bc\u012bbu, pa\u0161vald\u012bbas pie\u0161\u0137irtais finans\u0113jums b\u016bvniec\u012bbas iecer\u0113m nav pilnv\u0113rt\u012bgi izmantots ne 2024., ne 2025. gad\u0101.<\/p>\n<p>V\u0113l nav par v\u0113lu<\/p>\n<p>Par sp\u012bti visam, situ\u0101cija nav bezcer\u012bga. Kop\u0161 R\u012bgas Civil\u0101s aizsardz\u012bbas p\u0101rvaldes izveides 2023. gad\u0101 ir izdar\u012bts daudz \u2013 izveidotas materi\u0101ltehnisk\u0101s rezerves un noliktavu t\u012bkls, ieviesta darb\u012bbas nep\u0101rtraukt\u012bba pa\u0161vald\u012bb\u0101, test\u0113ti evaku\u0101cijas scen\u0101riji, izveidots vienotais zvanu centrs, att\u012bst\u012bta sadarb\u012bba ar Ukrainu, Izra\u0113lu, valsts instit\u016bcij\u0101m un NVO.<\/p>\n<p>T\u016bksto\u0161iem r\u012bdzinieku ir noklaus\u012bju\u0161ies civil\u0101s aizsardz\u012bbas semin\u0101rus un sav\u0101s \u0123imen\u0113s p\u0101rrun\u0101ju\u0161i r\u012bc\u012bbu \u0101rk\u0101rtas situ\u0101cij\u0101s. \u0160\u012b b\u0101ze past\u0101v. Ta\u010du tai nepiecie\u0161ama ener\u0123iska, profesion\u0101la un atbild\u012bga politisk\u0101 vad\u012bba.<\/p>\n<p>Civil\u0101 aizsardz\u012bba nav joma, kur\u0101 var at\u013cauties politiskus eksperimentus. K\u013c\u016bdu cena \u0161eit ir cilv\u0113ku dro\u0161\u012bba.<\/p>\n<p>Ja \u0161\u012b klus\u0101 kr\u012bze ieg\u016bs sabiedr\u012bbas uzman\u012bbu un atbild\u012bgie sp\u0113s sa\u0146emties, R\u012bgai v\u0113l ir iesp\u0113ja stiprin\u0101t savu notur\u012bbu. P\u0113c pie\u0161\u0137irt\u0101 finans\u0113juma 2026. gadam b\u016btu j\u0101k\u013c\u016bst par pav\u0113rsiena punktu \u2013 dro\u0161\u0101ku un jaud\u012bg\u0101ku gan galvaspils\u0113tai, gan ikvienam t\u0101s iedz\u012bvot\u0101jam.<\/p>\n<p>Katr\u0101 gad\u012bjum\u0101 es k\u0101 R\u012bgas domes deput\u0101te un r\u012bdziniece turpin\u0101\u0161u sekot l\u012bdzi m\u016bsu galvaspils\u0113tas dro\u0161\u012bbai un nekautr\u0113\u0161os celt trauksmi, ja t\u0101 b\u016bs apdraud\u0113ta. Civil\u0101 aizsardz\u012bba nav joma, kur\u0101 k\u013c\u016bdas var labot p\u0113c tam.<\/p>\n<p class=\"m-0\">Seko &#8220;Delfi&#8221; ar\u012b  <a target=\"_blank\" href=\"https:\/\/www.instagram.com\/delfi.lv\/\" rel=\"nofollow noopener\">Instagram<\/a>  un <a target=\"_blank\" href=\"https:\/\/www.youtube.com\/channel\/UCw5foWtcJvAbUm64rv7jwUQ\" rel=\"nofollow noopener\">YouTube<\/a>  profil\u0101 \u2013 pievienojies, lai uzzin\u0101tu svar\u012bg\u0101ko un interesant\u0101ko pirmais!<\/p>\n<p>Publik\u0101cijas saturs vai t\u0101s jebk\u0101da apjoma da\u013ca ir aizsarg\u0101ts autorties\u012bbu objekts Autorties\u012bbu likuma izpratn\u0113, un t\u0101 izmanto\u0161ana bez izdev\u0113ja at\u013caujas ir aizliegta. Vair\u0101k lasi  <a target=\"_blank\" href=\"https:\/\/www.delfi.lv\/noteikumi#autortiesibas\" rel=\"nofollow noopener\">\u0161eit<\/a><script async src=\"\/\/www.instagram.com\/embed.js\"><\/script><\/p>\n","protected":false},"excerpt":{"rendered":"Kam\u0113r Eiropas dro\u0161\u012bbas dienesti br\u012bdina par iesp\u0113jamu konfliktu ar Krieviju tuv\u0101ko gadu laik\u0101, R\u012bgas civil\u0101 aizsardz\u012bba piedz\u012bvo klusu,&hellip;\n","protected":false},"author":2,"featured_media":104188,"comment_status":"","ping_status":"","sticky":false,"template":"","format":"standard","meta":{"footnotes":""},"categories":[12],"tags":[23,28,29,32,33,22,30,31,35,39,38,36,37,34,25083,40,2607,20,2224,26,27,24,25,21],"class_list":{"0":"post-104187","1":"post","2":"type-post","3":"status-publish","4":"format-standard","5":"has-post-thumbnail","7":"category-latvija","8":"tag-aktualitates","9":"tag-breaking-news","10":"tag-breakingnews","11":"tag-featured-news","12":"tag-featurednews","13":"tag-headlines","14":"tag-latest-news","15":"tag-latestnews","16":"tag-latvia","17":"tag-latvian","18":"tag-latviesu","19":"tag-latviesu-valoda","20":"tag-latviesuvaloda","21":"tag-latvija","22":"tag-linda-ozola","23":"tag-lv","24":"tag-nacionala-apvieniba","25":"tag-news","26":"tag-partija-progresivie","27":"tag-popularakas-zinas","28":"tag-popularakaszinas","29":"tag-top-stories","30":"tag-topstories","31":"tag-zinas"},"share_on_mastodon":{"url":"https:\/\/pubeurope.com\/@lv\/115893051333304885","error":""},"_links":{"self":[{"href":"https:\/\/www.europesays.com\/lv\/wp-json\/wp\/v2\/posts\/104187","targetHints":{"allow":["GET"]}}],"collection":[{"href":"https:\/\/www.europesays.com\/lv\/wp-json\/wp\/v2\/posts"}],"about":[{"href":"https:\/\/www.europesays.com\/lv\/wp-json\/wp\/v2\/types\/post"}],"author":[{"embeddable":true,"href":"https:\/\/www.europesays.com\/lv\/wp-json\/wp\/v2\/users\/2"}],"replies":[{"embeddable":true,"href":"https:\/\/www.europesays.com\/lv\/wp-json\/wp\/v2\/comments?post=104187"}],"version-history":[{"count":0,"href":"https:\/\/www.europesays.com\/lv\/wp-json\/wp\/v2\/posts\/104187\/revisions"}],"wp:featuredmedia":[{"embeddable":true,"href":"https:\/\/www.europesays.com\/lv\/wp-json\/wp\/v2\/media\/104188"}],"wp:attachment":[{"href":"https:\/\/www.europesays.com\/lv\/wp-json\/wp\/v2\/media?parent=104187"}],"wp:term":[{"taxonomy":"category","embeddable":true,"href":"https:\/\/www.europesays.com\/lv\/wp-json\/wp\/v2\/categories?post=104187"},{"taxonomy":"post_tag","embeddable":true,"href":"https:\/\/www.europesays.com\/lv\/wp-json\/wp\/v2\/tags?post=104187"}],"curies":[{"name":"wp","href":"https:\/\/api.w.org\/{rel}","templated":true}]}}